{"id":11240,"date":"2024-03-08T09:24:20","date_gmt":"2024-03-08T08:24:20","guid":{"rendered":"https:\/\/kloepfel.sempre-diritto.de\/2024\/03\/08\/zumtobel-standkonzept-light-building-ausgezeichnet\/"},"modified":"2025-08-27T11:24:20","modified_gmt":"2025-08-27T09:24:20","slug":"zumtobel-stand-concept-honoured-for-light-building","status":"publish","type":"post","link":"https:\/\/kloepfel-consulting.com\/en\/supply-chain-news\/zumtobel-standkonzept-light-building-ausgezeichnet-11240\/","title":{"rendered":"Zumtobel: Stand concept at Light + Building honoured"},"content":{"rendered":"<h2>Sustainable Exhibition Stand Award for Vorarlberg lighting group<\/h2>\n<p>The <a href=\"https:\/\/kloepfel-consulting.com\/en\/supply-chain-news\/supply-chain\/zumtobel-ecovadis-goldmedaille-6320562\/\" rel=\"noopener\" target=\"_blank\">Zumtobel Group<\/a> was honoured for its exhibition stand at this year's Light + Building. The Vorarlberg-based lighting company received the Designplus Award in the \u201eSustainable Exhibition Stand\u201c category. <\/p>\n<p>As the company writes in its press release, its stand concept embodies aspects of the <strong>Sustainability<\/strong> and combine these with lightness in the architecture.<\/p>\n<h3>Designplus Award - 11 winners<\/h3>\n<p>The Designplus Award was presented on Sunday, the first day of the Light + Building trade fair. This year, the award was presented in the following four categories: Light + Creation PLUS, Sustainability + Efficiency PLUS, Smart + Connectivity PLUS and the new Sustainable Exhibition Stand category. There were 11 winners in total, five in the Sustainable Exhibition Stand category alone.<\/p>\n<p>With the new category introduced this year, Messe Frankfurt is showing its commitment to supporting <em>sustainable events<\/em>.<\/p>\n<p>\u201eAs the world's leading trade fair, Light + Building promotes the development of key topics in the lighting industry, including the need for greater sustainability. We are delighted to reflect this focus with our stand concept and our products, among other things. And we are all the more pleased that our sustainably designed concept was honoured in the special category \u201aSustainable Exhibition Stand\u2018,\u201c explains Alfred Felder, CEO of the Zumtobel Group.<\/p>","protected":false},"excerpt":{"rendered":"<p>Sustainable Exhibition Stand-Award f\u00fcr Vorarlberger Lichtkonzern Die Zumtobel Group wurde f\u00fcr ihren Messestand auf der diesj\u00e4hrigen Light + Building ausgezeichnet. Der Vorarlberger Lichtkonzern erhielt den Designplus Award in der Kategorie \u201eSustainable Exhibition Stand\u201c. Wie das Unternehmen in seiner Pressemitteilung schreibt, verk\u00f6rpere sein Standkonzept Aspekte der Nachhaltigkeit und kombiniere diese mit Leichtigkeit in der Architektur. Designplus [&hellip;]<\/p>\n","protected":false},"author":1,"featured_media":11241,"comment_status":"open","ping_status":"open","sticky":false,"template":"","format":"standard","meta":{"_acf_changed":false,"footnotes":""},"categories":[88],"tags":[],"referenzkategorie":[],"class_list":["post-11240","post","type-post","status-publish","format-standard","has-post-thumbnail","hentry","category-supply-chain-news"],"acf":[],"yoast_head":"<!-- This site is optimized with the Yoast SEO Premium plugin v27.5 (Yoast SEO v27.5) - https:\/\/yoast.com\/product\/yoast-seo-premium-wordpress\/ -->\n<title>Zumtobel: Standkonzept auf der Light + Building ausgezeichnet<\/title>\n<meta name=\"description\" content=\"Die Zumtobel Group wurde f\u00fcr ihren Messestand auf der diesj\u00e4hrigen Light + Building ausgezeichnet. Der Vorarlberger Lichtkonzern erhielt den\" \/>\n<meta name=\"robots\" content=\"index, follow, max-snippet:-1, max-image-preview:large, max-video-preview:-1\" \/>\n<link rel=\"canonical\" href=\"https:\/\/kloepfel-consulting.com\/en\/supply-chain-news\/zumtobel-stand-concept-light-building-awarded-11240\/\" \/>\n<meta property=\"og:locale\" content=\"en_GB\" \/>\n<meta property=\"og:type\" content=\"article\" \/>\n<meta property=\"og:title\" content=\"Zumtobel: Standkonzept auf der Light + Building ausgezeichnet\" \/>\n<meta property=\"og:description\" content=\"Die Zumtobel Group wurde f\u00fcr ihren Messestand auf der diesj\u00e4hrigen Light + Building ausgezeichnet. Der Vorarlberger Lichtkonzern erhielt den Designplus Award in der Kategorie \u201eSustainable Exhibition Stand\u201c.\" \/>\n<meta property=\"og:url\" content=\"https:\/\/kloepfel-consulting.com\/en\/supply-chain-news\/zumtobel-stand-concept-light-building-awarded-11240\/\" \/>\n<meta property=\"og:site_name\" content=\"KLOEPFEL by EPSA\" \/>\n<meta property=\"article:publisher\" content=\"https:\/\/www.facebook.com\/KloepfelGroup\" \/>\n<meta property=\"article:published_time\" content=\"2024-03-08T08:24:20+00:00\" \/>\n<meta property=\"article:modified_time\" content=\"2025-08-27T09:24:20+00:00\" \/>\n<meta property=\"og:image\" content=\"https:\/\/kloepfel-consulting.com\/wp-content\/uploads\/2025\/07\/kloepfelgroup.webp\" \/>\n\t<meta property=\"og:image:width\" content=\"2200\" \/>\n\t<meta property=\"og:image:height\" content=\"1608\" \/>\n\t<meta property=\"og:image:type\" content=\"image\/webp\" \/>\n<meta name=\"author\" content=\"semprediritto\" \/>\n<meta name=\"twitter:card\" content=\"summary_large_image\" \/>\n<meta name=\"twitter:title\" content=\"Zumtobel: Preisgekr\u00f6nter Messestand auf Light + Building\" \/>\n<meta name=\"twitter:description\" content=\"Erfahren Sie mehr \u00fcber den ausgezeichneten Messestand von Zumtobel!\" \/>\n<meta name=\"twitter:label1\" content=\"Written by\" \/>\n\t<meta name=\"twitter:data1\" content=\"semprediritto\" \/>\n\t<meta name=\"twitter:label2\" content=\"Estimated reading time\" \/>\n\t<meta name=\"twitter:data2\" content=\"2 minutes\" \/>\n<script type=\"application\/ld+json\" class=\"yoast-schema-graph\">{\"@context\":\"https:\\\/\\\/schema.org\",\"@graph\":[{\"@type\":\"Article\",\"@id\":\"https:\\\/\\\/kloepfel-consulting.com\\\/supply-chain-news\\\/zumtobel-standkonzept-light-building-ausgezeichnet-11240\\\/#article\",\"isPartOf\":{\"@id\":\"https:\\\/\\\/kloepfel-consulting.com\\\/supply-chain-news\\\/zumtobel-standkonzept-light-building-ausgezeichnet-11240\\\/\"},\"author\":{\"name\":\"semprediritto\",\"@id\":\"https:\\\/\\\/kloepfel-consulting.com\\\/#\\\/schema\\\/person\\\/2691163984d9670e417622b00a4c0f26\"},\"headline\":\"Zumtobel: Standkonzept auf der Light + Building ausgezeichnet\",\"datePublished\":\"2024-03-08T08:24:20+00:00\",\"dateModified\":\"2025-08-27T09:24:20+00:00\",\"mainEntityOfPage\":{\"@id\":\"https:\\\/\\\/kloepfel-consulting.com\\\/supply-chain-news\\\/zumtobel-standkonzept-light-building-ausgezeichnet-11240\\\/\"},\"wordCount\":208,\"commentCount\":0,\"publisher\":{\"@id\":\"https:\\\/\\\/kloepfel-consulting.com\\\/#organization\"},\"image\":{\"@id\":\"https:\\\/\\\/kloepfel-consulting.com\\\/supply-chain-news\\\/zumtobel-standkonzept-light-building-ausgezeichnet-11240\\\/#primaryimage\"},\"thumbnailUrl\":\"https:\\\/\\\/kloepfel-consulting.com\\\/wp-content\\\/uploads\\\/2025\\\/08\\\/Light-Building-lb-2024-hero-workandliving-scaled-1.jpg\",\"articleSection\":[\"Supply Chain News\"],\"inLanguage\":\"en-GB\",\"potentialAction\":[{\"@type\":\"CommentAction\",\"name\":\"Comment\",\"target\":[\"https:\\\/\\\/kloepfel-consulting.com\\\/supply-chain-news\\\/zumtobel-standkonzept-light-building-ausgezeichnet-11240\\\/#respond\"]}],\"copyrightYear\":\"2024\",\"copyrightHolder\":{\"@id\":\"https:\\\/\\\/kloepfel-consulting.com\\\/en\\\/#organization\"}},{\"@type\":\"WebPage\",\"@id\":\"https:\\\/\\\/kloepfel-consulting.com\\\/supply-chain-news\\\/zumtobel-standkonzept-light-building-ausgezeichnet-11240\\\/\",\"url\":\"https:\\\/\\\/kloepfel-consulting.com\\\/supply-chain-news\\\/zumtobel-standkonzept-light-building-ausgezeichnet-11240\\\/\",\"name\":\"Zumtobel: Standkonzept auf der Light + Building ausgezeichnet\",\"isPartOf\":{\"@id\":\"https:\\\/\\\/kloepfel-consulting.com\\\/#website\"},\"primaryImageOfPage\":{\"@id\":\"https:\\\/\\\/kloepfel-consulting.com\\\/supply-chain-news\\\/zumtobel-standkonzept-light-building-ausgezeichnet-11240\\\/#primaryimage\"},\"image\":{\"@id\":\"https:\\\/\\\/kloepfel-consulting.com\\\/supply-chain-news\\\/zumtobel-standkonzept-light-building-ausgezeichnet-11240\\\/#primaryimage\"},\"thumbnailUrl\":\"https:\\\/\\\/kloepfel-consulting.com\\\/wp-content\\\/uploads\\\/2025\\\/08\\\/Light-Building-lb-2024-hero-workandliving-scaled-1.jpg\",\"datePublished\":\"2024-03-08T08:24:20+00:00\",\"dateModified\":\"2025-08-27T09:24:20+00:00\",\"description\":\"Die Zumtobel Group wurde f\u00fcr ihren Messestand auf der diesj\u00e4hrigen Light + Building ausgezeichnet. Der Vorarlberger Lichtkonzern erhielt den\",\"breadcrumb\":{\"@id\":\"https:\\\/\\\/kloepfel-consulting.com\\\/supply-chain-news\\\/zumtobel-standkonzept-light-building-ausgezeichnet-11240\\\/#breadcrumb\"},\"inLanguage\":\"en-GB\",\"potentialAction\":[{\"@type\":\"ReadAction\",\"target\":[\"https:\\\/\\\/kloepfel-consulting.com\\\/supply-chain-news\\\/zumtobel-standkonzept-light-building-ausgezeichnet-11240\\\/\"]}]},{\"@type\":\"ImageObject\",\"inLanguage\":\"en-GB\",\"@id\":\"https:\\\/\\\/kloepfel-consulting.com\\\/supply-chain-news\\\/zumtobel-standkonzept-light-building-ausgezeichnet-11240\\\/#primaryimage\",\"url\":\"https:\\\/\\\/kloepfel-consulting.com\\\/wp-content\\\/uploads\\\/2025\\\/08\\\/Light-Building-lb-2024-hero-workandliving-scaled-1.jpg\",\"contentUrl\":\"https:\\\/\\\/kloepfel-consulting.com\\\/wp-content\\\/uploads\\\/2025\\\/08\\\/Light-Building-lb-2024-hero-workandliving-scaled-1.jpg\",\"width\":2560,\"height\":1440,\"caption\":\"Moderne Lichtinstallationen mit gelben Lichtakzenten.\"},{\"@type\":\"BreadcrumbList\",\"@id\":\"https:\\\/\\\/kloepfel-consulting.com\\\/supply-chain-news\\\/zumtobel-standkonzept-light-building-ausgezeichnet-11240\\\/#breadcrumb\",\"itemListElement\":[{\"@type\":\"ListItem\",\"position\":1,\"name\":\"Startseite\",\"item\":\"https:\\\/\\\/kloepfel-consulting.com\\\/\"},{\"@type\":\"ListItem\",\"position\":2,\"name\":\"Logistikoptimierung\",\"item\":\"https:\\\/\\\/kloepfel-consulting.com\\\/zuordnung-landingpage\\\/logistikoptimierung\\\/\"},{\"@type\":\"ListItem\",\"position\":3,\"name\":\"Zumtobel: Standkonzept auf der Light + Building ausgezeichnet\"}]},{\"@type\":\"WebSite\",\"@id\":\"https:\\\/\\\/kloepfel-consulting.com\\\/#website\",\"url\":\"https:\\\/\\\/kloepfel-consulting.com\\\/\",\"name\":\"KLOEPFEL by EPSA\",\"description\":\"\",\"publisher\":{\"@id\":\"https:\\\/\\\/kloepfel-consulting.com\\\/#organization\"},\"alternateName\":\"KLOEPFELbyEPSA\",\"potentialAction\":[{\"@type\":\"SearchAction\",\"target\":{\"@type\":\"EntryPoint\",\"urlTemplate\":\"https:\\\/\\\/kloepfel-consulting.com\\\/?s={search_term_string}\"},\"query-input\":{\"@type\":\"PropertyValueSpecification\",\"valueRequired\":true,\"valueName\":\"search_term_string\"}}],\"inLanguage\":\"en-GB\"},{\"@type\":\"Organization\",\"@id\":\"https:\\\/\\\/kloepfel-consulting.com\\\/#organization\",\"name\":\"KLOEPFEL by EPSA\",\"alternateName\":\"KLOEPFELbyEPSA\",\"url\":\"https:\\\/\\\/kloepfel-consulting.com\\\/\",\"logo\":{\"@type\":\"ImageObject\",\"inLanguage\":\"en-GB\",\"@id\":\"https:\\\/\\\/kloepfel-consulting.com\\\/#\\\/schema\\\/logo\\\/image\\\/\",\"url\":\"https:\\\/\\\/kloepfel-consulting.com\\\/wp-content\\\/uploads\\\/2025\\\/04\\\/logo.webp\",\"contentUrl\":\"https:\\\/\\\/kloepfel-consulting.com\\\/wp-content\\\/uploads\\\/2025\\\/04\\\/logo.webp\",\"width\":616,\"height\":284,\"caption\":\"KLOEPFEL by EPSA\"},\"image\":{\"@id\":\"https:\\\/\\\/kloepfel-consulting.com\\\/#\\\/schema\\\/logo\\\/image\\\/\"},\"sameAs\":[\"https:\\\/\\\/www.facebook.com\\\/KloepfelGroup\",\"https:\\\/\\\/www.linkedin.com\\\/company\\\/kloepfel-consulting-gmbh\",\"https:\\\/\\\/www.instagram.com\\\/kloepfel_by_epsa\\\/\"],\"description\":\"Einkaufsberatung f\u00fcr Einkauf, Logistik und Supply Chain\",\"email\":\"info@kloepfel-consulting.com\",\"telephone\":\"+4921194198433\",\"legalName\":\"Kloepfel Consulting GmbH\",\"foundingDate\":\"2007-02-01\",\"vatID\":\"DE254132249\",\"numberOfEmployees\":{\"@type\":\"QuantitativeValue\",\"minValue\":\"51\",\"maxValue\":\"200\"}},{\"@type\":\"Person\",\"@id\":\"https:\\\/\\\/kloepfel-consulting.com\\\/#\\\/schema\\\/person\\\/2691163984d9670e417622b00a4c0f26\",\"name\":\"semprediritto\",\"image\":{\"@type\":\"ImageObject\",\"inLanguage\":\"en-GB\",\"@id\":\"https:\\\/\\\/secure.gravatar.com\\\/avatar\\\/878f3ddb8fa2117ffa32d8a3152e4368517da61e3b89dd9bbfe39501477bf1f1?s=96&d=mm&r=g\",\"url\":\"https:\\\/\\\/secure.gravatar.com\\\/avatar\\\/878f3ddb8fa2117ffa32d8a3152e4368517da61e3b89dd9bbfe39501477bf1f1?s=96&d=mm&r=g\",\"contentUrl\":\"https:\\\/\\\/secure.gravatar.com\\\/avatar\\\/878f3ddb8fa2117ffa32d8a3152e4368517da61e3b89dd9bbfe39501477bf1f1?s=96&d=mm&r=g\",\"caption\":\"semprediritto\"},\"sameAs\":[\"https:\\\/\\\/kloepfel.sempre-diritto.de\"]}]}<\/script>\n<!-- \/ Yoast SEO Premium plugin. -->","yoast_head_json":{"title":"Zumtobel: Stand concept at Light + Building honoured","description":"The Zumtobel Group was honoured for its exhibition stand at this year's Light + Building. The Vorarlberg-based lighting company received the","robots":{"index":"index","follow":"follow","max-snippet":"max-snippet:-1","max-image-preview":"max-image-preview:large","max-video-preview":"max-video-preview:-1"},"canonical":"https:\/\/kloepfel-consulting.com\/en\/supply-chain-news\/zumtobel-stand-concept-light-building-awarded-11240\/","og_locale":"en_GB","og_type":"article","og_title":"Zumtobel: Standkonzept auf der Light + Building ausgezeichnet","og_description":"Die Zumtobel Group wurde f\u00fcr ihren Messestand auf der diesj\u00e4hrigen Light + Building ausgezeichnet. Der Vorarlberger Lichtkonzern erhielt den Designplus Award in der Kategorie \u201eSustainable Exhibition Stand\u201c.","og_url":"https:\/\/kloepfel-consulting.com\/en\/supply-chain-news\/zumtobel-stand-concept-light-building-awarded-11240\/","og_site_name":"KLOEPFEL by EPSA","article_publisher":"https:\/\/www.facebook.com\/KloepfelGroup","article_published_time":"2024-03-08T08:24:20+00:00","article_modified_time":"2025-08-27T09:24:20+00:00","og_image":[{"width":2200,"height":1608,"url":"https:\/\/kloepfel-consulting.com\/wp-content\/uploads\/2025\/07\/kloepfelgroup.webp","type":"image\/webp"}],"author":"semprediritto","twitter_card":"summary_large_image","twitter_title":"Zumtobel: Preisgekr\u00f6nter Messestand auf Light + Building","twitter_description":"Erfahren Sie mehr \u00fcber den ausgezeichneten Messestand von Zumtobel!","twitter_misc":{"Written by":"semprediritto","Estimated reading time":"2 minutes"},"schema":{"@context":"https:\/\/schema.org","@graph":[{"@type":"Article","@id":"https:\/\/kloepfel-consulting.com\/supply-chain-news\/zumtobel-standkonzept-light-building-ausgezeichnet-11240\/#article","isPartOf":{"@id":"https:\/\/kloepfel-consulting.com\/supply-chain-news\/zumtobel-standkonzept-light-building-ausgezeichnet-11240\/"},"author":{"name":"semprediritto","@id":"https:\/\/kloepfel-consulting.com\/#\/schema\/person\/2691163984d9670e417622b00a4c0f26"},"headline":"Zumtobel: Standkonzept auf der Light + Building ausgezeichnet","datePublished":"2024-03-08T08:24:20+00:00","dateModified":"2025-08-27T09:24:20+00:00","mainEntityOfPage":{"@id":"https:\/\/kloepfel-consulting.com\/supply-chain-news\/zumtobel-standkonzept-light-building-ausgezeichnet-11240\/"},"wordCount":208,"commentCount":0,"publisher":{"@id":"https:\/\/kloepfel-consulting.com\/#organization"},"image":{"@id":"https:\/\/kloepfel-consulting.com\/supply-chain-news\/zumtobel-standkonzept-light-building-ausgezeichnet-11240\/#primaryimage"},"thumbnailUrl":"https:\/\/kloepfel-consulting.com\/wp-content\/uploads\/2025\/08\/Light-Building-lb-2024-hero-workandliving-scaled-1.jpg","articleSection":["Supply Chain News"],"inLanguage":"en-GB","potentialAction":[{"@type":"CommentAction","name":"Comment","target":["https:\/\/kloepfel-consulting.com\/supply-chain-news\/zumtobel-standkonzept-light-building-ausgezeichnet-11240\/#respond"]}],"copyrightYear":"2024","copyrightHolder":{"@id":"https:\/\/kloepfel-consulting.com\/en\/#organization"}},{"@type":"WebPage","@id":"https:\/\/kloepfel-consulting.com\/supply-chain-news\/zumtobel-standkonzept-light-building-ausgezeichnet-11240\/","url":"https:\/\/kloepfel-consulting.com\/supply-chain-news\/zumtobel-standkonzept-light-building-ausgezeichnet-11240\/","name":"Zumtobel: Stand concept at Light + Building honoured","isPartOf":{"@id":"https:\/\/kloepfel-consulting.com\/#website"},"primaryImageOfPage":{"@id":"https:\/\/kloepfel-consulting.com\/supply-chain-news\/zumtobel-standkonzept-light-building-ausgezeichnet-11240\/#primaryimage"},"image":{"@id":"https:\/\/kloepfel-consulting.com\/supply-chain-news\/zumtobel-standkonzept-light-building-ausgezeichnet-11240\/#primaryimage"},"thumbnailUrl":"https:\/\/kloepfel-consulting.com\/wp-content\/uploads\/2025\/08\/Light-Building-lb-2024-hero-workandliving-scaled-1.jpg","datePublished":"2024-03-08T08:24:20+00:00","dateModified":"2025-08-27T09:24:20+00:00","description":"The Zumtobel Group was honoured for its exhibition stand at this year's Light + Building. The Vorarlberg-based lighting company received the","breadcrumb":{"@id":"https:\/\/kloepfel-consulting.com\/supply-chain-news\/zumtobel-standkonzept-light-building-ausgezeichnet-11240\/#breadcrumb"},"inLanguage":"en-GB","potentialAction":[{"@type":"ReadAction","target":["https:\/\/kloepfel-consulting.com\/supply-chain-news\/zumtobel-standkonzept-light-building-ausgezeichnet-11240\/"]}]},{"@type":"ImageObject","inLanguage":"en-GB","@id":"https:\/\/kloepfel-consulting.com\/supply-chain-news\/zumtobel-standkonzept-light-building-ausgezeichnet-11240\/#primaryimage","url":"https:\/\/kloepfel-consulting.com\/wp-content\/uploads\/2025\/08\/Light-Building-lb-2024-hero-workandliving-scaled-1.jpg","contentUrl":"https:\/\/kloepfel-consulting.com\/wp-content\/uploads\/2025\/08\/Light-Building-lb-2024-hero-workandliving-scaled-1.jpg","width":2560,"height":1440,"caption":"Moderne Lichtinstallationen mit gelben Lichtakzenten."},{"@type":"BreadcrumbList","@id":"https:\/\/kloepfel-consulting.com\/supply-chain-news\/zumtobel-standkonzept-light-building-ausgezeichnet-11240\/#breadcrumb","itemListElement":[{"@type":"ListItem","position":1,"name":"Startseite","item":"https:\/\/kloepfel-consulting.com\/"},{"@type":"ListItem","position":2,"name":"Logistikoptimierung","item":"https:\/\/kloepfel-consulting.com\/zuordnung-landingpage\/logistikoptimierung\/"},{"@type":"ListItem","position":3,"name":"Zumtobel: Standkonzept auf der Light + Building ausgezeichnet"}]},{"@type":"WebSite","@id":"https:\/\/kloepfel-consulting.com\/#website","url":"https:\/\/kloepfel-consulting.com\/","name":"KLOEPFEL by EPSA","description":"","publisher":{"@id":"https:\/\/kloepfel-consulting.com\/#organization"},"alternateName":"KLOEPFELbyEPSA","potentialAction":[{"@type":"SearchAction","target":{"@type":"EntryPoint","urlTemplate":"https:\/\/kloepfel-consulting.com\/?s={search_term_string}"},"query-input":{"@type":"PropertyValueSpecification","valueRequired":true,"valueName":"search_term_string"}}],"inLanguage":"en-GB"},{"@type":"Organization","@id":"https:\/\/kloepfel-consulting.com\/#organization","name":"KLOEPFEL by EPSA","alternateName":"KLOEPFELbyEPSA","url":"https:\/\/kloepfel-consulting.com\/","logo":{"@type":"ImageObject","inLanguage":"en-GB","@id":"https:\/\/kloepfel-consulting.com\/#\/schema\/logo\/image\/","url":"https:\/\/kloepfel-consulting.com\/wp-content\/uploads\/2025\/04\/logo.webp","contentUrl":"https:\/\/kloepfel-consulting.com\/wp-content\/uploads\/2025\/04\/logo.webp","width":616,"height":284,"caption":"KLOEPFEL by EPSA"},"image":{"@id":"https:\/\/kloepfel-consulting.com\/#\/schema\/logo\/image\/"},"sameAs":["https:\/\/www.facebook.com\/KloepfelGroup","https:\/\/www.linkedin.com\/company\/kloepfel-consulting-gmbh","https:\/\/www.instagram.com\/kloepfel_by_epsa\/"],"description":"Purchasing Advice for Procurement, Logistics, and Supply Chain","email":"info@kloepfel-consulting.com","telephone":"+4921194198433","legalName":"Kloepfel Consulting GmbH","foundingDate":"2007-02-01","vatID":"DE254132249","numberOfEmployees":{"@type":"QuantitativeValue","minValue":"51","maxValue":"200"}},{"@type":"Person","@id":"https:\/\/kloepfel-consulting.com\/#\/schema\/person\/2691163984d9670e417622b00a4c0f26","name":"Always right","image":{"@type":"ImageObject","inLanguage":"en-GB","@id":"https:\/\/secure.gravatar.com\/avatar\/878f3ddb8fa2117ffa32d8a3152e4368517da61e3b89dd9bbfe39501477bf1f1?s=96&d=mm&r=g","url":"https:\/\/secure.gravatar.com\/avatar\/878f3ddb8fa2117ffa32d8a3152e4368517da61e3b89dd9bbfe39501477bf1f1?s=96&d=mm&r=g","contentUrl":"https:\/\/secure.gravatar.com\/avatar\/878f3ddb8fa2117ffa32d8a3152e4368517da61e3b89dd9bbfe39501477bf1f1?s=96&d=mm&r=g","caption":"semprediritto"},"sameAs":["https:\/\/kloepfel.sempre-diritto.de"]}]}},"_links":{"self":[{"href":"https:\/\/kloepfel-consulting.com\/en\/wp-json\/wp\/v2\/posts\/11240","targetHints":{"allow":["GET"]}}],"collection":[{"href":"https:\/\/kloepfel-consulting.com\/en\/wp-json\/wp\/v2\/posts"}],"about":[{"href":"https:\/\/kloepfel-consulting.com\/en\/wp-json\/wp\/v2\/types\/post"}],"author":[{"embeddable":true,"href":"https:\/\/kloepfel-consulting.com\/en\/wp-json\/wp\/v2\/users\/1"}],"replies":[{"embeddable":true,"href":"https:\/\/kloepfel-consulting.com\/en\/wp-json\/wp\/v2\/comments?post=11240"}],"version-history":[{"count":2,"href":"https:\/\/kloepfel-consulting.com\/en\/wp-json\/wp\/v2\/posts\/11240\/revisions"}],"predecessor-version":[{"id":14592,"href":"https:\/\/kloepfel-consulting.com\/en\/wp-json\/wp\/v2\/posts\/11240\/revisions\/14592"}],"wp:featuredmedia":[{"embeddable":true,"href":"https:\/\/kloepfel-consulting.com\/en\/wp-json\/wp\/v2\/media\/11241"}],"wp:attachment":[{"href":"https:\/\/kloepfel-consulting.com\/en\/wp-json\/wp\/v2\/media?parent=11240"}],"wp:term":[{"taxonomy":"category","embeddable":true,"href":"https:\/\/kloepfel-consulting.com\/en\/wp-json\/wp\/v2\/categories?post=11240"},{"taxonomy":"post_tag","embeddable":true,"href":"https:\/\/kloepfel-consulting.com\/en\/wp-json\/wp\/v2\/tags?post=11240"},{"taxonomy":"referenzkategorie","embeddable":true,"href":"https:\/\/kloepfel-consulting.com\/en\/wp-json\/wp\/v2\/referenzkategorie?post=11240"}],"curies":[{"name":"wp","href":"https:\/\/api.w.org\/{rel}","templated":true}]}}