{"id":11594,"date":"2024-06-06T09:24:33","date_gmt":"2024-06-06T07:24:33","guid":{"rendered":"https:\/\/kloepfel.sempre-diritto.de\/2024\/06\/06\/arcelor-mittal-umbau-bremen-eisenhuettenstadt\/"},"modified":"2025-08-27T11:24:33","modified_gmt":"2025-08-27T09:24:33","slug":"arcelormittal-conversion-bremen-eisenhuettenstadt","status":"publish","type":"post","link":"https:\/\/kloepfel-consulting.com\/en\/supply-chain-news\/arcelor-mittal-umbau-bremen-eisenhuettenstadt-11594\/","title":{"rendered":"Arcelor-Mittal: Remodelling in Bremen and Eisenh\u00fcttenstadt"},"content":{"rendered":"<h2>Steel group receives national funding decision<\/h2>\n<p><a href=\"https:\/\/kloepfel-consulting.com\/en\/supply-chain-news\/supply-chain\/buss-port-services-arcelormittal-verlaengern-zusammenarbeit-4515709\/\" rel=\"noopener\" target=\"_blank\">Arcelor-Mittal<\/a> intends to sell its plants in Bremen and Eisenh\u00fcttenstadt in the course of a <strong>decarbonisation project<\/strong> remodelling.<\/p>\n<p>According to the company's press release, Robert Habeck, Federal Minister for Economic Affairs and Climate Protection, recently presented the <em>Grant notification<\/em> to the management and employees.<\/p>\n<h3>Funding of around 1.3 billion euros<\/h3>\n<p>According to Arcelor-Mittal, the planned total investment amounts to around 2.5 billion euros. The Federal Ministry for Economic Affairs and Climate Protection has approved funding of around 1.3 billion euros for the project. Part of this funding is co-financed by the state of Bremen to the tune of around 251 million euros.<\/p>\n<p>Thomas B\u00fcnger, CEO of Arcelor-Mittal Flachstahl Deutschland, explains: \u201eWith the national funding decision, we have secured part of the costs that we need for the construction and operation of new plants for decarbonisation. With the funding from Bremen and the federal government, we are highly motivated to continue working on taking the next steps for the transformation.\u201c<\/p>\n<h3>Electric arc furnaces and direct reduction plant<\/h3>\n<p>According to the steel group, it plans to replace two blast furnaces (one each in Bremen and Eisenh\u00fcttenstadt) with electric arc furnaces and a direct reduction plant by 2030.<\/p>\n<p>As soon as green hydrogen is available at internationally competitive prices and in sufficient quantities, it will be used for the new plants. Then up to 5.8 million tonnes of CO2 could be saved annually and 3.8 million tonnes of CO2-reduced steel could be produced, the company writes.<\/p>\n<p>According to the press release, the positive final investment decision is still pending. It is expected to be made by mid-2025.<\/p>","protected":false},"excerpt":{"rendered":"<p>Stahlkonzern erhielt nationalen F\u00f6rderbescheid Arcelor-Mittal hat vor, seine Werke in Bremen und Eisenh\u00fcttenstadt im Zuge eines Dekarbonisierungsprojektes umzubauen. Daf\u00fcr \u00fcbergab Robert Habeck, Bundesminister f\u00fcr Wirtschaft und Klimaschutz, laut der Pressemitteilung des Unternehmens k\u00fcrzlich in Eisenh\u00fcttenstadt den F\u00f6rderbescheid an das Management und die Belegschaft. F\u00f6rderung von rund 1,3 Milliarden Euro Nach Angaben von Arcelor-Mittal betr\u00e4gt die [&hellip;]<\/p>\n","protected":false},"author":1,"featured_media":11595,"comment_status":"open","ping_status":"open","sticky":false,"template":"","format":"standard","meta":{"_acf_changed":false,"footnotes":""},"categories":[88],"tags":[],"referenzkategorie":[],"class_list":["post-11594","post","type-post","status-publish","format-standard","has-post-thumbnail","hentry","category-supply-chain-news"],"acf":[],"yoast_head":"<!-- This site is optimized with the Yoast SEO Premium plugin v27.5 (Yoast SEO v27.5) - https:\/\/yoast.com\/product\/yoast-seo-premium-wordpress\/ -->\n<title>Arcelor-Mittal: Umbau in Bremen und Eisenh\u00fcttenstadt<\/title>\n<meta name=\"description\" content=\"Arcelor-Mittal hat vor, seine Werke in Bremen und Eisenh\u00fcttenstadt im Zuge eines Dekarbonisierungsprojektes umzubauen.\" \/>\n<meta name=\"robots\" content=\"index, follow, max-snippet:-1, max-image-preview:large, max-video-preview:-1\" \/>\n<link rel=\"canonical\" href=\"https:\/\/kloepfel-consulting.com\/en\/supply-chain-news\/arcelormittal-bremen-eisenhuettenstadt-construction-11594\/\" \/>\n<meta property=\"og:locale\" content=\"en_GB\" \/>\n<meta property=\"og:type\" content=\"article\" \/>\n<meta property=\"og:title\" content=\"Arcelor-Mittal: Umbau in Bremen und Eisenh\u00fcttenstadt\" \/>\n<meta property=\"og:description\" content=\"Arcelor-Mittal hat vor, seine Werke in Bremen und Eisenh\u00fcttenstadt im Zuge eines Dekarbonisierungsprojektes umzubauen.\" \/>\n<meta property=\"og:url\" content=\"https:\/\/kloepfel-consulting.com\/en\/supply-chain-news\/arcelormittal-bremen-eisenhuettenstadt-construction-11594\/\" \/>\n<meta property=\"og:site_name\" content=\"KLOEPFEL by EPSA\" \/>\n<meta property=\"article:publisher\" content=\"https:\/\/www.facebook.com\/KloepfelGroup\" \/>\n<meta property=\"article:published_time\" content=\"2024-06-06T07:24:33+00:00\" \/>\n<meta property=\"article:modified_time\" content=\"2025-08-27T09:24:33+00:00\" \/>\n<meta property=\"og:image\" content=\"https:\/\/kloepfel-consulting.com\/wp-content\/uploads\/2025\/07\/kloepfelgroup.webp\" \/>\n\t<meta property=\"og:image:width\" content=\"2200\" \/>\n\t<meta property=\"og:image:height\" content=\"1608\" \/>\n\t<meta property=\"og:image:type\" content=\"image\/webp\" \/>\n<meta name=\"author\" content=\"semprediritto\" \/>\n<meta name=\"twitter:card\" content=\"summary_large_image\" \/>\n<meta name=\"twitter:title\" content=\"Arcelor-Mittal: Umbau in Bremen und Eisenh\u00fcttenstadt\" \/>\n<meta name=\"twitter:description\" content=\"Lesen Sie mehr \u00fcber den Umbau von Arcelor-Mittal und die F\u00f6rdermittel f\u00fcr die Dekarbonisierung.\" \/>\n<meta name=\"twitter:label1\" content=\"Written by\" \/>\n\t<meta name=\"twitter:data1\" content=\"semprediritto\" \/>\n\t<meta name=\"twitter:label2\" content=\"Estimated reading time\" \/>\n\t<meta name=\"twitter:data2\" content=\"2 minutes\" \/>\n<script type=\"application\/ld+json\" class=\"yoast-schema-graph\">{\"@context\":\"https:\\\/\\\/schema.org\",\"@graph\":[{\"@type\":\"Article\",\"@id\":\"https:\\\/\\\/kloepfel-consulting.com\\\/supply-chain-news\\\/arcelor-mittal-umbau-bremen-eisenhuettenstadt-11594\\\/#article\",\"isPartOf\":{\"@id\":\"https:\\\/\\\/kloepfel-consulting.com\\\/supply-chain-news\\\/arcelor-mittal-umbau-bremen-eisenhuettenstadt-11594\\\/\"},\"author\":{\"name\":\"semprediritto\",\"@id\":\"https:\\\/\\\/kloepfel-consulting.com\\\/#\\\/schema\\\/person\\\/2691163984d9670e417622b00a4c0f26\"},\"headline\":\"Arcelor-Mittal: Umbau in Bremen und Eisenh\u00fcttenstadt\",\"datePublished\":\"2024-06-06T07:24:33+00:00\",\"dateModified\":\"2025-08-27T09:24:33+00:00\",\"mainEntityOfPage\":{\"@id\":\"https:\\\/\\\/kloepfel-consulting.com\\\/supply-chain-news\\\/arcelor-mittal-umbau-bremen-eisenhuettenstadt-11594\\\/\"},\"wordCount\":264,\"commentCount\":0,\"publisher\":{\"@id\":\"https:\\\/\\\/kloepfel-consulting.com\\\/#organization\"},\"image\":{\"@id\":\"https:\\\/\\\/kloepfel-consulting.com\\\/supply-chain-news\\\/arcelor-mittal-umbau-bremen-eisenhuettenstadt-11594\\\/#primaryimage\"},\"thumbnailUrl\":\"https:\\\/\\\/kloepfel-consulting.com\\\/wp-content\\\/uploads\\\/2025\\\/08\\\/pexels-stahl-scaled-1.jpg\",\"articleSection\":[\"Supply Chain News\"],\"inLanguage\":\"en-GB\",\"potentialAction\":[{\"@type\":\"CommentAction\",\"name\":\"Comment\",\"target\":[\"https:\\\/\\\/kloepfel-consulting.com\\\/supply-chain-news\\\/arcelor-mittal-umbau-bremen-eisenhuettenstadt-11594\\\/#respond\"]}],\"copyrightYear\":\"2024\",\"copyrightHolder\":{\"@id\":\"https:\\\/\\\/kloepfel-consulting.com\\\/en\\\/#organization\"}},{\"@type\":\"WebPage\",\"@id\":\"https:\\\/\\\/kloepfel-consulting.com\\\/supply-chain-news\\\/arcelor-mittal-umbau-bremen-eisenhuettenstadt-11594\\\/\",\"url\":\"https:\\\/\\\/kloepfel-consulting.com\\\/supply-chain-news\\\/arcelor-mittal-umbau-bremen-eisenhuettenstadt-11594\\\/\",\"name\":\"Arcelor-Mittal: Umbau in Bremen und Eisenh\u00fcttenstadt\",\"isPartOf\":{\"@id\":\"https:\\\/\\\/kloepfel-consulting.com\\\/#website\"},\"primaryImageOfPage\":{\"@id\":\"https:\\\/\\\/kloepfel-consulting.com\\\/supply-chain-news\\\/arcelor-mittal-umbau-bremen-eisenhuettenstadt-11594\\\/#primaryimage\"},\"image\":{\"@id\":\"https:\\\/\\\/kloepfel-consulting.com\\\/supply-chain-news\\\/arcelor-mittal-umbau-bremen-eisenhuettenstadt-11594\\\/#primaryimage\"},\"thumbnailUrl\":\"https:\\\/\\\/kloepfel-consulting.com\\\/wp-content\\\/uploads\\\/2025\\\/08\\\/pexels-stahl-scaled-1.jpg\",\"datePublished\":\"2024-06-06T07:24:33+00:00\",\"dateModified\":\"2025-08-27T09:24:33+00:00\",\"description\":\"Arcelor-Mittal hat vor, seine Werke in Bremen und Eisenh\u00fcttenstadt im Zuge eines Dekarbonisierungsprojektes umzubauen.\",\"breadcrumb\":{\"@id\":\"https:\\\/\\\/kloepfel-consulting.com\\\/supply-chain-news\\\/arcelor-mittal-umbau-bremen-eisenhuettenstadt-11594\\\/#breadcrumb\"},\"inLanguage\":\"en-GB\",\"potentialAction\":[{\"@type\":\"ReadAction\",\"target\":[\"https:\\\/\\\/kloepfel-consulting.com\\\/supply-chain-news\\\/arcelor-mittal-umbau-bremen-eisenhuettenstadt-11594\\\/\"]}]},{\"@type\":\"ImageObject\",\"inLanguage\":\"en-GB\",\"@id\":\"https:\\\/\\\/kloepfel-consulting.com\\\/supply-chain-news\\\/arcelor-mittal-umbau-bremen-eisenhuettenstadt-11594\\\/#primaryimage\",\"url\":\"https:\\\/\\\/kloepfel-consulting.com\\\/wp-content\\\/uploads\\\/2025\\\/08\\\/pexels-stahl-scaled-1.jpg\",\"contentUrl\":\"https:\\\/\\\/kloepfel-consulting.com\\\/wp-content\\\/uploads\\\/2025\\\/08\\\/pexels-stahl-scaled-1.jpg\",\"width\":2560,\"height\":1702,\"caption\":\"Gestapelte zylindrische Rohre in mehreren Reihen.\"},{\"@type\":\"BreadcrumbList\",\"@id\":\"https:\\\/\\\/kloepfel-consulting.com\\\/supply-chain-news\\\/arcelor-mittal-umbau-bremen-eisenhuettenstadt-11594\\\/#breadcrumb\",\"itemListElement\":[{\"@type\":\"ListItem\",\"position\":1,\"name\":\"Startseite\",\"item\":\"https:\\\/\\\/kloepfel-consulting.com\\\/\"},{\"@type\":\"ListItem\",\"position\":2,\"name\":\"Logistikoptimierung\",\"item\":\"https:\\\/\\\/kloepfel-consulting.com\\\/zuordnung-landingpage\\\/logistikoptimierung\\\/\"},{\"@type\":\"ListItem\",\"position\":3,\"name\":\"Arcelor-Mittal: Umbau in Bremen und Eisenh\u00fcttenstadt\"}]},{\"@type\":\"WebSite\",\"@id\":\"https:\\\/\\\/kloepfel-consulting.com\\\/#website\",\"url\":\"https:\\\/\\\/kloepfel-consulting.com\\\/\",\"name\":\"KLOEPFEL by EPSA\",\"description\":\"\",\"publisher\":{\"@id\":\"https:\\\/\\\/kloepfel-consulting.com\\\/#organization\"},\"alternateName\":\"KLOEPFELbyEPSA\",\"potentialAction\":[{\"@type\":\"SearchAction\",\"target\":{\"@type\":\"EntryPoint\",\"urlTemplate\":\"https:\\\/\\\/kloepfel-consulting.com\\\/?s={search_term_string}\"},\"query-input\":{\"@type\":\"PropertyValueSpecification\",\"valueRequired\":true,\"valueName\":\"search_term_string\"}}],\"inLanguage\":\"en-GB\"},{\"@type\":\"Organization\",\"@id\":\"https:\\\/\\\/kloepfel-consulting.com\\\/#organization\",\"name\":\"KLOEPFEL by EPSA\",\"alternateName\":\"KLOEPFELbyEPSA\",\"url\":\"https:\\\/\\\/kloepfel-consulting.com\\\/\",\"logo\":{\"@type\":\"ImageObject\",\"inLanguage\":\"en-GB\",\"@id\":\"https:\\\/\\\/kloepfel-consulting.com\\\/#\\\/schema\\\/logo\\\/image\\\/\",\"url\":\"https:\\\/\\\/kloepfel-consulting.com\\\/wp-content\\\/uploads\\\/2025\\\/04\\\/logo.webp\",\"contentUrl\":\"https:\\\/\\\/kloepfel-consulting.com\\\/wp-content\\\/uploads\\\/2025\\\/04\\\/logo.webp\",\"width\":616,\"height\":284,\"caption\":\"KLOEPFEL by EPSA\"},\"image\":{\"@id\":\"https:\\\/\\\/kloepfel-consulting.com\\\/#\\\/schema\\\/logo\\\/image\\\/\"},\"sameAs\":[\"https:\\\/\\\/www.facebook.com\\\/KloepfelGroup\",\"https:\\\/\\\/www.linkedin.com\\\/company\\\/kloepfel-consulting-gmbh\",\"https:\\\/\\\/www.instagram.com\\\/kloepfel_by_epsa\\\/\"],\"description\":\"Einkaufsberatung f\u00fcr Einkauf, Logistik und Supply Chain\",\"email\":\"info@kloepfel-consulting.com\",\"telephone\":\"+4921194198433\",\"legalName\":\"Kloepfel Consulting GmbH\",\"foundingDate\":\"2007-02-01\",\"vatID\":\"DE254132249\",\"numberOfEmployees\":{\"@type\":\"QuantitativeValue\",\"minValue\":\"51\",\"maxValue\":\"200\"}},{\"@type\":\"Person\",\"@id\":\"https:\\\/\\\/kloepfel-consulting.com\\\/#\\\/schema\\\/person\\\/2691163984d9670e417622b00a4c0f26\",\"name\":\"semprediritto\",\"image\":{\"@type\":\"ImageObject\",\"inLanguage\":\"en-GB\",\"@id\":\"https:\\\/\\\/secure.gravatar.com\\\/avatar\\\/878f3ddb8fa2117ffa32d8a3152e4368517da61e3b89dd9bbfe39501477bf1f1?s=96&d=mm&r=g\",\"url\":\"https:\\\/\\\/secure.gravatar.com\\\/avatar\\\/878f3ddb8fa2117ffa32d8a3152e4368517da61e3b89dd9bbfe39501477bf1f1?s=96&d=mm&r=g\",\"contentUrl\":\"https:\\\/\\\/secure.gravatar.com\\\/avatar\\\/878f3ddb8fa2117ffa32d8a3152e4368517da61e3b89dd9bbfe39501477bf1f1?s=96&d=mm&r=g\",\"caption\":\"semprediritto\"},\"sameAs\":[\"https:\\\/\\\/kloepfel.sempre-diritto.de\"]}]}<\/script>\n<!-- \/ Yoast SEO Premium plugin. -->","yoast_head_json":{"title":"Arcelor-Mittal: Remodelling in Bremen and Eisenh\u00fcttenstadt","description":"Arcelor-Mittal is planning to convert its plants in Bremen and Eisenh\u00fcttenstadt as part of a decarbonisation project.","robots":{"index":"index","follow":"follow","max-snippet":"max-snippet:-1","max-image-preview":"max-image-preview:large","max-video-preview":"max-video-preview:-1"},"canonical":"https:\/\/kloepfel-consulting.com\/en\/supply-chain-news\/arcelormittal-bremen-eisenhuettenstadt-construction-11594\/","og_locale":"en_GB","og_type":"article","og_title":"Arcelor-Mittal: Umbau in Bremen und Eisenh\u00fcttenstadt","og_description":"Arcelor-Mittal hat vor, seine Werke in Bremen und Eisenh\u00fcttenstadt im Zuge eines Dekarbonisierungsprojektes umzubauen.","og_url":"https:\/\/kloepfel-consulting.com\/en\/supply-chain-news\/arcelormittal-bremen-eisenhuettenstadt-construction-11594\/","og_site_name":"KLOEPFEL by EPSA","article_publisher":"https:\/\/www.facebook.com\/KloepfelGroup","article_published_time":"2024-06-06T07:24:33+00:00","article_modified_time":"2025-08-27T09:24:33+00:00","og_image":[{"width":2200,"height":1608,"url":"https:\/\/kloepfel-consulting.com\/wp-content\/uploads\/2025\/07\/kloepfelgroup.webp","type":"image\/webp"}],"author":"semprediritto","twitter_card":"summary_large_image","twitter_title":"Arcelor-Mittal: Umbau in Bremen und Eisenh\u00fcttenstadt","twitter_description":"Lesen Sie mehr \u00fcber den Umbau von Arcelor-Mittal und die F\u00f6rdermittel f\u00fcr die Dekarbonisierung.","twitter_misc":{"Written by":"semprediritto","Estimated reading time":"2 minutes"},"schema":{"@context":"https:\/\/schema.org","@graph":[{"@type":"Article","@id":"https:\/\/kloepfel-consulting.com\/supply-chain-news\/arcelor-mittal-umbau-bremen-eisenhuettenstadt-11594\/#article","isPartOf":{"@id":"https:\/\/kloepfel-consulting.com\/supply-chain-news\/arcelor-mittal-umbau-bremen-eisenhuettenstadt-11594\/"},"author":{"name":"semprediritto","@id":"https:\/\/kloepfel-consulting.com\/#\/schema\/person\/2691163984d9670e417622b00a4c0f26"},"headline":"Arcelor-Mittal: Umbau in Bremen und Eisenh\u00fcttenstadt","datePublished":"2024-06-06T07:24:33+00:00","dateModified":"2025-08-27T09:24:33+00:00","mainEntityOfPage":{"@id":"https:\/\/kloepfel-consulting.com\/supply-chain-news\/arcelor-mittal-umbau-bremen-eisenhuettenstadt-11594\/"},"wordCount":264,"commentCount":0,"publisher":{"@id":"https:\/\/kloepfel-consulting.com\/#organization"},"image":{"@id":"https:\/\/kloepfel-consulting.com\/supply-chain-news\/arcelor-mittal-umbau-bremen-eisenhuettenstadt-11594\/#primaryimage"},"thumbnailUrl":"https:\/\/kloepfel-consulting.com\/wp-content\/uploads\/2025\/08\/pexels-stahl-scaled-1.jpg","articleSection":["Supply Chain News"],"inLanguage":"en-GB","potentialAction":[{"@type":"CommentAction","name":"Comment","target":["https:\/\/kloepfel-consulting.com\/supply-chain-news\/arcelor-mittal-umbau-bremen-eisenhuettenstadt-11594\/#respond"]}],"copyrightYear":"2024","copyrightHolder":{"@id":"https:\/\/kloepfel-consulting.com\/en\/#organization"}},{"@type":"WebPage","@id":"https:\/\/kloepfel-consulting.com\/supply-chain-news\/arcelor-mittal-umbau-bremen-eisenhuettenstadt-11594\/","url":"https:\/\/kloepfel-consulting.com\/supply-chain-news\/arcelor-mittal-umbau-bremen-eisenhuettenstadt-11594\/","name":"Arcelor-Mittal: Remodelling in Bremen and Eisenh\u00fcttenstadt","isPartOf":{"@id":"https:\/\/kloepfel-consulting.com\/#website"},"primaryImageOfPage":{"@id":"https:\/\/kloepfel-consulting.com\/supply-chain-news\/arcelor-mittal-umbau-bremen-eisenhuettenstadt-11594\/#primaryimage"},"image":{"@id":"https:\/\/kloepfel-consulting.com\/supply-chain-news\/arcelor-mittal-umbau-bremen-eisenhuettenstadt-11594\/#primaryimage"},"thumbnailUrl":"https:\/\/kloepfel-consulting.com\/wp-content\/uploads\/2025\/08\/pexels-stahl-scaled-1.jpg","datePublished":"2024-06-06T07:24:33+00:00","dateModified":"2025-08-27T09:24:33+00:00","description":"Arcelor-Mittal is planning to convert its plants in Bremen and Eisenh\u00fcttenstadt as part of a decarbonisation project.","breadcrumb":{"@id":"https:\/\/kloepfel-consulting.com\/supply-chain-news\/arcelor-mittal-umbau-bremen-eisenhuettenstadt-11594\/#breadcrumb"},"inLanguage":"en-GB","potentialAction":[{"@type":"ReadAction","target":["https:\/\/kloepfel-consulting.com\/supply-chain-news\/arcelor-mittal-umbau-bremen-eisenhuettenstadt-11594\/"]}]},{"@type":"ImageObject","inLanguage":"en-GB","@id":"https:\/\/kloepfel-consulting.com\/supply-chain-news\/arcelor-mittal-umbau-bremen-eisenhuettenstadt-11594\/#primaryimage","url":"https:\/\/kloepfel-consulting.com\/wp-content\/uploads\/2025\/08\/pexels-stahl-scaled-1.jpg","contentUrl":"https:\/\/kloepfel-consulting.com\/wp-content\/uploads\/2025\/08\/pexels-stahl-scaled-1.jpg","width":2560,"height":1702,"caption":"Gestapelte zylindrische Rohre in mehreren Reihen."},{"@type":"BreadcrumbList","@id":"https:\/\/kloepfel-consulting.com\/supply-chain-news\/arcelor-mittal-umbau-bremen-eisenhuettenstadt-11594\/#breadcrumb","itemListElement":[{"@type":"ListItem","position":1,"name":"Startseite","item":"https:\/\/kloepfel-consulting.com\/"},{"@type":"ListItem","position":2,"name":"Logistikoptimierung","item":"https:\/\/kloepfel-consulting.com\/zuordnung-landingpage\/logistikoptimierung\/"},{"@type":"ListItem","position":3,"name":"Arcelor-Mittal: Umbau in Bremen und Eisenh\u00fcttenstadt"}]},{"@type":"WebSite","@id":"https:\/\/kloepfel-consulting.com\/#website","url":"https:\/\/kloepfel-consulting.com\/","name":"KLOEPFEL by EPSA","description":"","publisher":{"@id":"https:\/\/kloepfel-consulting.com\/#organization"},"alternateName":"KLOEPFELbyEPSA","potentialAction":[{"@type":"SearchAction","target":{"@type":"EntryPoint","urlTemplate":"https:\/\/kloepfel-consulting.com\/?s={search_term_string}"},"query-input":{"@type":"PropertyValueSpecification","valueRequired":true,"valueName":"search_term_string"}}],"inLanguage":"en-GB"},{"@type":"Organization","@id":"https:\/\/kloepfel-consulting.com\/#organization","name":"KLOEPFEL by EPSA","alternateName":"KLOEPFELbyEPSA","url":"https:\/\/kloepfel-consulting.com\/","logo":{"@type":"ImageObject","inLanguage":"en-GB","@id":"https:\/\/kloepfel-consulting.com\/#\/schema\/logo\/image\/","url":"https:\/\/kloepfel-consulting.com\/wp-content\/uploads\/2025\/04\/logo.webp","contentUrl":"https:\/\/kloepfel-consulting.com\/wp-content\/uploads\/2025\/04\/logo.webp","width":616,"height":284,"caption":"KLOEPFEL by EPSA"},"image":{"@id":"https:\/\/kloepfel-consulting.com\/#\/schema\/logo\/image\/"},"sameAs":["https:\/\/www.facebook.com\/KloepfelGroup","https:\/\/www.linkedin.com\/company\/kloepfel-consulting-gmbh","https:\/\/www.instagram.com\/kloepfel_by_epsa\/"],"description":"Purchasing Advice for Procurement, Logistics, and Supply Chain","email":"info@kloepfel-consulting.com","telephone":"+4921194198433","legalName":"Kloepfel Consulting GmbH","foundingDate":"2007-02-01","vatID":"DE254132249","numberOfEmployees":{"@type":"QuantitativeValue","minValue":"51","maxValue":"200"}},{"@type":"Person","@id":"https:\/\/kloepfel-consulting.com\/#\/schema\/person\/2691163984d9670e417622b00a4c0f26","name":"Always right","image":{"@type":"ImageObject","inLanguage":"en-GB","@id":"https:\/\/secure.gravatar.com\/avatar\/878f3ddb8fa2117ffa32d8a3152e4368517da61e3b89dd9bbfe39501477bf1f1?s=96&d=mm&r=g","url":"https:\/\/secure.gravatar.com\/avatar\/878f3ddb8fa2117ffa32d8a3152e4368517da61e3b89dd9bbfe39501477bf1f1?s=96&d=mm&r=g","contentUrl":"https:\/\/secure.gravatar.com\/avatar\/878f3ddb8fa2117ffa32d8a3152e4368517da61e3b89dd9bbfe39501477bf1f1?s=96&d=mm&r=g","caption":"semprediritto"},"sameAs":["https:\/\/kloepfel.sempre-diritto.de"]}]}},"_links":{"self":[{"href":"https:\/\/kloepfel-consulting.com\/en\/wp-json\/wp\/v2\/posts\/11594","targetHints":{"allow":["GET"]}}],"collection":[{"href":"https:\/\/kloepfel-consulting.com\/en\/wp-json\/wp\/v2\/posts"}],"about":[{"href":"https:\/\/kloepfel-consulting.com\/en\/wp-json\/wp\/v2\/types\/post"}],"author":[{"embeddable":true,"href":"https:\/\/kloepfel-consulting.com\/en\/wp-json\/wp\/v2\/users\/1"}],"replies":[{"embeddable":true,"href":"https:\/\/kloepfel-consulting.com\/en\/wp-json\/wp\/v2\/comments?post=11594"}],"version-history":[{"count":2,"href":"https:\/\/kloepfel-consulting.com\/en\/wp-json\/wp\/v2\/posts\/11594\/revisions"}],"predecessor-version":[{"id":14635,"href":"https:\/\/kloepfel-consulting.com\/en\/wp-json\/wp\/v2\/posts\/11594\/revisions\/14635"}],"wp:featuredmedia":[{"embeddable":true,"href":"https:\/\/kloepfel-consulting.com\/en\/wp-json\/wp\/v2\/media\/11595"}],"wp:attachment":[{"href":"https:\/\/kloepfel-consulting.com\/en\/wp-json\/wp\/v2\/media?parent=11594"}],"wp:term":[{"taxonomy":"category","embeddable":true,"href":"https:\/\/kloepfel-consulting.com\/en\/wp-json\/wp\/v2\/categories?post=11594"},{"taxonomy":"post_tag","embeddable":true,"href":"https:\/\/kloepfel-consulting.com\/en\/wp-json\/wp\/v2\/tags?post=11594"},{"taxonomy":"referenzkategorie","embeddable":true,"href":"https:\/\/kloepfel-consulting.com\/en\/wp-json\/wp\/v2\/referenzkategorie?post=11594"}],"curies":[{"name":"wp","href":"https:\/\/api.w.org\/{rel}","templated":true}]}}