{"id":11731,"date":"2024-07-24T09:24:42","date_gmt":"2024-07-24T07:24:42","guid":{"rendered":"https:\/\/kloepfel.sempre-diritto.de\/2024\/07\/24\/theo-mueller-investiert-aretsried\/"},"modified":"2025-08-27T11:24:42","modified_gmt":"2025-08-27T09:24:42","slug":"theo-mueller-invests-in-aretsried","status":"publish","type":"post","link":"https:\/\/kloepfel-consulting.com\/en\/supply-chain-news\/theo-mueller-investiert-aretsried-11731\/","title":{"rendered":"Theo M\u00fcller invests in Aretsried"},"content":{"rendered":"<h2>Production building for yoghurt in jars<\/h2>\n<p>The group of companies <a href=\"https:\/\/kloepfel-consulting.com\/en\/supply-chain-news\/supply-chain\/culina-group-kauft-greenwhitestar-2747659\/\" rel=\"noopener\" target=\"_blank\">Theo M\u00fclle<\/a>r is building a new production centre in Aretsried, Swabia. <em>Production building<\/em>. The Alois M\u00fcller GmbH dairy, which belongs to the Group, is located in the town.<\/p>\n<p>According to the press release issued by Theo M\u00fcller, the new plant will <strong>Manufacturing capacities<\/strong> for yoghurt will be significantly expanded.<\/p>\n<h3>Building with an area of around 4,500 square metres<\/h3>\n<p>The Group expects the property to be completed in summer 2025 and, according to the company, the total area of the building will be around 4,500 square metres. According to the press release, there will be modern facilities for filling, sorting and cleaning returnable glasses.<\/p>\n<p>According to the food company, fifty new jobs will be created at the site. Production is scheduled to start in the first half of 2026. <\/p>\n<h3>140 million euros for the Aretsried site<\/h3>\n<p>Over the past ten years, Unternehmensgruppe Theo M\u00fcller has invested a total of around 140 million euros in the Aretsried site. Among other things, this has resulted in the construction of a high-bay warehouse. The administration building has also been extended and the new production building is now under construction.<\/p>\n<p>Christian Goldammer, Head of Operations and responsible for the production site: \u201eInvestments in production are always a highlight, also for the employees, as they are associated with the further development of the entire site. This time is no exception. We are therefore delighted to be commissioning a filling line for yoghurts in returnable jars for the first time at our plant in 2026.\u201c<\/p>","protected":false},"excerpt":{"rendered":"<p>Produktionsgeb\u00e4ude f\u00fcr Joghurt im Glas Die Unternehmensgruppe Theo M\u00fcller baut im schw\u00e4bischen Aretsried ein neues Produktionsgeb\u00e4ude. In dem Ort hat die zum Konzern geh\u00f6rende Molkerei Alois M\u00fcller GmbH ihren Standort. Dort sollen durch das neue Werk laut der Pressemitteilung von Theo M\u00fcller die Herstellkapazit\u00e4ten f\u00fcr Joghurt deutlich erweitert werden. Geb\u00e4ude mit rund 4.500 Quadratmetern Fl\u00e4che [&hellip;]<\/p>\n","protected":false},"author":1,"featured_media":11732,"comment_status":"open","ping_status":"open","sticky":false,"template":"","format":"standard","meta":{"_acf_changed":false,"footnotes":""},"categories":[88],"tags":[],"referenzkategorie":[],"class_list":["post-11731","post","type-post","status-publish","format-standard","has-post-thumbnail","hentry","category-supply-chain-news"],"acf":[],"yoast_head":"<!-- This site is optimized with the Yoast SEO Premium plugin v27.5 (Yoast SEO v27.5) - https:\/\/yoast.com\/product\/yoast-seo-premium-wordpress\/ -->\n<title>Theo M\u00fcller investiert in Aretsried<\/title>\n<meta name=\"description\" content=\"Die Unternehmensgruppe Theo M\u00fcller baut im schw\u00e4bischen Aretsried ein neues Produktionsgeb\u00e4ude. In dem Ort hat die zum Konzern geh\u00f6rende Mol\" \/>\n<meta name=\"robots\" content=\"index, follow, max-snippet:-1, max-image-preview:large, max-video-preview:-1\" \/>\n<link rel=\"canonical\" href=\"https:\/\/kloepfel-consulting.com\/en\/supply-chain-news\/theo-mueller-invests-in-aretzried\/\" \/>\n<meta property=\"og:locale\" content=\"en_GB\" \/>\n<meta property=\"og:type\" content=\"article\" \/>\n<meta property=\"og:title\" content=\"Theo M\u00fcller investiert in Aretsried\" \/>\n<meta property=\"og:description\" content=\"Die Unternehmensgruppe Theo M\u00fcller baut im schw\u00e4bischen Aretsried ein neues Produktionsgeb\u00e4ude. In dem Ort hat die zum Konzern geh\u00f6rende Molkerei Alois M\u00fcller GmbH ihren Standort.\" \/>\n<meta property=\"og:url\" content=\"https:\/\/kloepfel-consulting.com\/en\/supply-chain-news\/theo-mueller-invests-in-aretzried\/\" \/>\n<meta property=\"og:site_name\" content=\"KLOEPFEL by EPSA\" \/>\n<meta property=\"article:publisher\" content=\"https:\/\/www.facebook.com\/KloepfelGroup\" \/>\n<meta property=\"article:published_time\" content=\"2024-07-24T07:24:42+00:00\" \/>\n<meta property=\"article:modified_time\" content=\"2025-08-27T09:24:42+00:00\" \/>\n<meta property=\"og:image\" content=\"https:\/\/kloepfel-consulting.com\/wp-content\/uploads\/2025\/07\/kloepfelgroup.webp\" \/>\n\t<meta property=\"og:image:width\" content=\"2200\" \/>\n\t<meta property=\"og:image:height\" content=\"1608\" \/>\n\t<meta property=\"og:image:type\" content=\"image\/webp\" \/>\n<meta name=\"author\" content=\"semprediritto\" \/>\n<meta name=\"twitter:card\" content=\"summary_large_image\" \/>\n<meta name=\"twitter:title\" content=\"Theo M\u00fcller investiert in Aretsried: Neues Werk\" \/>\n<meta name=\"twitter:description\" content=\"Erfahren Sie mehr \u00fcber die neuen Stellen und Investitionen in Aretsried.\" \/>\n<meta name=\"twitter:label1\" content=\"Written by\" \/>\n\t<meta name=\"twitter:data1\" content=\"semprediritto\" \/>\n\t<meta name=\"twitter:label2\" content=\"Estimated reading time\" \/>\n\t<meta name=\"twitter:data2\" content=\"2 minutes\" \/>\n<script type=\"application\/ld+json\" class=\"yoast-schema-graph\">{\"@context\":\"https:\\\/\\\/schema.org\",\"@graph\":[{\"@type\":\"Article\",\"@id\":\"https:\\\/\\\/kloepfel-consulting.com\\\/supply-chain-news\\\/theo-mueller-investiert-aretsried-11731\\\/#article\",\"isPartOf\":{\"@id\":\"https:\\\/\\\/kloepfel-consulting.com\\\/supply-chain-news\\\/theo-mueller-investiert-aretsried-11731\\\/\"},\"author\":{\"name\":\"semprediritto\",\"@id\":\"https:\\\/\\\/kloepfel-consulting.com\\\/#\\\/schema\\\/person\\\/2691163984d9670e417622b00a4c0f26\"},\"headline\":\"Theo M\u00fcller investiert in Aretsried\",\"datePublished\":\"2024-07-24T07:24:42+00:00\",\"dateModified\":\"2025-08-27T09:24:42+00:00\",\"mainEntityOfPage\":{\"@id\":\"https:\\\/\\\/kloepfel-consulting.com\\\/supply-chain-news\\\/theo-mueller-investiert-aretsried-11731\\\/\"},\"wordCount\":250,\"commentCount\":0,\"publisher\":{\"@id\":\"https:\\\/\\\/kloepfel-consulting.com\\\/#organization\"},\"image\":{\"@id\":\"https:\\\/\\\/kloepfel-consulting.com\\\/supply-chain-news\\\/theo-mueller-investiert-aretsried-11731\\\/#primaryimage\"},\"thumbnailUrl\":\"https:\\\/\\\/kloepfel-consulting.com\\\/wp-content\\\/uploads\\\/2025\\\/08\\\/Theo-Mueller-Molkerei-Alois-Mueller-csm_AR_Milchsammelw_b9c9ad2ccb.webp\",\"articleSection\":[\"Supply Chain News\"],\"inLanguage\":\"en-GB\",\"potentialAction\":[{\"@type\":\"CommentAction\",\"name\":\"Comment\",\"target\":[\"https:\\\/\\\/kloepfel-consulting.com\\\/supply-chain-news\\\/theo-mueller-investiert-aretsried-11731\\\/#respond\"]}],\"copyrightYear\":\"2024\",\"copyrightHolder\":{\"@id\":\"https:\\\/\\\/kloepfel-consulting.com\\\/en\\\/#organization\"}},{\"@type\":\"WebPage\",\"@id\":\"https:\\\/\\\/kloepfel-consulting.com\\\/supply-chain-news\\\/theo-mueller-investiert-aretsried-11731\\\/\",\"url\":\"https:\\\/\\\/kloepfel-consulting.com\\\/supply-chain-news\\\/theo-mueller-investiert-aretsried-11731\\\/\",\"name\":\"Theo M\u00fcller investiert in Aretsried\",\"isPartOf\":{\"@id\":\"https:\\\/\\\/kloepfel-consulting.com\\\/#website\"},\"primaryImageOfPage\":{\"@id\":\"https:\\\/\\\/kloepfel-consulting.com\\\/supply-chain-news\\\/theo-mueller-investiert-aretsried-11731\\\/#primaryimage\"},\"image\":{\"@id\":\"https:\\\/\\\/kloepfel-consulting.com\\\/supply-chain-news\\\/theo-mueller-investiert-aretsried-11731\\\/#primaryimage\"},\"thumbnailUrl\":\"https:\\\/\\\/kloepfel-consulting.com\\\/wp-content\\\/uploads\\\/2025\\\/08\\\/Theo-Mueller-Molkerei-Alois-Mueller-csm_AR_Milchsammelw_b9c9ad2ccb.webp\",\"datePublished\":\"2024-07-24T07:24:42+00:00\",\"dateModified\":\"2025-08-27T09:24:42+00:00\",\"description\":\"Die Unternehmensgruppe Theo M\u00fcller baut im schw\u00e4bischen Aretsried ein neues Produktionsgeb\u00e4ude. In dem Ort hat die zum Konzern geh\u00f6rende Mol\",\"breadcrumb\":{\"@id\":\"https:\\\/\\\/kloepfel-consulting.com\\\/supply-chain-news\\\/theo-mueller-investiert-aretsried-11731\\\/#breadcrumb\"},\"inLanguage\":\"en-GB\",\"potentialAction\":[{\"@type\":\"ReadAction\",\"target\":[\"https:\\\/\\\/kloepfel-consulting.com\\\/supply-chain-news\\\/theo-mueller-investiert-aretsried-11731\\\/\"]}]},{\"@type\":\"ImageObject\",\"inLanguage\":\"en-GB\",\"@id\":\"https:\\\/\\\/kloepfel-consulting.com\\\/supply-chain-news\\\/theo-mueller-investiert-aretsried-11731\\\/#primaryimage\",\"url\":\"https:\\\/\\\/kloepfel-consulting.com\\\/wp-content\\\/uploads\\\/2025\\\/08\\\/Theo-Mueller-Molkerei-Alois-Mueller-csm_AR_Milchsammelw_b9c9ad2ccb.webp\",\"contentUrl\":\"https:\\\/\\\/kloepfel-consulting.com\\\/wp-content\\\/uploads\\\/2025\\\/08\\\/Theo-Mueller-Molkerei-Alois-Mueller-csm_AR_Milchsammelw_b9c9ad2ccb.webp\",\"width\":1760,\"height\":1174,\"caption\":\"Milchsammelwagen von M\u00fcller an einer Stra\u00dfe.\"},{\"@type\":\"BreadcrumbList\",\"@id\":\"https:\\\/\\\/kloepfel-consulting.com\\\/supply-chain-news\\\/theo-mueller-investiert-aretsried-11731\\\/#breadcrumb\",\"itemListElement\":[{\"@type\":\"ListItem\",\"position\":1,\"name\":\"Startseite\",\"item\":\"https:\\\/\\\/kloepfel-consulting.com\\\/\"},{\"@type\":\"ListItem\",\"position\":2,\"name\":\"Logistikoptimierung\",\"item\":\"https:\\\/\\\/kloepfel-consulting.com\\\/zuordnung-landingpage\\\/logistikoptimierung\\\/\"},{\"@type\":\"ListItem\",\"position\":3,\"name\":\"Theo M\u00fcller investiert in Aretsried\"}]},{\"@type\":\"WebSite\",\"@id\":\"https:\\\/\\\/kloepfel-consulting.com\\\/#website\",\"url\":\"https:\\\/\\\/kloepfel-consulting.com\\\/\",\"name\":\"KLOEPFEL by EPSA\",\"description\":\"\",\"publisher\":{\"@id\":\"https:\\\/\\\/kloepfel-consulting.com\\\/#organization\"},\"alternateName\":\"KLOEPFELbyEPSA\",\"potentialAction\":[{\"@type\":\"SearchAction\",\"target\":{\"@type\":\"EntryPoint\",\"urlTemplate\":\"https:\\\/\\\/kloepfel-consulting.com\\\/?s={search_term_string}\"},\"query-input\":{\"@type\":\"PropertyValueSpecification\",\"valueRequired\":true,\"valueName\":\"search_term_string\"}}],\"inLanguage\":\"en-GB\"},{\"@type\":\"Organization\",\"@id\":\"https:\\\/\\\/kloepfel-consulting.com\\\/#organization\",\"name\":\"KLOEPFEL by EPSA\",\"alternateName\":\"KLOEPFELbyEPSA\",\"url\":\"https:\\\/\\\/kloepfel-consulting.com\\\/\",\"logo\":{\"@type\":\"ImageObject\",\"inLanguage\":\"en-GB\",\"@id\":\"https:\\\/\\\/kloepfel-consulting.com\\\/#\\\/schema\\\/logo\\\/image\\\/\",\"url\":\"https:\\\/\\\/kloepfel-consulting.com\\\/wp-content\\\/uploads\\\/2025\\\/04\\\/logo.webp\",\"contentUrl\":\"https:\\\/\\\/kloepfel-consulting.com\\\/wp-content\\\/uploads\\\/2025\\\/04\\\/logo.webp\",\"width\":616,\"height\":284,\"caption\":\"KLOEPFEL by EPSA\"},\"image\":{\"@id\":\"https:\\\/\\\/kloepfel-consulting.com\\\/#\\\/schema\\\/logo\\\/image\\\/\"},\"sameAs\":[\"https:\\\/\\\/www.facebook.com\\\/KloepfelGroup\",\"https:\\\/\\\/www.linkedin.com\\\/company\\\/kloepfel-consulting-gmbh\",\"https:\\\/\\\/www.instagram.com\\\/kloepfel_by_epsa\\\/\"],\"description\":\"Einkaufsberatung f\u00fcr Einkauf, Logistik und Supply Chain\",\"email\":\"info@kloepfel-consulting.com\",\"telephone\":\"+4921194198433\",\"legalName\":\"Kloepfel Consulting GmbH\",\"foundingDate\":\"2007-02-01\",\"vatID\":\"DE254132249\",\"numberOfEmployees\":{\"@type\":\"QuantitativeValue\",\"minValue\":\"51\",\"maxValue\":\"200\"}},{\"@type\":\"Person\",\"@id\":\"https:\\\/\\\/kloepfel-consulting.com\\\/#\\\/schema\\\/person\\\/2691163984d9670e417622b00a4c0f26\",\"name\":\"semprediritto\",\"image\":{\"@type\":\"ImageObject\",\"inLanguage\":\"en-GB\",\"@id\":\"https:\\\/\\\/secure.gravatar.com\\\/avatar\\\/878f3ddb8fa2117ffa32d8a3152e4368517da61e3b89dd9bbfe39501477bf1f1?s=96&d=mm&r=g\",\"url\":\"https:\\\/\\\/secure.gravatar.com\\\/avatar\\\/878f3ddb8fa2117ffa32d8a3152e4368517da61e3b89dd9bbfe39501477bf1f1?s=96&d=mm&r=g\",\"contentUrl\":\"https:\\\/\\\/secure.gravatar.com\\\/avatar\\\/878f3ddb8fa2117ffa32d8a3152e4368517da61e3b89dd9bbfe39501477bf1f1?s=96&d=mm&r=g\",\"caption\":\"semprediritto\"},\"sameAs\":[\"https:\\\/\\\/kloepfel.sempre-diritto.de\"]}]}<\/script>\n<!-- \/ Yoast SEO Premium plugin. -->","yoast_head_json":{"title":"Theo M\u00fcller invests in Aretsried","description":"Unternehmensgruppe Theo M\u00fcller is building a new production facility in Aretsried, Swabia. In the town, the Group's Mol","robots":{"index":"index","follow":"follow","max-snippet":"max-snippet:-1","max-image-preview":"max-image-preview:large","max-video-preview":"max-video-preview:-1"},"canonical":"https:\/\/kloepfel-consulting.com\/en\/supply-chain-news\/theo-mueller-invests-in-aretzried\/","og_locale":"en_GB","og_type":"article","og_title":"Theo M\u00fcller investiert in Aretsried","og_description":"Die Unternehmensgruppe Theo M\u00fcller baut im schw\u00e4bischen Aretsried ein neues Produktionsgeb\u00e4ude. In dem Ort hat die zum Konzern geh\u00f6rende Molkerei Alois M\u00fcller GmbH ihren Standort.","og_url":"https:\/\/kloepfel-consulting.com\/en\/supply-chain-news\/theo-mueller-invests-in-aretzried\/","og_site_name":"KLOEPFEL by EPSA","article_publisher":"https:\/\/www.facebook.com\/KloepfelGroup","article_published_time":"2024-07-24T07:24:42+00:00","article_modified_time":"2025-08-27T09:24:42+00:00","og_image":[{"width":2200,"height":1608,"url":"https:\/\/kloepfel-consulting.com\/wp-content\/uploads\/2025\/07\/kloepfelgroup.webp","type":"image\/webp"}],"author":"semprediritto","twitter_card":"summary_large_image","twitter_title":"Theo M\u00fcller investiert in Aretsried: Neues Werk","twitter_description":"Erfahren Sie mehr \u00fcber die neuen Stellen und Investitionen in Aretsried.","twitter_misc":{"Written by":"semprediritto","Estimated reading time":"2 minutes"},"schema":{"@context":"https:\/\/schema.org","@graph":[{"@type":"Article","@id":"https:\/\/kloepfel-consulting.com\/supply-chain-news\/theo-mueller-investiert-aretsried-11731\/#article","isPartOf":{"@id":"https:\/\/kloepfel-consulting.com\/supply-chain-news\/theo-mueller-investiert-aretsried-11731\/"},"author":{"name":"semprediritto","@id":"https:\/\/kloepfel-consulting.com\/#\/schema\/person\/2691163984d9670e417622b00a4c0f26"},"headline":"Theo M\u00fcller investiert in Aretsried","datePublished":"2024-07-24T07:24:42+00:00","dateModified":"2025-08-27T09:24:42+00:00","mainEntityOfPage":{"@id":"https:\/\/kloepfel-consulting.com\/supply-chain-news\/theo-mueller-investiert-aretsried-11731\/"},"wordCount":250,"commentCount":0,"publisher":{"@id":"https:\/\/kloepfel-consulting.com\/#organization"},"image":{"@id":"https:\/\/kloepfel-consulting.com\/supply-chain-news\/theo-mueller-investiert-aretsried-11731\/#primaryimage"},"thumbnailUrl":"https:\/\/kloepfel-consulting.com\/wp-content\/uploads\/2025\/08\/Theo-Mueller-Molkerei-Alois-Mueller-csm_AR_Milchsammelw_b9c9ad2ccb.webp","articleSection":["Supply Chain News"],"inLanguage":"en-GB","potentialAction":[{"@type":"CommentAction","name":"Comment","target":["https:\/\/kloepfel-consulting.com\/supply-chain-news\/theo-mueller-investiert-aretsried-11731\/#respond"]}],"copyrightYear":"2024","copyrightHolder":{"@id":"https:\/\/kloepfel-consulting.com\/en\/#organization"}},{"@type":"WebPage","@id":"https:\/\/kloepfel-consulting.com\/supply-chain-news\/theo-mueller-investiert-aretsried-11731\/","url":"https:\/\/kloepfel-consulting.com\/supply-chain-news\/theo-mueller-investiert-aretsried-11731\/","name":"Theo M\u00fcller invests in Aretsried","isPartOf":{"@id":"https:\/\/kloepfel-consulting.com\/#website"},"primaryImageOfPage":{"@id":"https:\/\/kloepfel-consulting.com\/supply-chain-news\/theo-mueller-investiert-aretsried-11731\/#primaryimage"},"image":{"@id":"https:\/\/kloepfel-consulting.com\/supply-chain-news\/theo-mueller-investiert-aretsried-11731\/#primaryimage"},"thumbnailUrl":"https:\/\/kloepfel-consulting.com\/wp-content\/uploads\/2025\/08\/Theo-Mueller-Molkerei-Alois-Mueller-csm_AR_Milchsammelw_b9c9ad2ccb.webp","datePublished":"2024-07-24T07:24:42+00:00","dateModified":"2025-08-27T09:24:42+00:00","description":"Unternehmensgruppe Theo M\u00fcller is building a new production facility in Aretsried, Swabia. In the town, the Group's Mol","breadcrumb":{"@id":"https:\/\/kloepfel-consulting.com\/supply-chain-news\/theo-mueller-investiert-aretsried-11731\/#breadcrumb"},"inLanguage":"en-GB","potentialAction":[{"@type":"ReadAction","target":["https:\/\/kloepfel-consulting.com\/supply-chain-news\/theo-mueller-investiert-aretsried-11731\/"]}]},{"@type":"ImageObject","inLanguage":"en-GB","@id":"https:\/\/kloepfel-consulting.com\/supply-chain-news\/theo-mueller-investiert-aretsried-11731\/#primaryimage","url":"https:\/\/kloepfel-consulting.com\/wp-content\/uploads\/2025\/08\/Theo-Mueller-Molkerei-Alois-Mueller-csm_AR_Milchsammelw_b9c9ad2ccb.webp","contentUrl":"https:\/\/kloepfel-consulting.com\/wp-content\/uploads\/2025\/08\/Theo-Mueller-Molkerei-Alois-Mueller-csm_AR_Milchsammelw_b9c9ad2ccb.webp","width":1760,"height":1174,"caption":"Milchsammelwagen von M\u00fcller an einer Stra\u00dfe."},{"@type":"BreadcrumbList","@id":"https:\/\/kloepfel-consulting.com\/supply-chain-news\/theo-mueller-investiert-aretsried-11731\/#breadcrumb","itemListElement":[{"@type":"ListItem","position":1,"name":"Startseite","item":"https:\/\/kloepfel-consulting.com\/"},{"@type":"ListItem","position":2,"name":"Logistikoptimierung","item":"https:\/\/kloepfel-consulting.com\/zuordnung-landingpage\/logistikoptimierung\/"},{"@type":"ListItem","position":3,"name":"Theo M\u00fcller investiert in Aretsried"}]},{"@type":"WebSite","@id":"https:\/\/kloepfel-consulting.com\/#website","url":"https:\/\/kloepfel-consulting.com\/","name":"KLOEPFEL by EPSA","description":"","publisher":{"@id":"https:\/\/kloepfel-consulting.com\/#organization"},"alternateName":"KLOEPFELbyEPSA","potentialAction":[{"@type":"SearchAction","target":{"@type":"EntryPoint","urlTemplate":"https:\/\/kloepfel-consulting.com\/?s={search_term_string}"},"query-input":{"@type":"PropertyValueSpecification","valueRequired":true,"valueName":"search_term_string"}}],"inLanguage":"en-GB"},{"@type":"Organization","@id":"https:\/\/kloepfel-consulting.com\/#organization","name":"KLOEPFEL by EPSA","alternateName":"KLOEPFELbyEPSA","url":"https:\/\/kloepfel-consulting.com\/","logo":{"@type":"ImageObject","inLanguage":"en-GB","@id":"https:\/\/kloepfel-consulting.com\/#\/schema\/logo\/image\/","url":"https:\/\/kloepfel-consulting.com\/wp-content\/uploads\/2025\/04\/logo.webp","contentUrl":"https:\/\/kloepfel-consulting.com\/wp-content\/uploads\/2025\/04\/logo.webp","width":616,"height":284,"caption":"KLOEPFEL by EPSA"},"image":{"@id":"https:\/\/kloepfel-consulting.com\/#\/schema\/logo\/image\/"},"sameAs":["https:\/\/www.facebook.com\/KloepfelGroup","https:\/\/www.linkedin.com\/company\/kloepfel-consulting-gmbh","https:\/\/www.instagram.com\/kloepfel_by_epsa\/"],"description":"Purchasing Advice for Procurement, Logistics, and Supply Chain","email":"info@kloepfel-consulting.com","telephone":"+4921194198433","legalName":"Kloepfel Consulting GmbH","foundingDate":"2007-02-01","vatID":"DE254132249","numberOfEmployees":{"@type":"QuantitativeValue","minValue":"51","maxValue":"200"}},{"@type":"Person","@id":"https:\/\/kloepfel-consulting.com\/#\/schema\/person\/2691163984d9670e417622b00a4c0f26","name":"Always right","image":{"@type":"ImageObject","inLanguage":"en-GB","@id":"https:\/\/secure.gravatar.com\/avatar\/878f3ddb8fa2117ffa32d8a3152e4368517da61e3b89dd9bbfe39501477bf1f1?s=96&d=mm&r=g","url":"https:\/\/secure.gravatar.com\/avatar\/878f3ddb8fa2117ffa32d8a3152e4368517da61e3b89dd9bbfe39501477bf1f1?s=96&d=mm&r=g","contentUrl":"https:\/\/secure.gravatar.com\/avatar\/878f3ddb8fa2117ffa32d8a3152e4368517da61e3b89dd9bbfe39501477bf1f1?s=96&d=mm&r=g","caption":"semprediritto"},"sameAs":["https:\/\/kloepfel.sempre-diritto.de"]}]}},"_links":{"self":[{"href":"https:\/\/kloepfel-consulting.com\/en\/wp-json\/wp\/v2\/posts\/11731","targetHints":{"allow":["GET"]}}],"collection":[{"href":"https:\/\/kloepfel-consulting.com\/en\/wp-json\/wp\/v2\/posts"}],"about":[{"href":"https:\/\/kloepfel-consulting.com\/en\/wp-json\/wp\/v2\/types\/post"}],"author":[{"embeddable":true,"href":"https:\/\/kloepfel-consulting.com\/en\/wp-json\/wp\/v2\/users\/1"}],"replies":[{"embeddable":true,"href":"https:\/\/kloepfel-consulting.com\/en\/wp-json\/wp\/v2\/comments?post=11731"}],"version-history":[{"count":2,"href":"https:\/\/kloepfel-consulting.com\/en\/wp-json\/wp\/v2\/posts\/11731\/revisions"}],"predecessor-version":[{"id":14659,"href":"https:\/\/kloepfel-consulting.com\/en\/wp-json\/wp\/v2\/posts\/11731\/revisions\/14659"}],"wp:featuredmedia":[{"embeddable":true,"href":"https:\/\/kloepfel-consulting.com\/en\/wp-json\/wp\/v2\/media\/11732"}],"wp:attachment":[{"href":"https:\/\/kloepfel-consulting.com\/en\/wp-json\/wp\/v2\/media?parent=11731"}],"wp:term":[{"taxonomy":"category","embeddable":true,"href":"https:\/\/kloepfel-consulting.com\/en\/wp-json\/wp\/v2\/categories?post=11731"},{"taxonomy":"post_tag","embeddable":true,"href":"https:\/\/kloepfel-consulting.com\/en\/wp-json\/wp\/v2\/tags?post=11731"},{"taxonomy":"referenzkategorie","embeddable":true,"href":"https:\/\/kloepfel-consulting.com\/en\/wp-json\/wp\/v2\/referenzkategorie?post=11731"}],"curies":[{"name":"wp","href":"https:\/\/api.w.org\/{rel}","templated":true}]}}