{"id":11879,"date":"2024-10-14T09:24:53","date_gmt":"2024-10-14T07:24:53","guid":{"rendered":"https:\/\/kloepfel.sempre-diritto.de\/2024\/10\/14\/deutz-kostensenkung\/"},"modified":"2025-08-27T11:24:53","modified_gmt":"2025-08-27T09:24:53","slug":"deutz-cost-reduction","status":"publish","type":"post","link":"https:\/\/kloepfel-consulting.com\/en\/supply-chain-news\/deutz-kostensenkung-11879\/","title":{"rendered":"Deutz: Cost reduction"},"content":{"rendered":"<h2>Growth strategy and planned cost reduction<\/h2>\n<p><a href=\"https:\/\/kloepfel-consulting.com\/en\/supply-chain-news\/unternehmen\/deutz-zusammenarbeit-tafe-8883303\/\" rel=\"noopener\" target=\"_blank\">Deutz<\/a> recently published a <strong>Cost programme<\/strong> announced. According to its press release, the Cologne-based engine manufacturer intends to use this to counteract the cyclical decline in demand.<\/p>\n<p>Deutz presented this cost programme as part of its capital market last Wednesday. At the same time, the company provided information on the further development of its \u201eDual+\u201c strategy.<\/p>\n<h3>Solutions along the value chain<\/h3>\n<p>As the core of the <em>strategic further development <\/em>Deutz cites a stronger diversification of the portfolio and a positioning in the area of alternative drives that is adapted to demand. <\/p>\n<p>The company is thus continuing the Dual+ strategy it embarked on two years ago. According to its press release, the engine manufacturer intends to build on its successes. According to the company, the achievements to date include initial steps towards market consolidation in the classic combustion engine business, progress in the growth of the service business and a reorganisation of the green portfolio.<\/p>\n<p>According to its press release, Deutz has created a new segment called \u201eSolutions\u201c as part of its strategic development. This segment includes alternative drives, among other things. In addition, the engine manufacturer says it is grouping together business that goes beyond the production and servicing of engines and is located in markets in which Deutz has mastered technology and service.<\/p>\n<p> \u201eWith our new Solutions segment, we will position ourselves much more strongly as a solution provider along the value chains we are familiar with - in order to grow profitably with relevant products and make DEUTZ more resilient overall,\u201c explains Sebastian C. Schulte, CEO of Deutz.<\/p>\n<h3>Cost programme - response to difficult economic situation<\/h3>\n<p>With the announcement of its cost programme, Deutz is responding to the ongoing difficult economic situation. According to the press release, costs are to be sustainably reduced by 50 million euros by the end of 2026. <\/p>\n<p>This new cost programme complements the short-term measures that have already been introduced. These measures are expected to have an effect of 18 to 15 million euros as early as the fourth quarter. According to Deutz, these short-term cost-cutting measures include making production more flexible and introducing short-time working.<\/p>\n<p>Oliver Neu, Chief Financial Officer and Labour Director of Deutz AG, explains: \u201eThe result of our performance and, above all, portfolio measures over the last two years is that we are earning money even in these difficult times. However, the current situation shows that additional structural measures are needed to position us successfully for the future.\u201c This will also involve job cuts.<\/p>","protected":false},"excerpt":{"rendered":"<p>Wachstumsstrategie und geplante Senkung der Kosten Deutz hat j\u00fcngst ein Kostenprogramm verk\u00fcndet. Mit diesem will der K\u00f6lner Motorenhersteller seiner Pressermitteilung zufolge dem konjukturell bedingten Nachfrager\u00fcckgang entgegenwirken. Dieses Kostenprogramm stellte Deutz im Rahmen seines Kapitalmarkts am vergangenen Mittwoch vor. Gleichzeitig informierte das Unternehmen \u00fcber die Weiterentwicklung seiner \u201eDual+\u201c genannten Strategie. L\u00f6sungen entlang der Wertsch\u00f6pfungsketten Als Kern [&hellip;]<\/p>\n","protected":false},"author":1,"featured_media":11710,"comment_status":"open","ping_status":"open","sticky":false,"template":"","format":"standard","meta":{"_acf_changed":false,"footnotes":""},"categories":[88],"tags":[],"referenzkategorie":[],"class_list":["post-11879","post","type-post","status-publish","format-standard","has-post-thumbnail","hentry","category-supply-chain-news"],"acf":[],"yoast_head":"<!-- This site is optimized with the Yoast SEO Premium plugin v27.5 (Yoast SEO v27.5) - https:\/\/yoast.com\/product\/yoast-seo-premium-wordpress\/ -->\n<title>Deutz: Kostensenkung<\/title>\n<meta name=\"description\" content=\"Deutz hat j\u00fcngst ein Kostenprogramm verk\u00fcndet. Mit diesem will der K\u00f6lner Motorenhersteller seiner Pressermitteilung zufolge dem konjukturel\" \/>\n<meta name=\"robots\" content=\"index, follow, max-snippet:-1, max-image-preview:large, max-video-preview:-1\" \/>\n<link rel=\"canonical\" href=\"https:\/\/kloepfel-consulting.com\/en\/supply-chain-news\/deutz-cost-reduction-11879\/\" \/>\n<meta property=\"og:locale\" content=\"en_GB\" \/>\n<meta property=\"og:type\" content=\"article\" \/>\n<meta property=\"og:title\" content=\"Deutz: Kostensenkung\" \/>\n<meta property=\"og:description\" content=\"Deutz hat j\u00fcngst ein Kostenprogramm verk\u00fcndet. Mit diesem will der K\u00f6lner Motorenhersteller seiner Pressermitteilung zufolge dem konjukturell bedingten Nachfrager\u00fcckgang entgegenwirken.\" \/>\n<meta property=\"og:url\" content=\"https:\/\/kloepfel-consulting.com\/en\/supply-chain-news\/deutz-cost-reduction-11879\/\" \/>\n<meta property=\"og:site_name\" content=\"KLOEPFEL by EPSA\" \/>\n<meta property=\"article:publisher\" content=\"https:\/\/www.facebook.com\/KloepfelGroup\" \/>\n<meta property=\"article:published_time\" content=\"2024-10-14T07:24:53+00:00\" \/>\n<meta property=\"article:modified_time\" content=\"2025-08-27T09:24:53+00:00\" \/>\n<meta property=\"og:image\" content=\"https:\/\/kloepfel-consulting.com\/wp-content\/uploads\/2025\/07\/kloepfelgroup.webp\" \/>\n\t<meta property=\"og:image:width\" content=\"2200\" \/>\n\t<meta property=\"og:image:height\" content=\"1608\" \/>\n\t<meta property=\"og:image:type\" content=\"image\/webp\" \/>\n<meta name=\"author\" content=\"semprediritto\" \/>\n<meta name=\"twitter:card\" content=\"summary_large_image\" \/>\n<meta name=\"twitter:title\" content=\"Deutz: Kostensenkung und neue Strategien 2024\" \/>\n<meta name=\"twitter:description\" content=\"Informieren Sie sich \u00fcber Deutz&#039; neue Wachstumsstrategien und Kostensenkungen. Jetzt mehr erfahren!\" \/>\n<meta name=\"twitter:label1\" content=\"Written by\" \/>\n\t<meta name=\"twitter:data1\" content=\"semprediritto\" \/>\n\t<meta name=\"twitter:label2\" content=\"Estimated reading time\" \/>\n\t<meta name=\"twitter:data2\" content=\"3 minutes\" \/>\n<script type=\"application\/ld+json\" class=\"yoast-schema-graph\">{\"@context\":\"https:\\\/\\\/schema.org\",\"@graph\":[{\"@type\":\"Article\",\"@id\":\"https:\\\/\\\/kloepfel-consulting.com\\\/supply-chain-news\\\/deutz-kostensenkung-11879\\\/#article\",\"isPartOf\":{\"@id\":\"https:\\\/\\\/kloepfel-consulting.com\\\/supply-chain-news\\\/deutz-kostensenkung-11879\\\/\"},\"author\":{\"name\":\"semprediritto\",\"@id\":\"https:\\\/\\\/kloepfel-consulting.com\\\/#\\\/schema\\\/person\\\/2691163984d9670e417622b00a4c0f26\"},\"headline\":\"Deutz: Kostensenkung\",\"datePublished\":\"2024-10-14T07:24:53+00:00\",\"dateModified\":\"2025-08-27T09:24:53+00:00\",\"mainEntityOfPage\":{\"@id\":\"https:\\\/\\\/kloepfel-consulting.com\\\/supply-chain-news\\\/deutz-kostensenkung-11879\\\/\"},\"wordCount\":402,\"commentCount\":0,\"publisher\":{\"@id\":\"https:\\\/\\\/kloepfel-consulting.com\\\/#organization\"},\"image\":{\"@id\":\"https:\\\/\\\/kloepfel-consulting.com\\\/supply-chain-news\\\/deutz-kostensenkung-11879\\\/#primaryimage\"},\"thumbnailUrl\":\"https:\\\/\\\/kloepfel-consulting.com\\\/wp-content\\\/uploads\\\/2025\\\/08\\\/deutz-banner-about-Zentrale-Koeln.webp\",\"articleSection\":[\"Supply Chain News\"],\"inLanguage\":\"en-GB\",\"potentialAction\":[{\"@type\":\"CommentAction\",\"name\":\"Comment\",\"target\":[\"https:\\\/\\\/kloepfel-consulting.com\\\/supply-chain-news\\\/deutz-kostensenkung-11879\\\/#respond\"]}],\"copyrightYear\":\"2024\",\"copyrightHolder\":{\"@id\":\"https:\\\/\\\/kloepfel-consulting.com\\\/en\\\/#organization\"}},{\"@type\":\"WebPage\",\"@id\":\"https:\\\/\\\/kloepfel-consulting.com\\\/supply-chain-news\\\/deutz-kostensenkung-11879\\\/\",\"url\":\"https:\\\/\\\/kloepfel-consulting.com\\\/supply-chain-news\\\/deutz-kostensenkung-11879\\\/\",\"name\":\"Deutz: Kostensenkung\",\"isPartOf\":{\"@id\":\"https:\\\/\\\/kloepfel-consulting.com\\\/#website\"},\"primaryImageOfPage\":{\"@id\":\"https:\\\/\\\/kloepfel-consulting.com\\\/supply-chain-news\\\/deutz-kostensenkung-11879\\\/#primaryimage\"},\"image\":{\"@id\":\"https:\\\/\\\/kloepfel-consulting.com\\\/supply-chain-news\\\/deutz-kostensenkung-11879\\\/#primaryimage\"},\"thumbnailUrl\":\"https:\\\/\\\/kloepfel-consulting.com\\\/wp-content\\\/uploads\\\/2025\\\/08\\\/deutz-banner-about-Zentrale-Koeln.webp\",\"datePublished\":\"2024-10-14T07:24:53+00:00\",\"dateModified\":\"2025-08-27T09:24:53+00:00\",\"description\":\"Deutz hat j\u00fcngst ein Kostenprogramm verk\u00fcndet. Mit diesem will der K\u00f6lner Motorenhersteller seiner Pressermitteilung zufolge dem konjukturel\",\"breadcrumb\":{\"@id\":\"https:\\\/\\\/kloepfel-consulting.com\\\/supply-chain-news\\\/deutz-kostensenkung-11879\\\/#breadcrumb\"},\"inLanguage\":\"en-GB\",\"potentialAction\":[{\"@type\":\"ReadAction\",\"target\":[\"https:\\\/\\\/kloepfel-consulting.com\\\/supply-chain-news\\\/deutz-kostensenkung-11879\\\/\"]}]},{\"@type\":\"ImageObject\",\"inLanguage\":\"en-GB\",\"@id\":\"https:\\\/\\\/kloepfel-consulting.com\\\/supply-chain-news\\\/deutz-kostensenkung-11879\\\/#primaryimage\",\"url\":\"https:\\\/\\\/kloepfel-consulting.com\\\/wp-content\\\/uploads\\\/2025\\\/08\\\/deutz-banner-about-Zentrale-Koeln.webp\",\"contentUrl\":\"https:\\\/\\\/kloepfel-consulting.com\\\/wp-content\\\/uploads\\\/2025\\\/08\\\/deutz-banner-about-Zentrale-Koeln.webp\",\"width\":2049,\"height\":1366,\"caption\":\"Die Zentrale der Deutz AG in K\u00f6ln.\"},{\"@type\":\"BreadcrumbList\",\"@id\":\"https:\\\/\\\/kloepfel-consulting.com\\\/supply-chain-news\\\/deutz-kostensenkung-11879\\\/#breadcrumb\",\"itemListElement\":[{\"@type\":\"ListItem\",\"position\":1,\"name\":\"Startseite\",\"item\":\"https:\\\/\\\/kloepfel-consulting.com\\\/\"},{\"@type\":\"ListItem\",\"position\":2,\"name\":\"Logistikoptimierung\",\"item\":\"https:\\\/\\\/kloepfel-consulting.com\\\/zuordnung-landingpage\\\/logistikoptimierung\\\/\"},{\"@type\":\"ListItem\",\"position\":3,\"name\":\"Deutz: Kostensenkung\"}]},{\"@type\":\"WebSite\",\"@id\":\"https:\\\/\\\/kloepfel-consulting.com\\\/#website\",\"url\":\"https:\\\/\\\/kloepfel-consulting.com\\\/\",\"name\":\"KLOEPFEL by EPSA\",\"description\":\"\",\"publisher\":{\"@id\":\"https:\\\/\\\/kloepfel-consulting.com\\\/#organization\"},\"alternateName\":\"KLOEPFELbyEPSA\",\"potentialAction\":[{\"@type\":\"SearchAction\",\"target\":{\"@type\":\"EntryPoint\",\"urlTemplate\":\"https:\\\/\\\/kloepfel-consulting.com\\\/?s={search_term_string}\"},\"query-input\":{\"@type\":\"PropertyValueSpecification\",\"valueRequired\":true,\"valueName\":\"search_term_string\"}}],\"inLanguage\":\"en-GB\"},{\"@type\":\"Organization\",\"@id\":\"https:\\\/\\\/kloepfel-consulting.com\\\/#organization\",\"name\":\"KLOEPFEL by EPSA\",\"alternateName\":\"KLOEPFELbyEPSA\",\"url\":\"https:\\\/\\\/kloepfel-consulting.com\\\/\",\"logo\":{\"@type\":\"ImageObject\",\"inLanguage\":\"en-GB\",\"@id\":\"https:\\\/\\\/kloepfel-consulting.com\\\/#\\\/schema\\\/logo\\\/image\\\/\",\"url\":\"https:\\\/\\\/kloepfel-consulting.com\\\/wp-content\\\/uploads\\\/2025\\\/04\\\/logo.webp\",\"contentUrl\":\"https:\\\/\\\/kloepfel-consulting.com\\\/wp-content\\\/uploads\\\/2025\\\/04\\\/logo.webp\",\"width\":616,\"height\":284,\"caption\":\"KLOEPFEL by EPSA\"},\"image\":{\"@id\":\"https:\\\/\\\/kloepfel-consulting.com\\\/#\\\/schema\\\/logo\\\/image\\\/\"},\"sameAs\":[\"https:\\\/\\\/www.facebook.com\\\/KloepfelGroup\",\"https:\\\/\\\/www.linkedin.com\\\/company\\\/kloepfel-consulting-gmbh\",\"https:\\\/\\\/www.instagram.com\\\/kloepfel_by_epsa\\\/\"],\"description\":\"Einkaufsberatung f\u00fcr Einkauf, Logistik und Supply Chain\",\"email\":\"info@kloepfel-consulting.com\",\"telephone\":\"+4921194198433\",\"legalName\":\"Kloepfel Consulting GmbH\",\"foundingDate\":\"2007-02-01\",\"vatID\":\"DE254132249\",\"numberOfEmployees\":{\"@type\":\"QuantitativeValue\",\"minValue\":\"51\",\"maxValue\":\"200\"}},{\"@type\":\"Person\",\"@id\":\"https:\\\/\\\/kloepfel-consulting.com\\\/#\\\/schema\\\/person\\\/2691163984d9670e417622b00a4c0f26\",\"name\":\"semprediritto\",\"image\":{\"@type\":\"ImageObject\",\"inLanguage\":\"en-GB\",\"@id\":\"https:\\\/\\\/secure.gravatar.com\\\/avatar\\\/878f3ddb8fa2117ffa32d8a3152e4368517da61e3b89dd9bbfe39501477bf1f1?s=96&d=mm&r=g\",\"url\":\"https:\\\/\\\/secure.gravatar.com\\\/avatar\\\/878f3ddb8fa2117ffa32d8a3152e4368517da61e3b89dd9bbfe39501477bf1f1?s=96&d=mm&r=g\",\"contentUrl\":\"https:\\\/\\\/secure.gravatar.com\\\/avatar\\\/878f3ddb8fa2117ffa32d8a3152e4368517da61e3b89dd9bbfe39501477bf1f1?s=96&d=mm&r=g\",\"caption\":\"semprediritto\"},\"sameAs\":[\"https:\\\/\\\/kloepfel.sempre-diritto.de\"]}]}<\/script>\n<!-- \/ Yoast SEO Premium plugin. -->","yoast_head_json":{"title":"Deutz: Cost reduction","description":"Deutz recently announced a cost programme. According to its press release, the Cologne-based engine manufacturer intends to use this programme to counter the economic downturn.","robots":{"index":"index","follow":"follow","max-snippet":"max-snippet:-1","max-image-preview":"max-image-preview:large","max-video-preview":"max-video-preview:-1"},"canonical":"https:\/\/kloepfel-consulting.com\/en\/supply-chain-news\/deutz-cost-reduction-11879\/","og_locale":"en_GB","og_type":"article","og_title":"Deutz: Kostensenkung","og_description":"Deutz hat j\u00fcngst ein Kostenprogramm verk\u00fcndet. Mit diesem will der K\u00f6lner Motorenhersteller seiner Pressermitteilung zufolge dem konjukturell bedingten Nachfrager\u00fcckgang entgegenwirken.","og_url":"https:\/\/kloepfel-consulting.com\/en\/supply-chain-news\/deutz-cost-reduction-11879\/","og_site_name":"KLOEPFEL by EPSA","article_publisher":"https:\/\/www.facebook.com\/KloepfelGroup","article_published_time":"2024-10-14T07:24:53+00:00","article_modified_time":"2025-08-27T09:24:53+00:00","og_image":[{"width":2200,"height":1608,"url":"https:\/\/kloepfel-consulting.com\/wp-content\/uploads\/2025\/07\/kloepfelgroup.webp","type":"image\/webp"}],"author":"semprediritto","twitter_card":"summary_large_image","twitter_title":"Deutz: Kostensenkung und neue Strategien 2024","twitter_description":"Informieren Sie sich \u00fcber Deutz' neue Wachstumsstrategien und Kostensenkungen. Jetzt mehr erfahren!","twitter_misc":{"Written by":"semprediritto","Estimated reading time":"3 minutes"},"schema":{"@context":"https:\/\/schema.org","@graph":[{"@type":"Article","@id":"https:\/\/kloepfel-consulting.com\/supply-chain-news\/deutz-kostensenkung-11879\/#article","isPartOf":{"@id":"https:\/\/kloepfel-consulting.com\/supply-chain-news\/deutz-kostensenkung-11879\/"},"author":{"name":"semprediritto","@id":"https:\/\/kloepfel-consulting.com\/#\/schema\/person\/2691163984d9670e417622b00a4c0f26"},"headline":"Deutz: Kostensenkung","datePublished":"2024-10-14T07:24:53+00:00","dateModified":"2025-08-27T09:24:53+00:00","mainEntityOfPage":{"@id":"https:\/\/kloepfel-consulting.com\/supply-chain-news\/deutz-kostensenkung-11879\/"},"wordCount":402,"commentCount":0,"publisher":{"@id":"https:\/\/kloepfel-consulting.com\/#organization"},"image":{"@id":"https:\/\/kloepfel-consulting.com\/supply-chain-news\/deutz-kostensenkung-11879\/#primaryimage"},"thumbnailUrl":"https:\/\/kloepfel-consulting.com\/wp-content\/uploads\/2025\/08\/deutz-banner-about-Zentrale-Koeln.webp","articleSection":["Supply Chain News"],"inLanguage":"en-GB","potentialAction":[{"@type":"CommentAction","name":"Comment","target":["https:\/\/kloepfel-consulting.com\/supply-chain-news\/deutz-kostensenkung-11879\/#respond"]}],"copyrightYear":"2024","copyrightHolder":{"@id":"https:\/\/kloepfel-consulting.com\/en\/#organization"}},{"@type":"WebPage","@id":"https:\/\/kloepfel-consulting.com\/supply-chain-news\/deutz-kostensenkung-11879\/","url":"https:\/\/kloepfel-consulting.com\/supply-chain-news\/deutz-kostensenkung-11879\/","name":"Deutz: Cost reduction","isPartOf":{"@id":"https:\/\/kloepfel-consulting.com\/#website"},"primaryImageOfPage":{"@id":"https:\/\/kloepfel-consulting.com\/supply-chain-news\/deutz-kostensenkung-11879\/#primaryimage"},"image":{"@id":"https:\/\/kloepfel-consulting.com\/supply-chain-news\/deutz-kostensenkung-11879\/#primaryimage"},"thumbnailUrl":"https:\/\/kloepfel-consulting.com\/wp-content\/uploads\/2025\/08\/deutz-banner-about-Zentrale-Koeln.webp","datePublished":"2024-10-14T07:24:53+00:00","dateModified":"2025-08-27T09:24:53+00:00","description":"Deutz recently announced a cost programme. According to its press release, the Cologne-based engine manufacturer intends to use this programme to counter the economic downturn.","breadcrumb":{"@id":"https:\/\/kloepfel-consulting.com\/supply-chain-news\/deutz-kostensenkung-11879\/#breadcrumb"},"inLanguage":"en-GB","potentialAction":[{"@type":"ReadAction","target":["https:\/\/kloepfel-consulting.com\/supply-chain-news\/deutz-kostensenkung-11879\/"]}]},{"@type":"ImageObject","inLanguage":"en-GB","@id":"https:\/\/kloepfel-consulting.com\/supply-chain-news\/deutz-kostensenkung-11879\/#primaryimage","url":"https:\/\/kloepfel-consulting.com\/wp-content\/uploads\/2025\/08\/deutz-banner-about-Zentrale-Koeln.webp","contentUrl":"https:\/\/kloepfel-consulting.com\/wp-content\/uploads\/2025\/08\/deutz-banner-about-Zentrale-Koeln.webp","width":2049,"height":1366,"caption":"Die Zentrale der Deutz AG in K\u00f6ln."},{"@type":"BreadcrumbList","@id":"https:\/\/kloepfel-consulting.com\/supply-chain-news\/deutz-kostensenkung-11879\/#breadcrumb","itemListElement":[{"@type":"ListItem","position":1,"name":"Startseite","item":"https:\/\/kloepfel-consulting.com\/"},{"@type":"ListItem","position":2,"name":"Logistikoptimierung","item":"https:\/\/kloepfel-consulting.com\/zuordnung-landingpage\/logistikoptimierung\/"},{"@type":"ListItem","position":3,"name":"Deutz: Kostensenkung"}]},{"@type":"WebSite","@id":"https:\/\/kloepfel-consulting.com\/#website","url":"https:\/\/kloepfel-consulting.com\/","name":"KLOEPFEL by EPSA","description":"","publisher":{"@id":"https:\/\/kloepfel-consulting.com\/#organization"},"alternateName":"KLOEPFELbyEPSA","potentialAction":[{"@type":"SearchAction","target":{"@type":"EntryPoint","urlTemplate":"https:\/\/kloepfel-consulting.com\/?s={search_term_string}"},"query-input":{"@type":"PropertyValueSpecification","valueRequired":true,"valueName":"search_term_string"}}],"inLanguage":"en-GB"},{"@type":"Organization","@id":"https:\/\/kloepfel-consulting.com\/#organization","name":"KLOEPFEL by EPSA","alternateName":"KLOEPFELbyEPSA","url":"https:\/\/kloepfel-consulting.com\/","logo":{"@type":"ImageObject","inLanguage":"en-GB","@id":"https:\/\/kloepfel-consulting.com\/#\/schema\/logo\/image\/","url":"https:\/\/kloepfel-consulting.com\/wp-content\/uploads\/2025\/04\/logo.webp","contentUrl":"https:\/\/kloepfel-consulting.com\/wp-content\/uploads\/2025\/04\/logo.webp","width":616,"height":284,"caption":"KLOEPFEL by EPSA"},"image":{"@id":"https:\/\/kloepfel-consulting.com\/#\/schema\/logo\/image\/"},"sameAs":["https:\/\/www.facebook.com\/KloepfelGroup","https:\/\/www.linkedin.com\/company\/kloepfel-consulting-gmbh","https:\/\/www.instagram.com\/kloepfel_by_epsa\/"],"description":"Purchasing Advice for Procurement, Logistics, and Supply Chain","email":"info@kloepfel-consulting.com","telephone":"+4921194198433","legalName":"Kloepfel Consulting GmbH","foundingDate":"2007-02-01","vatID":"DE254132249","numberOfEmployees":{"@type":"QuantitativeValue","minValue":"51","maxValue":"200"}},{"@type":"Person","@id":"https:\/\/kloepfel-consulting.com\/#\/schema\/person\/2691163984d9670e417622b00a4c0f26","name":"Always right","image":{"@type":"ImageObject","inLanguage":"en-GB","@id":"https:\/\/secure.gravatar.com\/avatar\/878f3ddb8fa2117ffa32d8a3152e4368517da61e3b89dd9bbfe39501477bf1f1?s=96&d=mm&r=g","url":"https:\/\/secure.gravatar.com\/avatar\/878f3ddb8fa2117ffa32d8a3152e4368517da61e3b89dd9bbfe39501477bf1f1?s=96&d=mm&r=g","contentUrl":"https:\/\/secure.gravatar.com\/avatar\/878f3ddb8fa2117ffa32d8a3152e4368517da61e3b89dd9bbfe39501477bf1f1?s=96&d=mm&r=g","caption":"semprediritto"},"sameAs":["https:\/\/kloepfel.sempre-diritto.de"]}]}},"_links":{"self":[{"href":"https:\/\/kloepfel-consulting.com\/en\/wp-json\/wp\/v2\/posts\/11879","targetHints":{"allow":["GET"]}}],"collection":[{"href":"https:\/\/kloepfel-consulting.com\/en\/wp-json\/wp\/v2\/posts"}],"about":[{"href":"https:\/\/kloepfel-consulting.com\/en\/wp-json\/wp\/v2\/types\/post"}],"author":[{"embeddable":true,"href":"https:\/\/kloepfel-consulting.com\/en\/wp-json\/wp\/v2\/users\/1"}],"replies":[{"embeddable":true,"href":"https:\/\/kloepfel-consulting.com\/en\/wp-json\/wp\/v2\/comments?post=11879"}],"version-history":[{"count":2,"href":"https:\/\/kloepfel-consulting.com\/en\/wp-json\/wp\/v2\/posts\/11879\/revisions"}],"predecessor-version":[{"id":14693,"href":"https:\/\/kloepfel-consulting.com\/en\/wp-json\/wp\/v2\/posts\/11879\/revisions\/14693"}],"wp:featuredmedia":[{"embeddable":true,"href":"https:\/\/kloepfel-consulting.com\/en\/wp-json\/wp\/v2\/media\/11710"}],"wp:attachment":[{"href":"https:\/\/kloepfel-consulting.com\/en\/wp-json\/wp\/v2\/media?parent=11879"}],"wp:term":[{"taxonomy":"category","embeddable":true,"href":"https:\/\/kloepfel-consulting.com\/en\/wp-json\/wp\/v2\/categories?post=11879"},{"taxonomy":"post_tag","embeddable":true,"href":"https:\/\/kloepfel-consulting.com\/en\/wp-json\/wp\/v2\/tags?post=11879"},{"taxonomy":"referenzkategorie","embeddable":true,"href":"https:\/\/kloepfel-consulting.com\/en\/wp-json\/wp\/v2\/referenzkategorie?post=11879"}],"curies":[{"name":"wp","href":"https:\/\/api.w.org\/{rel}","templated":true}]}}