{"id":11918,"date":"2024-10-30T09:24:56","date_gmt":"2024-10-30T08:24:56","guid":{"rendered":"https:\/\/kloepfel.sempre-diritto.de\/2024\/10\/30\/telekom-2g-netz\/"},"modified":"2025-08-27T11:24:56","modified_gmt":"2025-08-27T09:24:56","slug":"telekom-2g-network","status":"publish","type":"post","link":"https:\/\/kloepfel-consulting.com\/en\/supply-chain-news\/telekom-2g-netz-11918\/","title":{"rendered":"Telekom switches off 2G network"},"content":{"rendered":"<h2>Better network coverage planned for rural areas<\/h2>\n<p>The <a href=\"https:\/\/kloepfel-consulting.com\/en\/supply-chain-news\/unternehmen\/deutsche-telekom-mwc-2024-8034181\/\" rel=\"noopener\" target=\"_blank\">Telecoms<\/a> AG, a German telecommunications company that is one of the largest in the world, is planning to switch off its 2G network (GSM) completely on 30 June 2028. This means that old mobile phones without newer standards such as 4G and 5G will no longer be usable. <\/p>\n<p>By switching off the outdated network, Deutsche Telekom intends to utilise the frequencies freed up in the 900 MHz band for 4G and 5G networks in order to improve the <strong>Network coverage <\/strong>especially in rural areas. This will then also provide a <em>Faster data transmission<\/em> where previously only telephony via 2G was possible.<\/p>\n<p>Deutsche Telekom customers do not need a new mobile phone if their device already supports 4G or 5G. Only older models without these standards will no longer work from 2028 and will need to be replaced. <\/p>\n<h3>Different plans of the network operators<\/h3>\n<p>Other German network operators such as Vodafone and Telef\u00f3nica O2 reportedly have different plans. Vodafone intends to gradually dismantle the 2G network by the end of 2030, while Telef\u00f3nica O2 is not currently planning to switch it off. <\/p>\n<h3>Other affected devices<\/h3>\n<p>In addition to telephony, the switch-off of the GSM network also affects many IoT (Internet of Things) services, such as networked electricity meters and alarm systems, which are currently still based on 2G. <\/p>\n<p>To ensure the operation of these devices, Deutsche Telekom recommends that providers and users plan the replacement of outdated radio modules now. According to information from Deutsche Telekom, a cost-effective replacement can be realised through early planning, especially for devices with long service cycles.<\/p>","protected":false},"excerpt":{"rendered":"<p>Bessere Netzabdeckung f\u00fcr l\u00e4ndliche Gebiete geplant Die Telekom AG, ein deutsches Telekommunikationsunternehmen, das zu den gr\u00f6\u00dften weltweit z\u00e4hlt, plant, am 30. Juni 2028 ihr 2G-Netz (GSM) vollst\u00e4ndig abzuschalten. Damit werden alte Handys ohne neuere Standards wie 4G und 5G nicht mehr nutzbar sein. Durch die Abschaltung des veralteten Netzes will die Telekom die frei werdenden [&hellip;]<\/p>\n","protected":false},"author":1,"featured_media":11919,"comment_status":"open","ping_status":"open","sticky":false,"template":"","format":"standard","meta":{"_acf_changed":false,"footnotes":""},"categories":[88],"tags":[],"referenzkategorie":[],"class_list":["post-11918","post","type-post","status-publish","format-standard","has-post-thumbnail","hentry","category-supply-chain-news"],"acf":[],"yoast_head":"<!-- This site is optimized with the Yoast SEO Premium plugin v27.5 (Yoast SEO v27.5) - https:\/\/yoast.com\/product\/yoast-seo-premium-wordpress\/ -->\n<title>Telekom schaltet 2G-Netz ab<\/title>\n<meta name=\"description\" content=\"Die Telekom AG, ein deutsches Telekommunikationsunternehmen, das zu den gr\u00f6\u00dften weltweit z\u00e4hlt, plant, am 30. Juni 2028 ihr 2G-Netz (GSM)\" \/>\n<meta name=\"robots\" content=\"index, follow, max-snippet:-1, max-image-preview:large, max-video-preview:-1\" \/>\n<link rel=\"canonical\" href=\"https:\/\/kloepfel-consulting.com\/en\/supply-chain-news\/telekom-2g-network-11918\/\" \/>\n<meta property=\"og:locale\" content=\"en_GB\" \/>\n<meta property=\"og:type\" content=\"article\" \/>\n<meta property=\"og:title\" content=\"Telekom schaltet 2G-Netz ab\" \/>\n<meta property=\"og:description\" content=\"Erfahren Sie mehr \u00fcber die 2G-Netzabschaltung und ihre Folgen f\u00fcr Nutzer.\" \/>\n<meta property=\"og:url\" content=\"https:\/\/kloepfel-consulting.com\/en\/supply-chain-news\/telekom-2g-network-11918\/\" \/>\n<meta property=\"og:site_name\" content=\"KLOEPFEL by EPSA\" \/>\n<meta property=\"article:publisher\" content=\"https:\/\/www.facebook.com\/KloepfelGroup\" \/>\n<meta property=\"article:published_time\" content=\"2024-10-30T08:24:56+00:00\" \/>\n<meta property=\"article:modified_time\" content=\"2025-08-27T09:24:56+00:00\" \/>\n<meta property=\"og:image\" content=\"https:\/\/kloepfel-consulting.com\/wp-content\/uploads\/2025\/07\/kloepfelgroup.webp\" \/>\n\t<meta property=\"og:image:width\" content=\"2200\" \/>\n\t<meta property=\"og:image:height\" content=\"1608\" \/>\n\t<meta property=\"og:image:type\" content=\"image\/webp\" \/>\n<meta name=\"author\" content=\"semprediritto\" \/>\n<meta name=\"twitter:card\" content=\"summary_large_image\" \/>\n<meta name=\"twitter:title\" content=\"Telekom 2G-Netz Abschaltung - Wichtige Infos\" \/>\n<meta name=\"twitter:description\" content=\"Erfahren Sie mehr \u00fcber die 2G-Netzabschaltung und ihre Folgen f\u00fcr Nutzer.\" \/>\n<meta name=\"twitter:label1\" content=\"Written by\" \/>\n\t<meta name=\"twitter:data1\" content=\"semprediritto\" \/>\n\t<meta name=\"twitter:label2\" content=\"Estimated reading time\" \/>\n\t<meta name=\"twitter:data2\" content=\"2 minutes\" \/>\n<script type=\"application\/ld+json\" class=\"yoast-schema-graph\">{\"@context\":\"https:\\\/\\\/schema.org\",\"@graph\":[{\"@type\":\"Article\",\"@id\":\"https:\\\/\\\/kloepfel-consulting.com\\\/supply-chain-news\\\/telekom-2g-netz-11918\\\/#article\",\"isPartOf\":{\"@id\":\"https:\\\/\\\/kloepfel-consulting.com\\\/supply-chain-news\\\/telekom-2g-netz-11918\\\/\"},\"author\":{\"name\":\"semprediritto\",\"@id\":\"https:\\\/\\\/kloepfel-consulting.com\\\/#\\\/schema\\\/person\\\/2691163984d9670e417622b00a4c0f26\"},\"headline\":\"Telekom schaltet 2G-Netz ab\",\"datePublished\":\"2024-10-30T08:24:56+00:00\",\"dateModified\":\"2025-08-27T09:24:56+00:00\",\"mainEntityOfPage\":{\"@id\":\"https:\\\/\\\/kloepfel-consulting.com\\\/supply-chain-news\\\/telekom-2g-netz-11918\\\/\"},\"wordCount\":249,\"commentCount\":0,\"publisher\":{\"@id\":\"https:\\\/\\\/kloepfel-consulting.com\\\/#organization\"},\"image\":{\"@id\":\"https:\\\/\\\/kloepfel-consulting.com\\\/supply-chain-news\\\/telekom-2g-netz-11918\\\/#primaryimage\"},\"thumbnailUrl\":\"https:\\\/\\\/kloepfel-consulting.com\\\/wp-content\\\/uploads\\\/2025\\\/08\\\/Presse_Telekom-scaled-1.jpg\",\"articleSection\":[\"Supply Chain News\"],\"inLanguage\":\"en-GB\",\"potentialAction\":[{\"@type\":\"CommentAction\",\"name\":\"Comment\",\"target\":[\"https:\\\/\\\/kloepfel-consulting.com\\\/supply-chain-news\\\/telekom-2g-netz-11918\\\/#respond\"]}],\"copyrightYear\":\"2024\",\"copyrightHolder\":{\"@id\":\"https:\\\/\\\/kloepfel-consulting.com\\\/en\\\/#organization\"}},{\"@type\":\"WebPage\",\"@id\":\"https:\\\/\\\/kloepfel-consulting.com\\\/supply-chain-news\\\/telekom-2g-netz-11918\\\/\",\"url\":\"https:\\\/\\\/kloepfel-consulting.com\\\/supply-chain-news\\\/telekom-2g-netz-11918\\\/\",\"name\":\"Telekom schaltet 2G-Netz ab\",\"isPartOf\":{\"@id\":\"https:\\\/\\\/kloepfel-consulting.com\\\/#website\"},\"primaryImageOfPage\":{\"@id\":\"https:\\\/\\\/kloepfel-consulting.com\\\/supply-chain-news\\\/telekom-2g-netz-11918\\\/#primaryimage\"},\"image\":{\"@id\":\"https:\\\/\\\/kloepfel-consulting.com\\\/supply-chain-news\\\/telekom-2g-netz-11918\\\/#primaryimage\"},\"thumbnailUrl\":\"https:\\\/\\\/kloepfel-consulting.com\\\/wp-content\\\/uploads\\\/2025\\\/08\\\/Presse_Telekom-scaled-1.jpg\",\"datePublished\":\"2024-10-30T08:24:56+00:00\",\"dateModified\":\"2025-08-27T09:24:56+00:00\",\"description\":\"Die Telekom AG, ein deutsches Telekommunikationsunternehmen, das zu den gr\u00f6\u00dften weltweit z\u00e4hlt, plant, am 30. Juni 2028 ihr 2G-Netz (GSM)\",\"breadcrumb\":{\"@id\":\"https:\\\/\\\/kloepfel-consulting.com\\\/supply-chain-news\\\/telekom-2g-netz-11918\\\/#breadcrumb\"},\"inLanguage\":\"en-GB\",\"potentialAction\":[{\"@type\":\"ReadAction\",\"target\":[\"https:\\\/\\\/kloepfel-consulting.com\\\/supply-chain-news\\\/telekom-2g-netz-11918\\\/\"]}]},{\"@type\":\"ImageObject\",\"inLanguage\":\"en-GB\",\"@id\":\"https:\\\/\\\/kloepfel-consulting.com\\\/supply-chain-news\\\/telekom-2g-netz-11918\\\/#primaryimage\",\"url\":\"https:\\\/\\\/kloepfel-consulting.com\\\/wp-content\\\/uploads\\\/2025\\\/08\\\/Presse_Telekom-scaled-1.jpg\",\"contentUrl\":\"https:\\\/\\\/kloepfel-consulting.com\\\/wp-content\\\/uploads\\\/2025\\\/08\\\/Presse_Telekom-scaled-1.jpg\",\"width\":2560,\"height\":1708,\"caption\":\"Fahnen der Telekom vor einem modernen B\u00fcrogeb\u00e4ude.\"},{\"@type\":\"BreadcrumbList\",\"@id\":\"https:\\\/\\\/kloepfel-consulting.com\\\/supply-chain-news\\\/telekom-2g-netz-11918\\\/#breadcrumb\",\"itemListElement\":[{\"@type\":\"ListItem\",\"position\":1,\"name\":\"Startseite\",\"item\":\"https:\\\/\\\/kloepfel-consulting.com\\\/\"},{\"@type\":\"ListItem\",\"position\":2,\"name\":\"Logistikoptimierung\",\"item\":\"https:\\\/\\\/kloepfel-consulting.com\\\/zuordnung-landingpage\\\/logistikoptimierung\\\/\"},{\"@type\":\"ListItem\",\"position\":3,\"name\":\"Telekom schaltet 2G-Netz ab\"}]},{\"@type\":\"WebSite\",\"@id\":\"https:\\\/\\\/kloepfel-consulting.com\\\/#website\",\"url\":\"https:\\\/\\\/kloepfel-consulting.com\\\/\",\"name\":\"KLOEPFEL by EPSA\",\"description\":\"\",\"publisher\":{\"@id\":\"https:\\\/\\\/kloepfel-consulting.com\\\/#organization\"},\"alternateName\":\"KLOEPFELbyEPSA\",\"potentialAction\":[{\"@type\":\"SearchAction\",\"target\":{\"@type\":\"EntryPoint\",\"urlTemplate\":\"https:\\\/\\\/kloepfel-consulting.com\\\/?s={search_term_string}\"},\"query-input\":{\"@type\":\"PropertyValueSpecification\",\"valueRequired\":true,\"valueName\":\"search_term_string\"}}],\"inLanguage\":\"en-GB\"},{\"@type\":\"Organization\",\"@id\":\"https:\\\/\\\/kloepfel-consulting.com\\\/#organization\",\"name\":\"KLOEPFEL by EPSA\",\"alternateName\":\"KLOEPFELbyEPSA\",\"url\":\"https:\\\/\\\/kloepfel-consulting.com\\\/\",\"logo\":{\"@type\":\"ImageObject\",\"inLanguage\":\"en-GB\",\"@id\":\"https:\\\/\\\/kloepfel-consulting.com\\\/#\\\/schema\\\/logo\\\/image\\\/\",\"url\":\"https:\\\/\\\/kloepfel-consulting.com\\\/wp-content\\\/uploads\\\/2025\\\/04\\\/logo.webp\",\"contentUrl\":\"https:\\\/\\\/kloepfel-consulting.com\\\/wp-content\\\/uploads\\\/2025\\\/04\\\/logo.webp\",\"width\":616,\"height\":284,\"caption\":\"KLOEPFEL by EPSA\"},\"image\":{\"@id\":\"https:\\\/\\\/kloepfel-consulting.com\\\/#\\\/schema\\\/logo\\\/image\\\/\"},\"sameAs\":[\"https:\\\/\\\/www.facebook.com\\\/KloepfelGroup\",\"https:\\\/\\\/www.linkedin.com\\\/company\\\/kloepfel-consulting-gmbh\",\"https:\\\/\\\/www.instagram.com\\\/kloepfel_by_epsa\\\/\"],\"description\":\"Einkaufsberatung f\u00fcr Einkauf, Logistik und Supply Chain\",\"email\":\"info@kloepfel-consulting.com\",\"telephone\":\"+4921194198433\",\"legalName\":\"Kloepfel Consulting GmbH\",\"foundingDate\":\"2007-02-01\",\"vatID\":\"DE254132249\",\"numberOfEmployees\":{\"@type\":\"QuantitativeValue\",\"minValue\":\"51\",\"maxValue\":\"200\"}},{\"@type\":\"Person\",\"@id\":\"https:\\\/\\\/kloepfel-consulting.com\\\/#\\\/schema\\\/person\\\/2691163984d9670e417622b00a4c0f26\",\"name\":\"semprediritto\",\"image\":{\"@type\":\"ImageObject\",\"inLanguage\":\"en-GB\",\"@id\":\"https:\\\/\\\/secure.gravatar.com\\\/avatar\\\/878f3ddb8fa2117ffa32d8a3152e4368517da61e3b89dd9bbfe39501477bf1f1?s=96&d=mm&r=g\",\"url\":\"https:\\\/\\\/secure.gravatar.com\\\/avatar\\\/878f3ddb8fa2117ffa32d8a3152e4368517da61e3b89dd9bbfe39501477bf1f1?s=96&d=mm&r=g\",\"contentUrl\":\"https:\\\/\\\/secure.gravatar.com\\\/avatar\\\/878f3ddb8fa2117ffa32d8a3152e4368517da61e3b89dd9bbfe39501477bf1f1?s=96&d=mm&r=g\",\"caption\":\"semprediritto\"},\"sameAs\":[\"https:\\\/\\\/kloepfel.sempre-diritto.de\"]}]}<\/script>\n<!-- \/ Yoast SEO Premium plugin. -->","yoast_head_json":{"title":"Telekom switches off 2G network","description":"Telekom AG, a German telecommunications company that is one of the largest in the world, plans to close its 2G network (GSM) on 30 June 2028.","robots":{"index":"index","follow":"follow","max-snippet":"max-snippet:-1","max-image-preview":"max-image-preview:large","max-video-preview":"max-video-preview:-1"},"canonical":"https:\/\/kloepfel-consulting.com\/en\/supply-chain-news\/telekom-2g-network-11918\/","og_locale":"en_GB","og_type":"article","og_title":"Telekom schaltet 2G-Netz ab","og_description":"Erfahren Sie mehr \u00fcber die 2G-Netzabschaltung und ihre Folgen f\u00fcr Nutzer.","og_url":"https:\/\/kloepfel-consulting.com\/en\/supply-chain-news\/telekom-2g-network-11918\/","og_site_name":"KLOEPFEL by EPSA","article_publisher":"https:\/\/www.facebook.com\/KloepfelGroup","article_published_time":"2024-10-30T08:24:56+00:00","article_modified_time":"2025-08-27T09:24:56+00:00","og_image":[{"width":2200,"height":1608,"url":"https:\/\/kloepfel-consulting.com\/wp-content\/uploads\/2025\/07\/kloepfelgroup.webp","type":"image\/webp"}],"author":"semprediritto","twitter_card":"summary_large_image","twitter_title":"Telekom 2G-Netz Abschaltung - Wichtige Infos","twitter_description":"Erfahren Sie mehr \u00fcber die 2G-Netzabschaltung und ihre Folgen f\u00fcr Nutzer.","twitter_misc":{"Written by":"semprediritto","Estimated reading time":"2 minutes"},"schema":{"@context":"https:\/\/schema.org","@graph":[{"@type":"Article","@id":"https:\/\/kloepfel-consulting.com\/supply-chain-news\/telekom-2g-netz-11918\/#article","isPartOf":{"@id":"https:\/\/kloepfel-consulting.com\/supply-chain-news\/telekom-2g-netz-11918\/"},"author":{"name":"semprediritto","@id":"https:\/\/kloepfel-consulting.com\/#\/schema\/person\/2691163984d9670e417622b00a4c0f26"},"headline":"Telekom schaltet 2G-Netz ab","datePublished":"2024-10-30T08:24:56+00:00","dateModified":"2025-08-27T09:24:56+00:00","mainEntityOfPage":{"@id":"https:\/\/kloepfel-consulting.com\/supply-chain-news\/telekom-2g-netz-11918\/"},"wordCount":249,"commentCount":0,"publisher":{"@id":"https:\/\/kloepfel-consulting.com\/#organization"},"image":{"@id":"https:\/\/kloepfel-consulting.com\/supply-chain-news\/telekom-2g-netz-11918\/#primaryimage"},"thumbnailUrl":"https:\/\/kloepfel-consulting.com\/wp-content\/uploads\/2025\/08\/Presse_Telekom-scaled-1.jpg","articleSection":["Supply Chain News"],"inLanguage":"en-GB","potentialAction":[{"@type":"CommentAction","name":"Comment","target":["https:\/\/kloepfel-consulting.com\/supply-chain-news\/telekom-2g-netz-11918\/#respond"]}],"copyrightYear":"2024","copyrightHolder":{"@id":"https:\/\/kloepfel-consulting.com\/en\/#organization"}},{"@type":"WebPage","@id":"https:\/\/kloepfel-consulting.com\/supply-chain-news\/telekom-2g-netz-11918\/","url":"https:\/\/kloepfel-consulting.com\/supply-chain-news\/telekom-2g-netz-11918\/","name":"Telekom switches off 2G network","isPartOf":{"@id":"https:\/\/kloepfel-consulting.com\/#website"},"primaryImageOfPage":{"@id":"https:\/\/kloepfel-consulting.com\/supply-chain-news\/telekom-2g-netz-11918\/#primaryimage"},"image":{"@id":"https:\/\/kloepfel-consulting.com\/supply-chain-news\/telekom-2g-netz-11918\/#primaryimage"},"thumbnailUrl":"https:\/\/kloepfel-consulting.com\/wp-content\/uploads\/2025\/08\/Presse_Telekom-scaled-1.jpg","datePublished":"2024-10-30T08:24:56+00:00","dateModified":"2025-08-27T09:24:56+00:00","description":"Telekom AG, a German telecommunications company that is one of the largest in the world, plans to close its 2G network (GSM) on 30 June 2028.","breadcrumb":{"@id":"https:\/\/kloepfel-consulting.com\/supply-chain-news\/telekom-2g-netz-11918\/#breadcrumb"},"inLanguage":"en-GB","potentialAction":[{"@type":"ReadAction","target":["https:\/\/kloepfel-consulting.com\/supply-chain-news\/telekom-2g-netz-11918\/"]}]},{"@type":"ImageObject","inLanguage":"en-GB","@id":"https:\/\/kloepfel-consulting.com\/supply-chain-news\/telekom-2g-netz-11918\/#primaryimage","url":"https:\/\/kloepfel-consulting.com\/wp-content\/uploads\/2025\/08\/Presse_Telekom-scaled-1.jpg","contentUrl":"https:\/\/kloepfel-consulting.com\/wp-content\/uploads\/2025\/08\/Presse_Telekom-scaled-1.jpg","width":2560,"height":1708,"caption":"Fahnen der Telekom vor einem modernen B\u00fcrogeb\u00e4ude."},{"@type":"BreadcrumbList","@id":"https:\/\/kloepfel-consulting.com\/supply-chain-news\/telekom-2g-netz-11918\/#breadcrumb","itemListElement":[{"@type":"ListItem","position":1,"name":"Startseite","item":"https:\/\/kloepfel-consulting.com\/"},{"@type":"ListItem","position":2,"name":"Logistikoptimierung","item":"https:\/\/kloepfel-consulting.com\/zuordnung-landingpage\/logistikoptimierung\/"},{"@type":"ListItem","position":3,"name":"Telekom schaltet 2G-Netz ab"}]},{"@type":"WebSite","@id":"https:\/\/kloepfel-consulting.com\/#website","url":"https:\/\/kloepfel-consulting.com\/","name":"KLOEPFEL by EPSA","description":"","publisher":{"@id":"https:\/\/kloepfel-consulting.com\/#organization"},"alternateName":"KLOEPFELbyEPSA","potentialAction":[{"@type":"SearchAction","target":{"@type":"EntryPoint","urlTemplate":"https:\/\/kloepfel-consulting.com\/?s={search_term_string}"},"query-input":{"@type":"PropertyValueSpecification","valueRequired":true,"valueName":"search_term_string"}}],"inLanguage":"en-GB"},{"@type":"Organization","@id":"https:\/\/kloepfel-consulting.com\/#organization","name":"KLOEPFEL by EPSA","alternateName":"KLOEPFELbyEPSA","url":"https:\/\/kloepfel-consulting.com\/","logo":{"@type":"ImageObject","inLanguage":"en-GB","@id":"https:\/\/kloepfel-consulting.com\/#\/schema\/logo\/image\/","url":"https:\/\/kloepfel-consulting.com\/wp-content\/uploads\/2025\/04\/logo.webp","contentUrl":"https:\/\/kloepfel-consulting.com\/wp-content\/uploads\/2025\/04\/logo.webp","width":616,"height":284,"caption":"KLOEPFEL by EPSA"},"image":{"@id":"https:\/\/kloepfel-consulting.com\/#\/schema\/logo\/image\/"},"sameAs":["https:\/\/www.facebook.com\/KloepfelGroup","https:\/\/www.linkedin.com\/company\/kloepfel-consulting-gmbh","https:\/\/www.instagram.com\/kloepfel_by_epsa\/"],"description":"Purchasing Advice for Procurement, Logistics, and Supply Chain","email":"info@kloepfel-consulting.com","telephone":"+4921194198433","legalName":"Kloepfel Consulting GmbH","foundingDate":"2007-02-01","vatID":"DE254132249","numberOfEmployees":{"@type":"QuantitativeValue","minValue":"51","maxValue":"200"}},{"@type":"Person","@id":"https:\/\/kloepfel-consulting.com\/#\/schema\/person\/2691163984d9670e417622b00a4c0f26","name":"Always right","image":{"@type":"ImageObject","inLanguage":"en-GB","@id":"https:\/\/secure.gravatar.com\/avatar\/878f3ddb8fa2117ffa32d8a3152e4368517da61e3b89dd9bbfe39501477bf1f1?s=96&d=mm&r=g","url":"https:\/\/secure.gravatar.com\/avatar\/878f3ddb8fa2117ffa32d8a3152e4368517da61e3b89dd9bbfe39501477bf1f1?s=96&d=mm&r=g","contentUrl":"https:\/\/secure.gravatar.com\/avatar\/878f3ddb8fa2117ffa32d8a3152e4368517da61e3b89dd9bbfe39501477bf1f1?s=96&d=mm&r=g","caption":"semprediritto"},"sameAs":["https:\/\/kloepfel.sempre-diritto.de"]}]}},"_links":{"self":[{"href":"https:\/\/kloepfel-consulting.com\/en\/wp-json\/wp\/v2\/posts\/11918","targetHints":{"allow":["GET"]}}],"collection":[{"href":"https:\/\/kloepfel-consulting.com\/en\/wp-json\/wp\/v2\/posts"}],"about":[{"href":"https:\/\/kloepfel-consulting.com\/en\/wp-json\/wp\/v2\/types\/post"}],"author":[{"embeddable":true,"href":"https:\/\/kloepfel-consulting.com\/en\/wp-json\/wp\/v2\/users\/1"}],"replies":[{"embeddable":true,"href":"https:\/\/kloepfel-consulting.com\/en\/wp-json\/wp\/v2\/comments?post=11918"}],"version-history":[{"count":2,"href":"https:\/\/kloepfel-consulting.com\/en\/wp-json\/wp\/v2\/posts\/11918\/revisions"}],"predecessor-version":[{"id":14701,"href":"https:\/\/kloepfel-consulting.com\/en\/wp-json\/wp\/v2\/posts\/11918\/revisions\/14701"}],"wp:featuredmedia":[{"embeddable":true,"href":"https:\/\/kloepfel-consulting.com\/en\/wp-json\/wp\/v2\/media\/11919"}],"wp:attachment":[{"href":"https:\/\/kloepfel-consulting.com\/en\/wp-json\/wp\/v2\/media?parent=11918"}],"wp:term":[{"taxonomy":"category","embeddable":true,"href":"https:\/\/kloepfel-consulting.com\/en\/wp-json\/wp\/v2\/categories?post=11918"},{"taxonomy":"post_tag","embeddable":true,"href":"https:\/\/kloepfel-consulting.com\/en\/wp-json\/wp\/v2\/tags?post=11918"},{"taxonomy":"referenzkategorie","embeddable":true,"href":"https:\/\/kloepfel-consulting.com\/en\/wp-json\/wp\/v2\/referenzkategorie?post=11918"}],"curies":[{"name":"wp","href":"https:\/\/api.w.org\/{rel}","templated":true}]}}