{"id":11930,"date":"2024-11-07T09:24:56","date_gmt":"2024-11-07T08:24:56","guid":{"rendered":"https:\/\/kloepfel.sempre-diritto.de\/2024\/11\/07\/schaeffler-stellenabbau\/"},"modified":"2025-08-27T11:24:56","modified_gmt":"2025-08-27T09:24:56","slug":"schaeffler-job-cuts","status":"publish","type":"post","link":"https:\/\/kloepfel-consulting.com\/en\/supply-chain-news\/schaeffler-stellenabbau-11930\/","title":{"rendered":"Schaeffler announces job cuts"},"content":{"rendered":"<h2>Structural measures to increase competitiveness<\/h2>\n<p>The <a href=\"https:\/\/kloepfel-consulting.com\/en\/supply-chain-news\/unternehmen\/schaeffler-kooperation-h2-green-steel-7086778\/\" rel=\"noopener\" target=\"_blank\">Schaeffler AG<\/a> plant structural measures to improve <strong>Competitiveness<\/strong>. According to its press release, the Herzogenaurach-based supplier company is reacting to the challenging market environment. Schaeffler also refers to the increasing global intensity of competition as well as the ongoing <em>Transformation<\/em> especially in the automotive supply industry.<\/p>\n<p>The measures decided upon have a regional focus on Germany and Europe. According to Schaeffler, they encompass the following three action areas: earnings improvement in Bearings &amp; Industrial Solutions, realisation of synergies from the merger with Vitesco, and capacity adjustments due to the ongoing transformation of the automotive supplier industry.<\/p>\n<h3>Cutting 4,700 jobs in Europe<\/h3>\n<p>The package of measures includes job cuts in Europe. Around 4,700 jobs are to be cut there gross. Of these, approximately 2,800 jobs will be in Germany, according to the company. <\/p>\n<p>Ten sites in Germany are affected by the decommissioning measures. In addition, there are five other European sites. Two of these will even be closed.<\/p>\n<p>Regarding the job cuts, Schaeffler writes that the implementation of the measures will predominantly take place between 2025 and 2027.<\/p>\n<h3>Savings potential of several million euros<\/h3>\n<p>According to its press release, Schaeffler anticipates an annual savings potential of approximately \u20ac290 million from the announced measures.<\/p>\n<p>However, according to the company's statement, the measures will result in a one-off expense of around 580 million euros. The sum is mainly composed of provisions and relocation costs.<\/p>\n<p>Klaus Rosenfeld, Chairman of the Executive Board of Schaeffler AG, said: \u201eWith the structural measures, we are taking an important step to secure Schaeffler's competitiveness. The measures mentioned are unavoidable given the current market and competitive situation.\u201c<\/p>","protected":false},"excerpt":{"rendered":"<p>Strukturelle Ma\u00dfnahmen zur Steigerung der Wettbewerbsf\u00e4higkeit Die Schaeffler AG plant strukturelle Ma\u00dfnahmen zur Verbesserung der Wettbewerbsf\u00e4higkeit. Laut seiner Pressemitteilung reagiert das in Herzogenaurach ans\u00e4ssige Zulieferunternehmen damit auf das herausfordernde Marktumfeld. Ebenso verweist Schaeffler diesbez\u00fcglich auf die zunehmende globale Wettbewerbsintensit\u00e4t sowie auf die fortschreitende Transformation vor allem in der Autozulierindustrie. Die beschlossenen Ma\u00dfnahmen haben einen regionalen [&hellip;]<\/p>\n","protected":false},"author":1,"featured_media":11931,"comment_status":"open","ping_status":"open","sticky":false,"template":"","format":"standard","meta":{"_acf_changed":false,"footnotes":""},"categories":[88],"tags":[],"referenzkategorie":[],"class_list":["post-11930","post","type-post","status-publish","format-standard","has-post-thumbnail","hentry","category-supply-chain-news"],"acf":[],"yoast_head":"<!-- This site is optimized with the Yoast SEO Premium plugin v27.5 (Yoast SEO v27.5) - https:\/\/yoast.com\/product\/yoast-seo-premium-wordpress\/ -->\n<title>Schaeffler k\u00fcndigt Stellenabbau an | KLOEPFEL by EPSA<\/title>\n<meta name=\"description\" content=\"Schaeffler AG plant Stellenabbau in Europa. Informieren Sie sich \u00fcber die Ma\u00dfnahmen zur Steigerung der Wettbewerbsf\u00e4higkeit und deren Auswirkungen.\" \/>\n<meta name=\"robots\" content=\"index, follow, max-snippet:-1, max-image-preview:large, max-video-preview:-1\" \/>\n<link rel=\"canonical\" href=\"https:\/\/kloepfel-consulting.com\/en\/supply-chain-news\/schaeffler-job-cuts-11930\/\" \/>\n<meta property=\"og:locale\" content=\"en_GB\" \/>\n<meta property=\"og:type\" content=\"article\" \/>\n<meta property=\"og:title\" content=\"Schaeffler k\u00fcndigt Stellenabbau an\" \/>\n<meta property=\"og:description\" content=\"Die Schaeffler AG plant strukturelle Ma\u00dfnahmen zur Verbesserung der Wettbewerbsf\u00e4higkeit. Laut seiner Pressemitteilung reagiert das in Herzogenaurach ans\u00e4ssige Zulieferunternehmen damit auf das herausfordernde Marktumfeld. Ebenso verweist Schaeffler diesbez\u00fcglich auf die zunehmende globale Wettbewerbsintensit\u00e4t sowie auf die fortschreitende Transformation vor allem in der Autozulierindustrie.\" \/>\n<meta property=\"og:url\" content=\"https:\/\/kloepfel-consulting.com\/en\/supply-chain-news\/schaeffler-job-cuts-11930\/\" \/>\n<meta property=\"og:site_name\" content=\"KLOEPFEL by EPSA\" \/>\n<meta property=\"article:publisher\" content=\"https:\/\/www.facebook.com\/KloepfelGroup\" \/>\n<meta property=\"article:published_time\" content=\"2024-11-07T08:24:56+00:00\" \/>\n<meta property=\"article:modified_time\" content=\"2025-08-27T09:24:56+00:00\" \/>\n<meta property=\"og:image\" content=\"https:\/\/kloepfel-consulting.com\/wp-content\/uploads\/2025\/07\/kloepfelgroup.webp\" \/>\n\t<meta property=\"og:image:width\" content=\"2200\" \/>\n\t<meta property=\"og:image:height\" content=\"1608\" \/>\n\t<meta property=\"og:image:type\" content=\"image\/webp\" \/>\n<meta name=\"author\" content=\"semprediritto\" \/>\n<meta name=\"twitter:card\" content=\"summary_large_image\" \/>\n<meta name=\"twitter:title\" content=\"Schaeffler k\u00fcndigt Stellenabbau: 4.700 Jobs in Gefahr\" \/>\n<meta name=\"twitter:description\" content=\"Erfahren Sie mehr \u00fcber den Schaeffler Stellenabbau und die geplanten Ma\u00dfnahmen zur Wettbewerbsf\u00e4higkeit.\" \/>\n<meta name=\"twitter:label1\" content=\"Written by\" \/>\n\t<meta name=\"twitter:data1\" content=\"semprediritto\" \/>\n\t<meta name=\"twitter:label2\" content=\"Estimated reading time\" \/>\n\t<meta name=\"twitter:data2\" content=\"2 minutes\" \/>\n<script type=\"application\/ld+json\" class=\"yoast-schema-graph\">{\"@context\":\"https:\\\/\\\/schema.org\",\"@graph\":[{\"@type\":\"Article\",\"@id\":\"https:\\\/\\\/kloepfel-consulting.com\\\/supply-chain-news\\\/schaeffler-stellenabbau-11930\\\/#article\",\"isPartOf\":{\"@id\":\"https:\\\/\\\/kloepfel-consulting.com\\\/supply-chain-news\\\/schaeffler-stellenabbau-11930\\\/\"},\"author\":{\"name\":\"semprediritto\",\"@id\":\"https:\\\/\\\/kloepfel-consulting.com\\\/#\\\/schema\\\/person\\\/2691163984d9670e417622b00a4c0f26\"},\"headline\":\"Schaeffler k\u00fcndigt Stellenabbau an\",\"datePublished\":\"2024-11-07T08:24:56+00:00\",\"dateModified\":\"2025-08-27T09:24:56+00:00\",\"mainEntityOfPage\":{\"@id\":\"https:\\\/\\\/kloepfel-consulting.com\\\/supply-chain-news\\\/schaeffler-stellenabbau-11930\\\/\"},\"wordCount\":270,\"commentCount\":0,\"publisher\":{\"@id\":\"https:\\\/\\\/kloepfel-consulting.com\\\/#organization\"},\"image\":{\"@id\":\"https:\\\/\\\/kloepfel-consulting.com\\\/supply-chain-news\\\/schaeffler-stellenabbau-11930\\\/#primaryimage\"},\"thumbnailUrl\":\"https:\\\/\\\/kloepfel-consulting.com\\\/wp-content\\\/uploads\\\/2025\\\/08\\\/schaeffler-automotive-aftermarket-headuarter-e1631085937345.jpg\",\"articleSection\":[\"Supply Chain News\"],\"inLanguage\":\"en-GB\",\"potentialAction\":[{\"@type\":\"CommentAction\",\"name\":\"Comment\",\"target\":[\"https:\\\/\\\/kloepfel-consulting.com\\\/supply-chain-news\\\/schaeffler-stellenabbau-11930\\\/#respond\"]}],\"copyrightYear\":\"2024\",\"copyrightHolder\":{\"@id\":\"https:\\\/\\\/kloepfel-consulting.com\\\/en\\\/#organization\"}},{\"@type\":\"WebPage\",\"@id\":\"https:\\\/\\\/kloepfel-consulting.com\\\/supply-chain-news\\\/schaeffler-stellenabbau-11930\\\/\",\"url\":\"https:\\\/\\\/kloepfel-consulting.com\\\/supply-chain-news\\\/schaeffler-stellenabbau-11930\\\/\",\"name\":\"Schaeffler k\u00fcndigt Stellenabbau an | KLOEPFEL by EPSA\",\"isPartOf\":{\"@id\":\"https:\\\/\\\/kloepfel-consulting.com\\\/#website\"},\"primaryImageOfPage\":{\"@id\":\"https:\\\/\\\/kloepfel-consulting.com\\\/supply-chain-news\\\/schaeffler-stellenabbau-11930\\\/#primaryimage\"},\"image\":{\"@id\":\"https:\\\/\\\/kloepfel-consulting.com\\\/supply-chain-news\\\/schaeffler-stellenabbau-11930\\\/#primaryimage\"},\"thumbnailUrl\":\"https:\\\/\\\/kloepfel-consulting.com\\\/wp-content\\\/uploads\\\/2025\\\/08\\\/schaeffler-automotive-aftermarket-headuarter-e1631085937345.jpg\",\"datePublished\":\"2024-11-07T08:24:56+00:00\",\"dateModified\":\"2025-08-27T09:24:56+00:00\",\"description\":\"Schaeffler AG plant Stellenabbau in Europa. Informieren Sie sich \u00fcber die Ma\u00dfnahmen zur Steigerung der Wettbewerbsf\u00e4higkeit und deren Auswirkungen.\",\"breadcrumb\":{\"@id\":\"https:\\\/\\\/kloepfel-consulting.com\\\/supply-chain-news\\\/schaeffler-stellenabbau-11930\\\/#breadcrumb\"},\"inLanguage\":\"en-GB\",\"potentialAction\":[{\"@type\":\"ReadAction\",\"target\":[\"https:\\\/\\\/kloepfel-consulting.com\\\/supply-chain-news\\\/schaeffler-stellenabbau-11930\\\/\"]}]},{\"@type\":\"ImageObject\",\"inLanguage\":\"en-GB\",\"@id\":\"https:\\\/\\\/kloepfel-consulting.com\\\/supply-chain-news\\\/schaeffler-stellenabbau-11930\\\/#primaryimage\",\"url\":\"https:\\\/\\\/kloepfel-consulting.com\\\/wp-content\\\/uploads\\\/2025\\\/08\\\/schaeffler-automotive-aftermarket-headuarter-e1631085937345.jpg\",\"contentUrl\":\"https:\\\/\\\/kloepfel-consulting.com\\\/wp-content\\\/uploads\\\/2025\\\/08\\\/schaeffler-automotive-aftermarket-headuarter-e1631085937345.jpg\",\"width\":1100,\"height\":619,\"caption\":\"Fahnen des Unternehmens Schaeffler vor dem Hauptquartier.\"},{\"@type\":\"BreadcrumbList\",\"@id\":\"https:\\\/\\\/kloepfel-consulting.com\\\/supply-chain-news\\\/schaeffler-stellenabbau-11930\\\/#breadcrumb\",\"itemListElement\":[{\"@type\":\"ListItem\",\"position\":1,\"name\":\"Startseite\",\"item\":\"https:\\\/\\\/kloepfel-consulting.com\\\/\"},{\"@type\":\"ListItem\",\"position\":2,\"name\":\"Logistikoptimierung\",\"item\":\"https:\\\/\\\/kloepfel-consulting.com\\\/zuordnung-landingpage\\\/logistikoptimierung\\\/\"},{\"@type\":\"ListItem\",\"position\":3,\"name\":\"Schaeffler k\u00fcndigt Stellenabbau an\"}]},{\"@type\":\"WebSite\",\"@id\":\"https:\\\/\\\/kloepfel-consulting.com\\\/#website\",\"url\":\"https:\\\/\\\/kloepfel-consulting.com\\\/\",\"name\":\"KLOEPFEL by EPSA\",\"description\":\"\",\"publisher\":{\"@id\":\"https:\\\/\\\/kloepfel-consulting.com\\\/#organization\"},\"alternateName\":\"KLOEPFELbyEPSA\",\"potentialAction\":[{\"@type\":\"SearchAction\",\"target\":{\"@type\":\"EntryPoint\",\"urlTemplate\":\"https:\\\/\\\/kloepfel-consulting.com\\\/?s={search_term_string}\"},\"query-input\":{\"@type\":\"PropertyValueSpecification\",\"valueRequired\":true,\"valueName\":\"search_term_string\"}}],\"inLanguage\":\"en-GB\"},{\"@type\":\"Organization\",\"@id\":\"https:\\\/\\\/kloepfel-consulting.com\\\/#organization\",\"name\":\"KLOEPFEL by EPSA\",\"alternateName\":\"KLOEPFELbyEPSA\",\"url\":\"https:\\\/\\\/kloepfel-consulting.com\\\/\",\"logo\":{\"@type\":\"ImageObject\",\"inLanguage\":\"en-GB\",\"@id\":\"https:\\\/\\\/kloepfel-consulting.com\\\/#\\\/schema\\\/logo\\\/image\\\/\",\"url\":\"https:\\\/\\\/kloepfel-consulting.com\\\/wp-content\\\/uploads\\\/2025\\\/04\\\/logo.webp\",\"contentUrl\":\"https:\\\/\\\/kloepfel-consulting.com\\\/wp-content\\\/uploads\\\/2025\\\/04\\\/logo.webp\",\"width\":616,\"height\":284,\"caption\":\"KLOEPFEL by EPSA\"},\"image\":{\"@id\":\"https:\\\/\\\/kloepfel-consulting.com\\\/#\\\/schema\\\/logo\\\/image\\\/\"},\"sameAs\":[\"https:\\\/\\\/www.facebook.com\\\/KloepfelGroup\",\"https:\\\/\\\/www.linkedin.com\\\/company\\\/kloepfel-consulting-gmbh\",\"https:\\\/\\\/www.instagram.com\\\/kloepfel_by_epsa\\\/\"],\"description\":\"Einkaufsberatung f\u00fcr Einkauf, Logistik und Supply Chain\",\"email\":\"info@kloepfel-consulting.com\",\"telephone\":\"+4921194198433\",\"legalName\":\"Kloepfel Consulting GmbH\",\"foundingDate\":\"2007-02-01\",\"vatID\":\"DE254132249\",\"numberOfEmployees\":{\"@type\":\"QuantitativeValue\",\"minValue\":\"51\",\"maxValue\":\"200\"}},{\"@type\":\"Person\",\"@id\":\"https:\\\/\\\/kloepfel-consulting.com\\\/#\\\/schema\\\/person\\\/2691163984d9670e417622b00a4c0f26\",\"name\":\"semprediritto\",\"image\":{\"@type\":\"ImageObject\",\"inLanguage\":\"en-GB\",\"@id\":\"https:\\\/\\\/secure.gravatar.com\\\/avatar\\\/878f3ddb8fa2117ffa32d8a3152e4368517da61e3b89dd9bbfe39501477bf1f1?s=96&d=mm&r=g\",\"url\":\"https:\\\/\\\/secure.gravatar.com\\\/avatar\\\/878f3ddb8fa2117ffa32d8a3152e4368517da61e3b89dd9bbfe39501477bf1f1?s=96&d=mm&r=g\",\"contentUrl\":\"https:\\\/\\\/secure.gravatar.com\\\/avatar\\\/878f3ddb8fa2117ffa32d8a3152e4368517da61e3b89dd9bbfe39501477bf1f1?s=96&d=mm&r=g\",\"caption\":\"semprediritto\"},\"sameAs\":[\"https:\\\/\\\/kloepfel.sempre-diritto.de\"]}]}<\/script>\n<!-- \/ Yoast SEO Premium plugin. -->","yoast_head_json":{"title":"Schaeffler announces job cuts | KLOEPFEL by EPSA","description":"Schaeffler AG is planning job cuts in Europe. Find out about the measures to increase competitiveness and their impact.","robots":{"index":"index","follow":"follow","max-snippet":"max-snippet:-1","max-image-preview":"max-image-preview:large","max-video-preview":"max-video-preview:-1"},"canonical":"https:\/\/kloepfel-consulting.com\/en\/supply-chain-news\/schaeffler-job-cuts-11930\/","og_locale":"en_GB","og_type":"article","og_title":"Schaeffler k\u00fcndigt Stellenabbau an","og_description":"Die Schaeffler AG plant strukturelle Ma\u00dfnahmen zur Verbesserung der Wettbewerbsf\u00e4higkeit. Laut seiner Pressemitteilung reagiert das in Herzogenaurach ans\u00e4ssige Zulieferunternehmen damit auf das herausfordernde Marktumfeld. Ebenso verweist Schaeffler diesbez\u00fcglich auf die zunehmende globale Wettbewerbsintensit\u00e4t sowie auf die fortschreitende Transformation vor allem in der Autozulierindustrie.","og_url":"https:\/\/kloepfel-consulting.com\/en\/supply-chain-news\/schaeffler-job-cuts-11930\/","og_site_name":"KLOEPFEL by EPSA","article_publisher":"https:\/\/www.facebook.com\/KloepfelGroup","article_published_time":"2024-11-07T08:24:56+00:00","article_modified_time":"2025-08-27T09:24:56+00:00","og_image":[{"width":2200,"height":1608,"url":"https:\/\/kloepfel-consulting.com\/wp-content\/uploads\/2025\/07\/kloepfelgroup.webp","type":"image\/webp"}],"author":"semprediritto","twitter_card":"summary_large_image","twitter_title":"Schaeffler k\u00fcndigt Stellenabbau: 4.700 Jobs in Gefahr","twitter_description":"Erfahren Sie mehr \u00fcber den Schaeffler Stellenabbau und die geplanten Ma\u00dfnahmen zur Wettbewerbsf\u00e4higkeit.","twitter_misc":{"Written by":"semprediritto","Estimated reading time":"2 minutes"},"schema":{"@context":"https:\/\/schema.org","@graph":[{"@type":"Article","@id":"https:\/\/kloepfel-consulting.com\/supply-chain-news\/schaeffler-stellenabbau-11930\/#article","isPartOf":{"@id":"https:\/\/kloepfel-consulting.com\/supply-chain-news\/schaeffler-stellenabbau-11930\/"},"author":{"name":"semprediritto","@id":"https:\/\/kloepfel-consulting.com\/#\/schema\/person\/2691163984d9670e417622b00a4c0f26"},"headline":"Schaeffler k\u00fcndigt Stellenabbau an","datePublished":"2024-11-07T08:24:56+00:00","dateModified":"2025-08-27T09:24:56+00:00","mainEntityOfPage":{"@id":"https:\/\/kloepfel-consulting.com\/supply-chain-news\/schaeffler-stellenabbau-11930\/"},"wordCount":270,"commentCount":0,"publisher":{"@id":"https:\/\/kloepfel-consulting.com\/#organization"},"image":{"@id":"https:\/\/kloepfel-consulting.com\/supply-chain-news\/schaeffler-stellenabbau-11930\/#primaryimage"},"thumbnailUrl":"https:\/\/kloepfel-consulting.com\/wp-content\/uploads\/2025\/08\/schaeffler-automotive-aftermarket-headuarter-e1631085937345.jpg","articleSection":["Supply Chain News"],"inLanguage":"en-GB","potentialAction":[{"@type":"CommentAction","name":"Comment","target":["https:\/\/kloepfel-consulting.com\/supply-chain-news\/schaeffler-stellenabbau-11930\/#respond"]}],"copyrightYear":"2024","copyrightHolder":{"@id":"https:\/\/kloepfel-consulting.com\/en\/#organization"}},{"@type":"WebPage","@id":"https:\/\/kloepfel-consulting.com\/supply-chain-news\/schaeffler-stellenabbau-11930\/","url":"https:\/\/kloepfel-consulting.com\/supply-chain-news\/schaeffler-stellenabbau-11930\/","name":"Schaeffler announces job cuts | KLOEPFEL by EPSA","isPartOf":{"@id":"https:\/\/kloepfel-consulting.com\/#website"},"primaryImageOfPage":{"@id":"https:\/\/kloepfel-consulting.com\/supply-chain-news\/schaeffler-stellenabbau-11930\/#primaryimage"},"image":{"@id":"https:\/\/kloepfel-consulting.com\/supply-chain-news\/schaeffler-stellenabbau-11930\/#primaryimage"},"thumbnailUrl":"https:\/\/kloepfel-consulting.com\/wp-content\/uploads\/2025\/08\/schaeffler-automotive-aftermarket-headuarter-e1631085937345.jpg","datePublished":"2024-11-07T08:24:56+00:00","dateModified":"2025-08-27T09:24:56+00:00","description":"Schaeffler AG is planning job cuts in Europe. Find out about the measures to increase competitiveness and their impact.","breadcrumb":{"@id":"https:\/\/kloepfel-consulting.com\/supply-chain-news\/schaeffler-stellenabbau-11930\/#breadcrumb"},"inLanguage":"en-GB","potentialAction":[{"@type":"ReadAction","target":["https:\/\/kloepfel-consulting.com\/supply-chain-news\/schaeffler-stellenabbau-11930\/"]}]},{"@type":"ImageObject","inLanguage":"en-GB","@id":"https:\/\/kloepfel-consulting.com\/supply-chain-news\/schaeffler-stellenabbau-11930\/#primaryimage","url":"https:\/\/kloepfel-consulting.com\/wp-content\/uploads\/2025\/08\/schaeffler-automotive-aftermarket-headuarter-e1631085937345.jpg","contentUrl":"https:\/\/kloepfel-consulting.com\/wp-content\/uploads\/2025\/08\/schaeffler-automotive-aftermarket-headuarter-e1631085937345.jpg","width":1100,"height":619,"caption":"Fahnen des Unternehmens Schaeffler vor dem Hauptquartier."},{"@type":"BreadcrumbList","@id":"https:\/\/kloepfel-consulting.com\/supply-chain-news\/schaeffler-stellenabbau-11930\/#breadcrumb","itemListElement":[{"@type":"ListItem","position":1,"name":"Startseite","item":"https:\/\/kloepfel-consulting.com\/"},{"@type":"ListItem","position":2,"name":"Logistikoptimierung","item":"https:\/\/kloepfel-consulting.com\/zuordnung-landingpage\/logistikoptimierung\/"},{"@type":"ListItem","position":3,"name":"Schaeffler k\u00fcndigt Stellenabbau an"}]},{"@type":"WebSite","@id":"https:\/\/kloepfel-consulting.com\/#website","url":"https:\/\/kloepfel-consulting.com\/","name":"KLOEPFEL by EPSA","description":"","publisher":{"@id":"https:\/\/kloepfel-consulting.com\/#organization"},"alternateName":"KLOEPFELbyEPSA","potentialAction":[{"@type":"SearchAction","target":{"@type":"EntryPoint","urlTemplate":"https:\/\/kloepfel-consulting.com\/?s={search_term_string}"},"query-input":{"@type":"PropertyValueSpecification","valueRequired":true,"valueName":"search_term_string"}}],"inLanguage":"en-GB"},{"@type":"Organization","@id":"https:\/\/kloepfel-consulting.com\/#organization","name":"KLOEPFEL by EPSA","alternateName":"KLOEPFELbyEPSA","url":"https:\/\/kloepfel-consulting.com\/","logo":{"@type":"ImageObject","inLanguage":"en-GB","@id":"https:\/\/kloepfel-consulting.com\/#\/schema\/logo\/image\/","url":"https:\/\/kloepfel-consulting.com\/wp-content\/uploads\/2025\/04\/logo.webp","contentUrl":"https:\/\/kloepfel-consulting.com\/wp-content\/uploads\/2025\/04\/logo.webp","width":616,"height":284,"caption":"KLOEPFEL by EPSA"},"image":{"@id":"https:\/\/kloepfel-consulting.com\/#\/schema\/logo\/image\/"},"sameAs":["https:\/\/www.facebook.com\/KloepfelGroup","https:\/\/www.linkedin.com\/company\/kloepfel-consulting-gmbh","https:\/\/www.instagram.com\/kloepfel_by_epsa\/"],"description":"Purchasing Advice for Procurement, Logistics, and Supply Chain","email":"info@kloepfel-consulting.com","telephone":"+4921194198433","legalName":"Kloepfel Consulting GmbH","foundingDate":"2007-02-01","vatID":"DE254132249","numberOfEmployees":{"@type":"QuantitativeValue","minValue":"51","maxValue":"200"}},{"@type":"Person","@id":"https:\/\/kloepfel-consulting.com\/#\/schema\/person\/2691163984d9670e417622b00a4c0f26","name":"Always right","image":{"@type":"ImageObject","inLanguage":"en-GB","@id":"https:\/\/secure.gravatar.com\/avatar\/878f3ddb8fa2117ffa32d8a3152e4368517da61e3b89dd9bbfe39501477bf1f1?s=96&d=mm&r=g","url":"https:\/\/secure.gravatar.com\/avatar\/878f3ddb8fa2117ffa32d8a3152e4368517da61e3b89dd9bbfe39501477bf1f1?s=96&d=mm&r=g","contentUrl":"https:\/\/secure.gravatar.com\/avatar\/878f3ddb8fa2117ffa32d8a3152e4368517da61e3b89dd9bbfe39501477bf1f1?s=96&d=mm&r=g","caption":"semprediritto"},"sameAs":["https:\/\/kloepfel.sempre-diritto.de"]}]}},"_links":{"self":[{"href":"https:\/\/kloepfel-consulting.com\/en\/wp-json\/wp\/v2\/posts\/11930","targetHints":{"allow":["GET"]}}],"collection":[{"href":"https:\/\/kloepfel-consulting.com\/en\/wp-json\/wp\/v2\/posts"}],"about":[{"href":"https:\/\/kloepfel-consulting.com\/en\/wp-json\/wp\/v2\/types\/post"}],"author":[{"embeddable":true,"href":"https:\/\/kloepfel-consulting.com\/en\/wp-json\/wp\/v2\/users\/1"}],"replies":[{"embeddable":true,"href":"https:\/\/kloepfel-consulting.com\/en\/wp-json\/wp\/v2\/comments?post=11930"}],"version-history":[{"count":2,"href":"https:\/\/kloepfel-consulting.com\/en\/wp-json\/wp\/v2\/posts\/11930\/revisions"}],"predecessor-version":[{"id":14702,"href":"https:\/\/kloepfel-consulting.com\/en\/wp-json\/wp\/v2\/posts\/11930\/revisions\/14702"}],"wp:featuredmedia":[{"embeddable":true,"href":"https:\/\/kloepfel-consulting.com\/en\/wp-json\/wp\/v2\/media\/11931"}],"wp:attachment":[{"href":"https:\/\/kloepfel-consulting.com\/en\/wp-json\/wp\/v2\/media?parent=11930"}],"wp:term":[{"taxonomy":"category","embeddable":true,"href":"https:\/\/kloepfel-consulting.com\/en\/wp-json\/wp\/v2\/categories?post=11930"},{"taxonomy":"post_tag","embeddable":true,"href":"https:\/\/kloepfel-consulting.com\/en\/wp-json\/wp\/v2\/tags?post=11930"},{"taxonomy":"referenzkategorie","embeddable":true,"href":"https:\/\/kloepfel-consulting.com\/en\/wp-json\/wp\/v2\/referenzkategorie?post=11930"}],"curies":[{"name":"wp","href":"https:\/\/api.w.org\/{rel}","templated":true}]}}