{"id":12038,"date":"2025-03-06T09:25:06","date_gmt":"2025-03-06T08:25:06","guid":{"rendered":"https:\/\/kloepfel.sempre-diritto.de\/2025\/03\/06\/baywa-chefwechsel\/"},"modified":"2025-08-27T11:25:06","modified_gmt":"2025-08-27T09:25:06","slug":"baywa-leadership-change","status":"publish","type":"post","link":"https:\/\/kloepfel-consulting.com\/en\/supply-chain-news\/baywa-chefwechsel-12038\/","title":{"rendered":"Baywa: Change of boss"},"content":{"rendered":"<h2>New CEO and new CFO at Munich-based agricultural service provider<\/h2>\n<p>With the <a href=\"https:\/\/kloepfel-consulting.com\/en\/supply-chain-news\/unternehmen\/baywa-neues-technik-servicezentrum-6869746\/\" target=\"_blank\">Baywa AG<\/a> Frank Hiller was recently appointed Chairman of the Executive Board. The Supervisory Board of the agricultural services provider also appointed a new Chief Financial Officer. Matthias J. Rapp now holds this position. Both managers took up their new positions on 1 March.<\/p>\n<h3>Largest transformation in the company's history<\/h3>\n<p>Gregor Scheller, Chairman of the Supervisory Board, commented on the change in the Board of Management: \u201eBayWa is undergoing the biggest transformation in its history. The company must become more robust and profitable in the long term and is once again focussing on its core business areas. We are therefore delighted to welcome the two new members of the Board of Management, who identify precisely with these goals.\u201c Both gentlemen assured the Supervisory Board that it is a personal goal for them to lead Baywa back on the road to success in the interests of its customers, suppliers and employees.<\/p>\n<h3>Frank Hiller - former Chairman of the Board of Management of Deutz AG<\/h3>\n<p>Frank Hiller was CEO of Big Dutchman, a provider of feeding and stall systems, until 2024. He previously headed Deutz AG for five years. During his career to date, he has also held board positions at Leoni, MAN Truck &amp; Bus, Meiller and Thyssen-Krupp, among others. As Baywa emphasises, Hiller has already successfully implemented a number of strategic transformation programmes.<\/p>\n<h3>Matthias J. Rapp - Expertise in financial management<\/h3>\n<p>Until 2024, Rapp was responsible for finance and controlling at T\u00dcV S\u00fcd. He began his career at the Boston Consulting Group. Rapp has worked in industry since 1997. He has held the position of Chief Financial Officer at several companies, including Webasto. In 2021, he became an honorary professor at the Ludwig Maximilian University of Munich (LMU).<\/p>","protected":false},"excerpt":{"rendered":"<p>Neuer CEO und neuer CFO bei M\u00fcnchner Agrardienstleister Bei der Baywa AG wurde j\u00fcngst Frank Hiller zum Vorstandsvorsitzenden berufen. Ebenfalls hat der Aufsichtsrat des Agradienstleisters einen neuen Finanzvorstand ausgew\u00e4hlt. Diese Funktion hat nun Matthias J. Rapp inne. Beide Manager haben schon zum 1. M\u00e4rz ihre jeweils neue Position eingenommen. Gr\u00f6\u00dfte Transformation der Unternehmensgeschichte Zum Wechsel [&hellip;]<\/p>\n","protected":false},"author":1,"featured_media":12039,"comment_status":"open","ping_status":"open","sticky":false,"template":"","format":"standard","meta":{"_acf_changed":false,"footnotes":""},"categories":[88],"tags":[],"referenzkategorie":[],"class_list":["post-12038","post","type-post","status-publish","format-standard","has-post-thumbnail","hentry","category-supply-chain-news"],"acf":[],"yoast_head":"<!-- This site is optimized with the Yoast SEO Premium plugin v27.5 (Yoast SEO v27.5) - https:\/\/yoast.com\/product\/yoast-seo-premium-wordpress\/ -->\n<title>Baywa: Chefwechsel<\/title>\n<meta name=\"description\" content=\"Bei der Baywa AG wurde j\u00fcngst Frank Hiller zum Vorstandsvorsitzenden berufen. Ebenfalls hat der Aufsichtsrat des Agradienstleisters ei\" \/>\n<meta name=\"robots\" content=\"index, follow, max-snippet:-1, max-image-preview:large, max-video-preview:-1\" \/>\n<link rel=\"canonical\" href=\"https:\/\/kloepfel-consulting.com\/en\/supply-chain-news\/baywa-leadership-change-2\/\" \/>\n<meta property=\"og:locale\" content=\"en_GB\" \/>\n<meta property=\"og:type\" content=\"article\" \/>\n<meta property=\"og:title\" content=\"Baywa: Chefwechsel\" \/>\n<meta property=\"og:description\" content=\"Bei der Baywa AG wurde j\u00fcngst Frank Hiller zum Vorstandsvorsitzenden berufen. Ebenfalls hat der Aufsichtsrat des Agradienstleisters einen neuen Finanzvorstand ausgew\u00e4hlt. Diese Funktion hat nun Matthias J. Rapp inne. Beide Manager haben schon zum 1. M\u00e4rz ihre jeweils neue Position eingenommen.\" \/>\n<meta property=\"og:url\" content=\"https:\/\/kloepfel-consulting.com\/en\/supply-chain-news\/baywa-leadership-change-2\/\" \/>\n<meta property=\"og:site_name\" content=\"KLOEPFEL by EPSA\" \/>\n<meta property=\"article:publisher\" content=\"https:\/\/www.facebook.com\/KloepfelGroup\" \/>\n<meta property=\"article:published_time\" content=\"2025-03-06T08:25:06+00:00\" \/>\n<meta property=\"article:modified_time\" content=\"2025-08-27T09:25:06+00:00\" \/>\n<meta property=\"og:image\" content=\"https:\/\/kloepfel-consulting.com\/wp-content\/uploads\/2025\/07\/kloepfelgroup.webp\" \/>\n\t<meta property=\"og:image:width\" content=\"2200\" \/>\n\t<meta property=\"og:image:height\" content=\"1608\" \/>\n\t<meta property=\"og:image:type\" content=\"image\/webp\" \/>\n<meta name=\"author\" content=\"semprediritto\" \/>\n<meta name=\"twitter:card\" content=\"summary_large_image\" \/>\n<meta name=\"twitter:title\" content=\"Baywa: Chefwechsel und neue Strategien\" \/>\n<meta name=\"twitter:description\" content=\"Frank Hiller und Matthias J. Rapp leiten die Baywa AG. Informieren Sie sich \u00fcber die neuen Entwicklungen!\" \/>\n<meta name=\"twitter:label1\" content=\"Written by\" \/>\n\t<meta name=\"twitter:data1\" content=\"semprediritto\" \/>\n\t<meta name=\"twitter:label2\" content=\"Estimated reading time\" \/>\n\t<meta name=\"twitter:data2\" content=\"2 minutes\" \/>\n<script type=\"application\/ld+json\" class=\"yoast-schema-graph\">{\"@context\":\"https:\\\/\\\/schema.org\",\"@graph\":[{\"@type\":\"Article\",\"@id\":\"https:\\\/\\\/kloepfel-consulting.com\\\/supply-chain-news\\\/baywa-chefwechsel-12038\\\/#article\",\"isPartOf\":{\"@id\":\"https:\\\/\\\/kloepfel-consulting.com\\\/supply-chain-news\\\/baywa-chefwechsel-12038\\\/\"},\"author\":{\"name\":\"semprediritto\",\"@id\":\"https:\\\/\\\/kloepfel-consulting.com\\\/#\\\/schema\\\/person\\\/2691163984d9670e417622b00a4c0f26\"},\"headline\":\"Baywa: Chefwechsel\",\"datePublished\":\"2025-03-06T08:25:06+00:00\",\"dateModified\":\"2025-08-27T09:25:06+00:00\",\"mainEntityOfPage\":{\"@id\":\"https:\\\/\\\/kloepfel-consulting.com\\\/supply-chain-news\\\/baywa-chefwechsel-12038\\\/\"},\"wordCount\":271,\"commentCount\":0,\"publisher\":{\"@id\":\"https:\\\/\\\/kloepfel-consulting.com\\\/#organization\"},\"image\":{\"@id\":\"https:\\\/\\\/kloepfel-consulting.com\\\/supply-chain-news\\\/baywa-chefwechsel-12038\\\/#primaryimage\"},\"thumbnailUrl\":\"https:\\\/\\\/kloepfel-consulting.com\\\/wp-content\\\/uploads\\\/2025\\\/08\\\/Foto_181008_ko_BayWa-Zentrale_baywa_jpg-scaled-e1663766727371.jpg\",\"articleSection\":[\"Supply Chain News\"],\"inLanguage\":\"en-GB\",\"potentialAction\":[{\"@type\":\"CommentAction\",\"name\":\"Comment\",\"target\":[\"https:\\\/\\\/kloepfel-consulting.com\\\/supply-chain-news\\\/baywa-chefwechsel-12038\\\/#respond\"]}],\"copyrightYear\":\"2025\",\"copyrightHolder\":{\"@id\":\"https:\\\/\\\/kloepfel-consulting.com\\\/en\\\/#organization\"}},{\"@type\":\"WebPage\",\"@id\":\"https:\\\/\\\/kloepfel-consulting.com\\\/supply-chain-news\\\/baywa-chefwechsel-12038\\\/\",\"url\":\"https:\\\/\\\/kloepfel-consulting.com\\\/supply-chain-news\\\/baywa-chefwechsel-12038\\\/\",\"name\":\"Baywa: Chefwechsel\",\"isPartOf\":{\"@id\":\"https:\\\/\\\/kloepfel-consulting.com\\\/#website\"},\"primaryImageOfPage\":{\"@id\":\"https:\\\/\\\/kloepfel-consulting.com\\\/supply-chain-news\\\/baywa-chefwechsel-12038\\\/#primaryimage\"},\"image\":{\"@id\":\"https:\\\/\\\/kloepfel-consulting.com\\\/supply-chain-news\\\/baywa-chefwechsel-12038\\\/#primaryimage\"},\"thumbnailUrl\":\"https:\\\/\\\/kloepfel-consulting.com\\\/wp-content\\\/uploads\\\/2025\\\/08\\\/Foto_181008_ko_BayWa-Zentrale_baywa_jpg-scaled-e1663766727371.jpg\",\"datePublished\":\"2025-03-06T08:25:06+00:00\",\"dateModified\":\"2025-08-27T09:25:06+00:00\",\"description\":\"Bei der Baywa AG wurde j\u00fcngst Frank Hiller zum Vorstandsvorsitzenden berufen. Ebenfalls hat der Aufsichtsrat des Agradienstleisters ei\",\"breadcrumb\":{\"@id\":\"https:\\\/\\\/kloepfel-consulting.com\\\/supply-chain-news\\\/baywa-chefwechsel-12038\\\/#breadcrumb\"},\"inLanguage\":\"en-GB\",\"potentialAction\":[{\"@type\":\"ReadAction\",\"target\":[\"https:\\\/\\\/kloepfel-consulting.com\\\/supply-chain-news\\\/baywa-chefwechsel-12038\\\/\"]}]},{\"@type\":\"ImageObject\",\"inLanguage\":\"en-GB\",\"@id\":\"https:\\\/\\\/kloepfel-consulting.com\\\/supply-chain-news\\\/baywa-chefwechsel-12038\\\/#primaryimage\",\"url\":\"https:\\\/\\\/kloepfel-consulting.com\\\/wp-content\\\/uploads\\\/2025\\\/08\\\/Foto_181008_ko_BayWa-Zentrale_baywa_jpg-scaled-e1663766727371.jpg\",\"contentUrl\":\"https:\\\/\\\/kloepfel-consulting.com\\\/wp-content\\\/uploads\\\/2025\\\/08\\\/Foto_181008_ko_BayWa-Zentrale_baywa_jpg-scaled-e1663766727371.jpg\",\"width\":1300,\"height\":697,\"caption\":\"B\u00fcrogeb\u00e4ude der BayWa Zentrale in einer st\u00e4dtischen Umgebung.\"},{\"@type\":\"BreadcrumbList\",\"@id\":\"https:\\\/\\\/kloepfel-consulting.com\\\/supply-chain-news\\\/baywa-chefwechsel-12038\\\/#breadcrumb\",\"itemListElement\":[{\"@type\":\"ListItem\",\"position\":1,\"name\":\"Startseite\",\"item\":\"https:\\\/\\\/kloepfel-consulting.com\\\/\"},{\"@type\":\"ListItem\",\"position\":2,\"name\":\"Logistikoptimierung\",\"item\":\"https:\\\/\\\/kloepfel-consulting.com\\\/zuordnung-landingpage\\\/logistikoptimierung\\\/\"},{\"@type\":\"ListItem\",\"position\":3,\"name\":\"Baywa: Chefwechsel\"}]},{\"@type\":\"WebSite\",\"@id\":\"https:\\\/\\\/kloepfel-consulting.com\\\/#website\",\"url\":\"https:\\\/\\\/kloepfel-consulting.com\\\/\",\"name\":\"KLOEPFEL by EPSA\",\"description\":\"\",\"publisher\":{\"@id\":\"https:\\\/\\\/kloepfel-consulting.com\\\/#organization\"},\"alternateName\":\"KLOEPFELbyEPSA\",\"potentialAction\":[{\"@type\":\"SearchAction\",\"target\":{\"@type\":\"EntryPoint\",\"urlTemplate\":\"https:\\\/\\\/kloepfel-consulting.com\\\/?s={search_term_string}\"},\"query-input\":{\"@type\":\"PropertyValueSpecification\",\"valueRequired\":true,\"valueName\":\"search_term_string\"}}],\"inLanguage\":\"en-GB\"},{\"@type\":\"Organization\",\"@id\":\"https:\\\/\\\/kloepfel-consulting.com\\\/#organization\",\"name\":\"KLOEPFEL by EPSA\",\"alternateName\":\"KLOEPFELbyEPSA\",\"url\":\"https:\\\/\\\/kloepfel-consulting.com\\\/\",\"logo\":{\"@type\":\"ImageObject\",\"inLanguage\":\"en-GB\",\"@id\":\"https:\\\/\\\/kloepfel-consulting.com\\\/#\\\/schema\\\/logo\\\/image\\\/\",\"url\":\"https:\\\/\\\/kloepfel-consulting.com\\\/wp-content\\\/uploads\\\/2025\\\/04\\\/logo.webp\",\"contentUrl\":\"https:\\\/\\\/kloepfel-consulting.com\\\/wp-content\\\/uploads\\\/2025\\\/04\\\/logo.webp\",\"width\":616,\"height\":284,\"caption\":\"KLOEPFEL by EPSA\"},\"image\":{\"@id\":\"https:\\\/\\\/kloepfel-consulting.com\\\/#\\\/schema\\\/logo\\\/image\\\/\"},\"sameAs\":[\"https:\\\/\\\/www.facebook.com\\\/KloepfelGroup\",\"https:\\\/\\\/www.linkedin.com\\\/company\\\/kloepfel-consulting-gmbh\",\"https:\\\/\\\/www.instagram.com\\\/kloepfel_by_epsa\\\/\"],\"description\":\"Einkaufsberatung f\u00fcr Einkauf, Logistik und Supply Chain\",\"email\":\"info@kloepfel-consulting.com\",\"telephone\":\"+4921194198433\",\"legalName\":\"Kloepfel Consulting GmbH\",\"foundingDate\":\"2007-02-01\",\"vatID\":\"DE254132249\",\"numberOfEmployees\":{\"@type\":\"QuantitativeValue\",\"minValue\":\"51\",\"maxValue\":\"200\"}},{\"@type\":\"Person\",\"@id\":\"https:\\\/\\\/kloepfel-consulting.com\\\/#\\\/schema\\\/person\\\/2691163984d9670e417622b00a4c0f26\",\"name\":\"semprediritto\",\"image\":{\"@type\":\"ImageObject\",\"inLanguage\":\"en-GB\",\"@id\":\"https:\\\/\\\/secure.gravatar.com\\\/avatar\\\/878f3ddb8fa2117ffa32d8a3152e4368517da61e3b89dd9bbfe39501477bf1f1?s=96&d=mm&r=g\",\"url\":\"https:\\\/\\\/secure.gravatar.com\\\/avatar\\\/878f3ddb8fa2117ffa32d8a3152e4368517da61e3b89dd9bbfe39501477bf1f1?s=96&d=mm&r=g\",\"contentUrl\":\"https:\\\/\\\/secure.gravatar.com\\\/avatar\\\/878f3ddb8fa2117ffa32d8a3152e4368517da61e3b89dd9bbfe39501477bf1f1?s=96&d=mm&r=g\",\"caption\":\"semprediritto\"},\"sameAs\":[\"https:\\\/\\\/kloepfel.sempre-diritto.de\"]}]}<\/script>\n<!-- \/ Yoast SEO Premium plugin. -->","yoast_head_json":{"title":"Baywa: Change of boss","description":"Frank Hiller was recently appointed Chairman of the Board of Management at Baywa AG. The Supervisory Board of the agricultural services provider also appointed a","robots":{"index":"index","follow":"follow","max-snippet":"max-snippet:-1","max-image-preview":"max-image-preview:large","max-video-preview":"max-video-preview:-1"},"canonical":"https:\/\/kloepfel-consulting.com\/en\/supply-chain-news\/baywa-leadership-change-2\/","og_locale":"en_GB","og_type":"article","og_title":"Baywa: Chefwechsel","og_description":"Bei der Baywa AG wurde j\u00fcngst Frank Hiller zum Vorstandsvorsitzenden berufen. Ebenfalls hat der Aufsichtsrat des Agradienstleisters einen neuen Finanzvorstand ausgew\u00e4hlt. Diese Funktion hat nun Matthias J. Rapp inne. Beide Manager haben schon zum 1. M\u00e4rz ihre jeweils neue Position eingenommen.","og_url":"https:\/\/kloepfel-consulting.com\/en\/supply-chain-news\/baywa-leadership-change-2\/","og_site_name":"KLOEPFEL by EPSA","article_publisher":"https:\/\/www.facebook.com\/KloepfelGroup","article_published_time":"2025-03-06T08:25:06+00:00","article_modified_time":"2025-08-27T09:25:06+00:00","og_image":[{"width":2200,"height":1608,"url":"https:\/\/kloepfel-consulting.com\/wp-content\/uploads\/2025\/07\/kloepfelgroup.webp","type":"image\/webp"}],"author":"semprediritto","twitter_card":"summary_large_image","twitter_title":"Baywa: Chefwechsel und neue Strategien","twitter_description":"Frank Hiller und Matthias J. Rapp leiten die Baywa AG. Informieren Sie sich \u00fcber die neuen Entwicklungen!","twitter_misc":{"Written by":"semprediritto","Estimated reading time":"2 minutes"},"schema":{"@context":"https:\/\/schema.org","@graph":[{"@type":"Article","@id":"https:\/\/kloepfel-consulting.com\/supply-chain-news\/baywa-chefwechsel-12038\/#article","isPartOf":{"@id":"https:\/\/kloepfel-consulting.com\/supply-chain-news\/baywa-chefwechsel-12038\/"},"author":{"name":"semprediritto","@id":"https:\/\/kloepfel-consulting.com\/#\/schema\/person\/2691163984d9670e417622b00a4c0f26"},"headline":"Baywa: Chefwechsel","datePublished":"2025-03-06T08:25:06+00:00","dateModified":"2025-08-27T09:25:06+00:00","mainEntityOfPage":{"@id":"https:\/\/kloepfel-consulting.com\/supply-chain-news\/baywa-chefwechsel-12038\/"},"wordCount":271,"commentCount":0,"publisher":{"@id":"https:\/\/kloepfel-consulting.com\/#organization"},"image":{"@id":"https:\/\/kloepfel-consulting.com\/supply-chain-news\/baywa-chefwechsel-12038\/#primaryimage"},"thumbnailUrl":"https:\/\/kloepfel-consulting.com\/wp-content\/uploads\/2025\/08\/Foto_181008_ko_BayWa-Zentrale_baywa_jpg-scaled-e1663766727371.jpg","articleSection":["Supply Chain News"],"inLanguage":"en-GB","potentialAction":[{"@type":"CommentAction","name":"Comment","target":["https:\/\/kloepfel-consulting.com\/supply-chain-news\/baywa-chefwechsel-12038\/#respond"]}],"copyrightYear":"2025","copyrightHolder":{"@id":"https:\/\/kloepfel-consulting.com\/en\/#organization"}},{"@type":"WebPage","@id":"https:\/\/kloepfel-consulting.com\/supply-chain-news\/baywa-chefwechsel-12038\/","url":"https:\/\/kloepfel-consulting.com\/supply-chain-news\/baywa-chefwechsel-12038\/","name":"Baywa: Change of boss","isPartOf":{"@id":"https:\/\/kloepfel-consulting.com\/#website"},"primaryImageOfPage":{"@id":"https:\/\/kloepfel-consulting.com\/supply-chain-news\/baywa-chefwechsel-12038\/#primaryimage"},"image":{"@id":"https:\/\/kloepfel-consulting.com\/supply-chain-news\/baywa-chefwechsel-12038\/#primaryimage"},"thumbnailUrl":"https:\/\/kloepfel-consulting.com\/wp-content\/uploads\/2025\/08\/Foto_181008_ko_BayWa-Zentrale_baywa_jpg-scaled-e1663766727371.jpg","datePublished":"2025-03-06T08:25:06+00:00","dateModified":"2025-08-27T09:25:06+00:00","description":"Frank Hiller was recently appointed Chairman of the Board of Management at Baywa AG. The Supervisory Board of the agricultural services provider also appointed a","breadcrumb":{"@id":"https:\/\/kloepfel-consulting.com\/supply-chain-news\/baywa-chefwechsel-12038\/#breadcrumb"},"inLanguage":"en-GB","potentialAction":[{"@type":"ReadAction","target":["https:\/\/kloepfel-consulting.com\/supply-chain-news\/baywa-chefwechsel-12038\/"]}]},{"@type":"ImageObject","inLanguage":"en-GB","@id":"https:\/\/kloepfel-consulting.com\/supply-chain-news\/baywa-chefwechsel-12038\/#primaryimage","url":"https:\/\/kloepfel-consulting.com\/wp-content\/uploads\/2025\/08\/Foto_181008_ko_BayWa-Zentrale_baywa_jpg-scaled-e1663766727371.jpg","contentUrl":"https:\/\/kloepfel-consulting.com\/wp-content\/uploads\/2025\/08\/Foto_181008_ko_BayWa-Zentrale_baywa_jpg-scaled-e1663766727371.jpg","width":1300,"height":697,"caption":"B\u00fcrogeb\u00e4ude der BayWa Zentrale in einer st\u00e4dtischen Umgebung."},{"@type":"BreadcrumbList","@id":"https:\/\/kloepfel-consulting.com\/supply-chain-news\/baywa-chefwechsel-12038\/#breadcrumb","itemListElement":[{"@type":"ListItem","position":1,"name":"Startseite","item":"https:\/\/kloepfel-consulting.com\/"},{"@type":"ListItem","position":2,"name":"Logistikoptimierung","item":"https:\/\/kloepfel-consulting.com\/zuordnung-landingpage\/logistikoptimierung\/"},{"@type":"ListItem","position":3,"name":"Baywa: Chefwechsel"}]},{"@type":"WebSite","@id":"https:\/\/kloepfel-consulting.com\/#website","url":"https:\/\/kloepfel-consulting.com\/","name":"KLOEPFEL by EPSA","description":"","publisher":{"@id":"https:\/\/kloepfel-consulting.com\/#organization"},"alternateName":"KLOEPFELbyEPSA","potentialAction":[{"@type":"SearchAction","target":{"@type":"EntryPoint","urlTemplate":"https:\/\/kloepfel-consulting.com\/?s={search_term_string}"},"query-input":{"@type":"PropertyValueSpecification","valueRequired":true,"valueName":"search_term_string"}}],"inLanguage":"en-GB"},{"@type":"Organization","@id":"https:\/\/kloepfel-consulting.com\/#organization","name":"KLOEPFEL by EPSA","alternateName":"KLOEPFELbyEPSA","url":"https:\/\/kloepfel-consulting.com\/","logo":{"@type":"ImageObject","inLanguage":"en-GB","@id":"https:\/\/kloepfel-consulting.com\/#\/schema\/logo\/image\/","url":"https:\/\/kloepfel-consulting.com\/wp-content\/uploads\/2025\/04\/logo.webp","contentUrl":"https:\/\/kloepfel-consulting.com\/wp-content\/uploads\/2025\/04\/logo.webp","width":616,"height":284,"caption":"KLOEPFEL by EPSA"},"image":{"@id":"https:\/\/kloepfel-consulting.com\/#\/schema\/logo\/image\/"},"sameAs":["https:\/\/www.facebook.com\/KloepfelGroup","https:\/\/www.linkedin.com\/company\/kloepfel-consulting-gmbh","https:\/\/www.instagram.com\/kloepfel_by_epsa\/"],"description":"Purchasing Advice for Procurement, Logistics, and Supply Chain","email":"info@kloepfel-consulting.com","telephone":"+4921194198433","legalName":"Kloepfel Consulting GmbH","foundingDate":"2007-02-01","vatID":"DE254132249","numberOfEmployees":{"@type":"QuantitativeValue","minValue":"51","maxValue":"200"}},{"@type":"Person","@id":"https:\/\/kloepfel-consulting.com\/#\/schema\/person\/2691163984d9670e417622b00a4c0f26","name":"Always right","image":{"@type":"ImageObject","inLanguage":"en-GB","@id":"https:\/\/secure.gravatar.com\/avatar\/878f3ddb8fa2117ffa32d8a3152e4368517da61e3b89dd9bbfe39501477bf1f1?s=96&d=mm&r=g","url":"https:\/\/secure.gravatar.com\/avatar\/878f3ddb8fa2117ffa32d8a3152e4368517da61e3b89dd9bbfe39501477bf1f1?s=96&d=mm&r=g","contentUrl":"https:\/\/secure.gravatar.com\/avatar\/878f3ddb8fa2117ffa32d8a3152e4368517da61e3b89dd9bbfe39501477bf1f1?s=96&d=mm&r=g","caption":"semprediritto"},"sameAs":["https:\/\/kloepfel.sempre-diritto.de"]}]}},"_links":{"self":[{"href":"https:\/\/kloepfel-consulting.com\/en\/wp-json\/wp\/v2\/posts\/12038","targetHints":{"allow":["GET"]}}],"collection":[{"href":"https:\/\/kloepfel-consulting.com\/en\/wp-json\/wp\/v2\/posts"}],"about":[{"href":"https:\/\/kloepfel-consulting.com\/en\/wp-json\/wp\/v2\/types\/post"}],"author":[{"embeddable":true,"href":"https:\/\/kloepfel-consulting.com\/en\/wp-json\/wp\/v2\/users\/1"}],"replies":[{"embeddable":true,"href":"https:\/\/kloepfel-consulting.com\/en\/wp-json\/wp\/v2\/comments?post=12038"}],"version-history":[{"count":2,"href":"https:\/\/kloepfel-consulting.com\/en\/wp-json\/wp\/v2\/posts\/12038\/revisions"}],"predecessor-version":[{"id":14725,"href":"https:\/\/kloepfel-consulting.com\/en\/wp-json\/wp\/v2\/posts\/12038\/revisions\/14725"}],"wp:featuredmedia":[{"embeddable":true,"href":"https:\/\/kloepfel-consulting.com\/en\/wp-json\/wp\/v2\/media\/12039"}],"wp:attachment":[{"href":"https:\/\/kloepfel-consulting.com\/en\/wp-json\/wp\/v2\/media?parent=12038"}],"wp:term":[{"taxonomy":"category","embeddable":true,"href":"https:\/\/kloepfel-consulting.com\/en\/wp-json\/wp\/v2\/categories?post=12038"},{"taxonomy":"post_tag","embeddable":true,"href":"https:\/\/kloepfel-consulting.com\/en\/wp-json\/wp\/v2\/tags?post=12038"},{"taxonomy":"referenzkategorie","embeddable":true,"href":"https:\/\/kloepfel-consulting.com\/en\/wp-json\/wp\/v2\/referenzkategorie?post=12038"}],"curies":[{"name":"wp","href":"https:\/\/api.w.org\/{rel}","templated":true}]}}