{"id":11240,"date":"2024-03-08T09:24:20","date_gmt":"2024-03-08T08:24:20","guid":{"rendered":"https:\/\/kloepfel.sempre-diritto.de\/2024\/03\/08\/zumtobel-standkonzept-light-building-ausgezeichnet\/"},"modified":"2025-08-27T11:24:20","modified_gmt":"2025-08-27T09:24:20","slug":"zumtobel-concept-de-stand-light-building-recompense","status":"publish","type":"post","link":"https:\/\/kloepfel-consulting.com\/fr\/supply-chain-news\/zumtobel-standkonzept-light-building-ausgezeichnet-11240\/","title":{"rendered":"Zumtobel : concept de stand r\u00e9compens\u00e9 au salon Light + Building"},"content":{"rendered":"<h2>Sustainable Exhibition Stand Award pour le groupe d'\u00e9clairage du Vorarlberg<\/h2>\n<p>Le <a href=\"https:\/\/kloepfel-consulting.com\/fr\/actualites-de-la-chaine-dapprovisionnement\/chaine-dapprovisionnement\/zumtobel-ecovadis-goldmedaille-6320562\/\" rel=\"noopener\" target=\"_blank\">Groupe Zumtobel<\/a> a \u00e9t\u00e9 r\u00e9compens\u00e9 pour son stand au salon Light + Building de cette ann\u00e9e. Le groupe d'\u00e9clairage du Vorarlberg a re\u00e7u le Designplus Award dans la cat\u00e9gorie \u201eSustainable Exhibition Stand\u201c. <\/p>\n<p>Comme l'entreprise l'\u00e9crit dans son communiqu\u00e9 de presse, son concept de stand incarne des aspects de la <strong>Durabilit\u00e9<\/strong> et les combiner avec l\u00e9g\u00e8ret\u00e9 dans l'architecture.<\/p>\n<h3>Designplus Award - 11 gagnants<\/h3>\n<p>Le Designplus Award a \u00e9t\u00e9 d\u00e9cern\u00e9 le dimanche, premier jour du salon Light + Building. Cette ann\u00e9e, le prix a \u00e9t\u00e9 d\u00e9cern\u00e9 dans les quatre cat\u00e9gories suivantes : Light + Creation PLUS, Sustainability + Efficiency PLUS, Smart + Connectivity PLUS ainsi que la nouvelle rubrique Sustainable Exhibition Stand. Au total, il y a eu 11 gagnants, dont cinq dans la seule cat\u00e9gorie Sustainable Exhibition Stand.<\/p>\n<p>Avec cette nouvelle cat\u00e9gorie introduite cette ann\u00e9e, Messe Frankfurt se montre, selon son communiqu\u00e9 de presse, consciente de ses obligations en mati\u00e8re de soutien aux entreprises. <em>\u00e9v\u00e9nements durables<\/em>.<\/p>\n<p>\u201eEn tant que salon leader mondial, le Light + Building met l'accent sur le d\u00e9veloppement de th\u00e8mes centraux dans le secteur de l'\u00e9clairage, dont la n\u00e9cessit\u00e9 d'une plus grande durabilit\u00e9. Nous sommes heureux de refl\u00e9ter cette orientation, entre autres, avec notre concept de stand et nos produits. Et nous sommes d'autant plus heureux que notre concept durable ait \u00e9t\u00e9 r\u00e9compens\u00e9 dans la cat\u00e9gorie sp\u00e9ciale \u201aSustainable Exhibition Stand\u2018\u201c, explique Alfred Felder, CEO du groupe Zumtobel.<\/p>","protected":false},"excerpt":{"rendered":"<p>Sustainable Exhibition Stand-Award f\u00fcr Vorarlberger Lichtkonzern Die Zumtobel Group wurde f\u00fcr ihren Messestand auf der diesj\u00e4hrigen Light + Building ausgezeichnet. Der Vorarlberger Lichtkonzern erhielt den Designplus Award in der Kategorie \u201eSustainable Exhibition Stand\u201c. Wie das Unternehmen in seiner Pressemitteilung schreibt, verk\u00f6rpere sein Standkonzept Aspekte der Nachhaltigkeit und kombiniere diese mit Leichtigkeit in der Architektur. Designplus [&hellip;]<\/p>\n","protected":false},"author":1,"featured_media":11241,"comment_status":"open","ping_status":"open","sticky":false,"template":"","format":"standard","meta":{"_acf_changed":false,"footnotes":""},"categories":[88],"tags":[],"referenzkategorie":[],"class_list":["post-11240","post","type-post","status-publish","format-standard","has-post-thumbnail","hentry","category-supply-chain-news"],"acf":[],"yoast_head":"<!-- This site is optimized with the Yoast SEO Premium plugin v27.5 (Yoast SEO v27.5) - https:\/\/yoast.com\/product\/yoast-seo-premium-wordpress\/ -->\n<title>Zumtobel: Standkonzept auf der Light + Building ausgezeichnet<\/title>\n<meta name=\"description\" content=\"Die Zumtobel Group wurde f\u00fcr ihren Messestand auf der diesj\u00e4hrigen Light + Building ausgezeichnet. Der Vorarlberger Lichtkonzern erhielt den\" \/>\n<meta name=\"robots\" content=\"index, follow, max-snippet:-1, max-image-preview:large, max-video-preview:-1\" \/>\n<link rel=\"canonical\" href=\"https:\/\/kloepfel-consulting.com\/fr\/actualites-de-la-chaine-dapprovisionnement\/zumtobel-standkonzept-light-building-prime-11240\/\" \/>\n<meta property=\"og:locale\" content=\"fr_FR\" \/>\n<meta property=\"og:type\" content=\"article\" \/>\n<meta property=\"og:title\" content=\"Zumtobel: Standkonzept auf der Light + Building ausgezeichnet\" \/>\n<meta property=\"og:description\" content=\"Die Zumtobel Group wurde f\u00fcr ihren Messestand auf der diesj\u00e4hrigen Light + Building ausgezeichnet. Der Vorarlberger Lichtkonzern erhielt den Designplus Award in der Kategorie \u201eSustainable Exhibition Stand\u201c.\" \/>\n<meta property=\"og:url\" content=\"https:\/\/kloepfel-consulting.com\/fr\/actualites-de-la-chaine-dapprovisionnement\/zumtobel-standkonzept-light-building-prime-11240\/\" \/>\n<meta property=\"og:site_name\" content=\"KLOEPFEL by EPSA\" \/>\n<meta property=\"article:publisher\" content=\"https:\/\/www.facebook.com\/KloepfelGroup\" \/>\n<meta property=\"article:published_time\" content=\"2024-03-08T08:24:20+00:00\" \/>\n<meta property=\"article:modified_time\" content=\"2025-08-27T09:24:20+00:00\" \/>\n<meta property=\"og:image\" content=\"https:\/\/kloepfel-consulting.com\/wp-content\/uploads\/2025\/07\/kloepfelgroup.webp\" \/>\n\t<meta property=\"og:image:width\" content=\"2200\" \/>\n\t<meta property=\"og:image:height\" content=\"1608\" \/>\n\t<meta property=\"og:image:type\" content=\"image\/webp\" \/>\n<meta name=\"author\" content=\"semprediritto\" \/>\n<meta name=\"twitter:card\" content=\"summary_large_image\" \/>\n<meta name=\"twitter:title\" content=\"Zumtobel: Preisgekr\u00f6nter Messestand auf Light + Building\" \/>\n<meta name=\"twitter:description\" content=\"Erfahren Sie mehr \u00fcber den ausgezeichneten Messestand von Zumtobel!\" \/>\n<meta name=\"twitter:label1\" content=\"\u00c9crit par\" \/>\n\t<meta name=\"twitter:data1\" content=\"semprediritto\" \/>\n\t<meta name=\"twitter:label2\" content=\"Dur\u00e9e de lecture estim\u00e9e\" \/>\n\t<meta name=\"twitter:data2\" content=\"2 minutes\" \/>\n<script type=\"application\/ld+json\" class=\"yoast-schema-graph\">{\"@context\":\"https:\\\/\\\/schema.org\",\"@graph\":[{\"@type\":\"Article\",\"@id\":\"https:\\\/\\\/kloepfel-consulting.com\\\/supply-chain-news\\\/zumtobel-standkonzept-light-building-ausgezeichnet-11240\\\/#article\",\"isPartOf\":{\"@id\":\"https:\\\/\\\/kloepfel-consulting.com\\\/supply-chain-news\\\/zumtobel-standkonzept-light-building-ausgezeichnet-11240\\\/\"},\"author\":{\"name\":\"semprediritto\",\"@id\":\"https:\\\/\\\/kloepfel-consulting.com\\\/#\\\/schema\\\/person\\\/2691163984d9670e417622b00a4c0f26\"},\"headline\":\"Zumtobel: Standkonzept auf der Light + Building ausgezeichnet\",\"datePublished\":\"2024-03-08T08:24:20+00:00\",\"dateModified\":\"2025-08-27T09:24:20+00:00\",\"mainEntityOfPage\":{\"@id\":\"https:\\\/\\\/kloepfel-consulting.com\\\/supply-chain-news\\\/zumtobel-standkonzept-light-building-ausgezeichnet-11240\\\/\"},\"wordCount\":208,\"commentCount\":0,\"publisher\":{\"@id\":\"https:\\\/\\\/kloepfel-consulting.com\\\/#organization\"},\"image\":{\"@id\":\"https:\\\/\\\/kloepfel-consulting.com\\\/supply-chain-news\\\/zumtobel-standkonzept-light-building-ausgezeichnet-11240\\\/#primaryimage\"},\"thumbnailUrl\":\"https:\\\/\\\/kloepfel-consulting.com\\\/wp-content\\\/uploads\\\/2025\\\/08\\\/Light-Building-lb-2024-hero-workandliving-scaled-1.jpg\",\"articleSection\":[\"Supply Chain News\"],\"inLanguage\":\"fr-FR\",\"potentialAction\":[{\"@type\":\"CommentAction\",\"name\":\"Comment\",\"target\":[\"https:\\\/\\\/kloepfel-consulting.com\\\/supply-chain-news\\\/zumtobel-standkonzept-light-building-ausgezeichnet-11240\\\/#respond\"]}],\"copyrightYear\":\"2024\",\"copyrightHolder\":{\"@id\":\"https:\\\/\\\/kloepfel-consulting.com\\\/fr\\\/#organization\"}},{\"@type\":\"WebPage\",\"@id\":\"https:\\\/\\\/kloepfel-consulting.com\\\/supply-chain-news\\\/zumtobel-standkonzept-light-building-ausgezeichnet-11240\\\/\",\"url\":\"https:\\\/\\\/kloepfel-consulting.com\\\/supply-chain-news\\\/zumtobel-standkonzept-light-building-ausgezeichnet-11240\\\/\",\"name\":\"Zumtobel: Standkonzept auf der Light + Building ausgezeichnet\",\"isPartOf\":{\"@id\":\"https:\\\/\\\/kloepfel-consulting.com\\\/#website\"},\"primaryImageOfPage\":{\"@id\":\"https:\\\/\\\/kloepfel-consulting.com\\\/supply-chain-news\\\/zumtobel-standkonzept-light-building-ausgezeichnet-11240\\\/#primaryimage\"},\"image\":{\"@id\":\"https:\\\/\\\/kloepfel-consulting.com\\\/supply-chain-news\\\/zumtobel-standkonzept-light-building-ausgezeichnet-11240\\\/#primaryimage\"},\"thumbnailUrl\":\"https:\\\/\\\/kloepfel-consulting.com\\\/wp-content\\\/uploads\\\/2025\\\/08\\\/Light-Building-lb-2024-hero-workandliving-scaled-1.jpg\",\"datePublished\":\"2024-03-08T08:24:20+00:00\",\"dateModified\":\"2025-08-27T09:24:20+00:00\",\"description\":\"Die Zumtobel Group wurde f\u00fcr ihren Messestand auf der diesj\u00e4hrigen Light + Building ausgezeichnet. Der Vorarlberger Lichtkonzern erhielt den\",\"breadcrumb\":{\"@id\":\"https:\\\/\\\/kloepfel-consulting.com\\\/supply-chain-news\\\/zumtobel-standkonzept-light-building-ausgezeichnet-11240\\\/#breadcrumb\"},\"inLanguage\":\"fr-FR\",\"potentialAction\":[{\"@type\":\"ReadAction\",\"target\":[\"https:\\\/\\\/kloepfel-consulting.com\\\/supply-chain-news\\\/zumtobel-standkonzept-light-building-ausgezeichnet-11240\\\/\"]}]},{\"@type\":\"ImageObject\",\"inLanguage\":\"fr-FR\",\"@id\":\"https:\\\/\\\/kloepfel-consulting.com\\\/supply-chain-news\\\/zumtobel-standkonzept-light-building-ausgezeichnet-11240\\\/#primaryimage\",\"url\":\"https:\\\/\\\/kloepfel-consulting.com\\\/wp-content\\\/uploads\\\/2025\\\/08\\\/Light-Building-lb-2024-hero-workandliving-scaled-1.jpg\",\"contentUrl\":\"https:\\\/\\\/kloepfel-consulting.com\\\/wp-content\\\/uploads\\\/2025\\\/08\\\/Light-Building-lb-2024-hero-workandliving-scaled-1.jpg\",\"width\":2560,\"height\":1440,\"caption\":\"Moderne Lichtinstallationen mit gelben Lichtakzenten.\"},{\"@type\":\"BreadcrumbList\",\"@id\":\"https:\\\/\\\/kloepfel-consulting.com\\\/supply-chain-news\\\/zumtobel-standkonzept-light-building-ausgezeichnet-11240\\\/#breadcrumb\",\"itemListElement\":[{\"@type\":\"ListItem\",\"position\":1,\"name\":\"Startseite\",\"item\":\"https:\\\/\\\/kloepfel-consulting.com\\\/\"},{\"@type\":\"ListItem\",\"position\":2,\"name\":\"Logistikoptimierung\",\"item\":\"https:\\\/\\\/kloepfel-consulting.com\\\/zuordnung-landingpage\\\/logistikoptimierung\\\/\"},{\"@type\":\"ListItem\",\"position\":3,\"name\":\"Zumtobel: Standkonzept auf der Light + Building ausgezeichnet\"}]},{\"@type\":\"WebSite\",\"@id\":\"https:\\\/\\\/kloepfel-consulting.com\\\/#website\",\"url\":\"https:\\\/\\\/kloepfel-consulting.com\\\/\",\"name\":\"KLOEPFEL by EPSA\",\"description\":\"\",\"publisher\":{\"@id\":\"https:\\\/\\\/kloepfel-consulting.com\\\/#organization\"},\"alternateName\":\"KLOEPFELbyEPSA\",\"potentialAction\":[{\"@type\":\"SearchAction\",\"target\":{\"@type\":\"EntryPoint\",\"urlTemplate\":\"https:\\\/\\\/kloepfel-consulting.com\\\/?s={search_term_string}\"},\"query-input\":{\"@type\":\"PropertyValueSpecification\",\"valueRequired\":true,\"valueName\":\"search_term_string\"}}],\"inLanguage\":\"fr-FR\"},{\"@type\":\"Organization\",\"@id\":\"https:\\\/\\\/kloepfel-consulting.com\\\/#organization\",\"name\":\"KLOEPFEL by EPSA\",\"alternateName\":\"KLOEPFELbyEPSA\",\"url\":\"https:\\\/\\\/kloepfel-consulting.com\\\/\",\"logo\":{\"@type\":\"ImageObject\",\"inLanguage\":\"fr-FR\",\"@id\":\"https:\\\/\\\/kloepfel-consulting.com\\\/#\\\/schema\\\/logo\\\/image\\\/\",\"url\":\"https:\\\/\\\/kloepfel-consulting.com\\\/wp-content\\\/uploads\\\/2025\\\/04\\\/logo.webp\",\"contentUrl\":\"https:\\\/\\\/kloepfel-consulting.com\\\/wp-content\\\/uploads\\\/2025\\\/04\\\/logo.webp\",\"width\":616,\"height\":284,\"caption\":\"KLOEPFEL by EPSA\"},\"image\":{\"@id\":\"https:\\\/\\\/kloepfel-consulting.com\\\/#\\\/schema\\\/logo\\\/image\\\/\"},\"sameAs\":[\"https:\\\/\\\/www.facebook.com\\\/KloepfelGroup\",\"https:\\\/\\\/www.linkedin.com\\\/company\\\/kloepfel-consulting-gmbh\",\"https:\\\/\\\/www.instagram.com\\\/kloepfel_by_epsa\\\/\"],\"description\":\"Einkaufsberatung f\u00fcr Einkauf, Logistik und Supply Chain\",\"email\":\"info@kloepfel-consulting.com\",\"telephone\":\"+4921194198433\",\"legalName\":\"Kloepfel Consulting GmbH\",\"foundingDate\":\"2007-02-01\",\"vatID\":\"DE254132249\",\"numberOfEmployees\":{\"@type\":\"QuantitativeValue\",\"minValue\":\"51\",\"maxValue\":\"200\"}},{\"@type\":\"Person\",\"@id\":\"https:\\\/\\\/kloepfel-consulting.com\\\/#\\\/schema\\\/person\\\/2691163984d9670e417622b00a4c0f26\",\"name\":\"semprediritto\",\"image\":{\"@type\":\"ImageObject\",\"inLanguage\":\"fr-FR\",\"@id\":\"https:\\\/\\\/secure.gravatar.com\\\/avatar\\\/878f3ddb8fa2117ffa32d8a3152e4368517da61e3b89dd9bbfe39501477bf1f1?s=96&d=mm&r=g\",\"url\":\"https:\\\/\\\/secure.gravatar.com\\\/avatar\\\/878f3ddb8fa2117ffa32d8a3152e4368517da61e3b89dd9bbfe39501477bf1f1?s=96&d=mm&r=g\",\"contentUrl\":\"https:\\\/\\\/secure.gravatar.com\\\/avatar\\\/878f3ddb8fa2117ffa32d8a3152e4368517da61e3b89dd9bbfe39501477bf1f1?s=96&d=mm&r=g\",\"caption\":\"semprediritto\"},\"sameAs\":[\"https:\\\/\\\/kloepfel.sempre-diritto.de\"]}]}<\/script>\n<!-- \/ Yoast SEO Premium plugin. -->","yoast_head_json":{"title":"Zumtobel : concept de stand r\u00e9compens\u00e9 au salon Light + Building","description":"Le groupe Zumtobel a \u00e9t\u00e9 r\u00e9compens\u00e9 pour son stand au salon Light + Building de cette ann\u00e9e. Le groupe d'\u00e9clairage du Vorarlberg a re\u00e7u le","robots":{"index":"index","follow":"follow","max-snippet":"max-snippet:-1","max-image-preview":"max-image-preview:large","max-video-preview":"max-video-preview:-1"},"canonical":"https:\/\/kloepfel-consulting.com\/fr\/actualites-de-la-chaine-dapprovisionnement\/zumtobel-standkonzept-light-building-prime-11240\/","og_locale":"fr_FR","og_type":"article","og_title":"Zumtobel: Standkonzept auf der Light + Building ausgezeichnet","og_description":"Die Zumtobel Group wurde f\u00fcr ihren Messestand auf der diesj\u00e4hrigen Light + Building ausgezeichnet. Der Vorarlberger Lichtkonzern erhielt den Designplus Award in der Kategorie \u201eSustainable Exhibition Stand\u201c.","og_url":"https:\/\/kloepfel-consulting.com\/fr\/actualites-de-la-chaine-dapprovisionnement\/zumtobel-standkonzept-light-building-prime-11240\/","og_site_name":"KLOEPFEL by EPSA","article_publisher":"https:\/\/www.facebook.com\/KloepfelGroup","article_published_time":"2024-03-08T08:24:20+00:00","article_modified_time":"2025-08-27T09:24:20+00:00","og_image":[{"width":2200,"height":1608,"url":"https:\/\/kloepfel-consulting.com\/wp-content\/uploads\/2025\/07\/kloepfelgroup.webp","type":"image\/webp"}],"author":"semprediritto","twitter_card":"summary_large_image","twitter_title":"Zumtobel: Preisgekr\u00f6nter Messestand auf Light + Building","twitter_description":"Erfahren Sie mehr \u00fcber den ausgezeichneten Messestand von Zumtobel!","twitter_misc":{"\u00c9crit par":"semprediritto","Dur\u00e9e de lecture estim\u00e9e":"2 minutes"},"schema":{"@context":"https:\/\/schema.org","@graph":[{"@type":"Article","@id":"https:\/\/kloepfel-consulting.com\/supply-chain-news\/zumtobel-standkonzept-light-building-ausgezeichnet-11240\/#article","isPartOf":{"@id":"https:\/\/kloepfel-consulting.com\/supply-chain-news\/zumtobel-standkonzept-light-building-ausgezeichnet-11240\/"},"author":{"name":"semprediritto","@id":"https:\/\/kloepfel-consulting.com\/#\/schema\/person\/2691163984d9670e417622b00a4c0f26"},"headline":"Zumtobel: Standkonzept auf der Light + Building ausgezeichnet","datePublished":"2024-03-08T08:24:20+00:00","dateModified":"2025-08-27T09:24:20+00:00","mainEntityOfPage":{"@id":"https:\/\/kloepfel-consulting.com\/supply-chain-news\/zumtobel-standkonzept-light-building-ausgezeichnet-11240\/"},"wordCount":208,"commentCount":0,"publisher":{"@id":"https:\/\/kloepfel-consulting.com\/#organization"},"image":{"@id":"https:\/\/kloepfel-consulting.com\/supply-chain-news\/zumtobel-standkonzept-light-building-ausgezeichnet-11240\/#primaryimage"},"thumbnailUrl":"https:\/\/kloepfel-consulting.com\/wp-content\/uploads\/2025\/08\/Light-Building-lb-2024-hero-workandliving-scaled-1.jpg","articleSection":["Supply Chain News"],"inLanguage":"fr-FR","potentialAction":[{"@type":"CommentAction","name":"Comment","target":["https:\/\/kloepfel-consulting.com\/supply-chain-news\/zumtobel-standkonzept-light-building-ausgezeichnet-11240\/#respond"]}],"copyrightYear":"2024","copyrightHolder":{"@id":"https:\/\/kloepfel-consulting.com\/fr\/#organization"}},{"@type":"WebPage","@id":"https:\/\/kloepfel-consulting.com\/supply-chain-news\/zumtobel-standkonzept-light-building-ausgezeichnet-11240\/","url":"https:\/\/kloepfel-consulting.com\/supply-chain-news\/zumtobel-standkonzept-light-building-ausgezeichnet-11240\/","name":"Zumtobel : concept de stand r\u00e9compens\u00e9 au salon Light + Building","isPartOf":{"@id":"https:\/\/kloepfel-consulting.com\/#website"},"primaryImageOfPage":{"@id":"https:\/\/kloepfel-consulting.com\/supply-chain-news\/zumtobel-standkonzept-light-building-ausgezeichnet-11240\/#primaryimage"},"image":{"@id":"https:\/\/kloepfel-consulting.com\/supply-chain-news\/zumtobel-standkonzept-light-building-ausgezeichnet-11240\/#primaryimage"},"thumbnailUrl":"https:\/\/kloepfel-consulting.com\/wp-content\/uploads\/2025\/08\/Light-Building-lb-2024-hero-workandliving-scaled-1.jpg","datePublished":"2024-03-08T08:24:20+00:00","dateModified":"2025-08-27T09:24:20+00:00","description":"Le groupe Zumtobel a \u00e9t\u00e9 r\u00e9compens\u00e9 pour son stand au salon Light + Building de cette ann\u00e9e. Le groupe d'\u00e9clairage du Vorarlberg a re\u00e7u le","breadcrumb":{"@id":"https:\/\/kloepfel-consulting.com\/supply-chain-news\/zumtobel-standkonzept-light-building-ausgezeichnet-11240\/#breadcrumb"},"inLanguage":"fr-FR","potentialAction":[{"@type":"ReadAction","target":["https:\/\/kloepfel-consulting.com\/supply-chain-news\/zumtobel-standkonzept-light-building-ausgezeichnet-11240\/"]}]},{"@type":"ImageObject","inLanguage":"fr-FR","@id":"https:\/\/kloepfel-consulting.com\/supply-chain-news\/zumtobel-standkonzept-light-building-ausgezeichnet-11240\/#primaryimage","url":"https:\/\/kloepfel-consulting.com\/wp-content\/uploads\/2025\/08\/Light-Building-lb-2024-hero-workandliving-scaled-1.jpg","contentUrl":"https:\/\/kloepfel-consulting.com\/wp-content\/uploads\/2025\/08\/Light-Building-lb-2024-hero-workandliving-scaled-1.jpg","width":2560,"height":1440,"caption":"Moderne Lichtinstallationen mit gelben Lichtakzenten."},{"@type":"BreadcrumbList","@id":"https:\/\/kloepfel-consulting.com\/supply-chain-news\/zumtobel-standkonzept-light-building-ausgezeichnet-11240\/#breadcrumb","itemListElement":[{"@type":"ListItem","position":1,"name":"Startseite","item":"https:\/\/kloepfel-consulting.com\/"},{"@type":"ListItem","position":2,"name":"Logistikoptimierung","item":"https:\/\/kloepfel-consulting.com\/zuordnung-landingpage\/logistikoptimierung\/"},{"@type":"ListItem","position":3,"name":"Zumtobel: Standkonzept auf der Light + Building ausgezeichnet"}]},{"@type":"WebSite","@id":"https:\/\/kloepfel-consulting.com\/#website","url":"https:\/\/kloepfel-consulting.com\/","name":"KLOEPFEL by EPSA","description":"","publisher":{"@id":"https:\/\/kloepfel-consulting.com\/#organization"},"alternateName":"KLOEPFELbyEPSA","potentialAction":[{"@type":"SearchAction","target":{"@type":"EntryPoint","urlTemplate":"https:\/\/kloepfel-consulting.com\/?s={search_term_string}"},"query-input":{"@type":"PropertyValueSpecification","valueRequired":true,"valueName":"search_term_string"}}],"inLanguage":"fr-FR"},{"@type":"Organization","@id":"https:\/\/kloepfel-consulting.com\/#organization","name":"KLOEPFEL by EPSA","alternateName":"KLOEPFELbyEPSA","url":"https:\/\/kloepfel-consulting.com\/","logo":{"@type":"ImageObject","inLanguage":"fr-FR","@id":"https:\/\/kloepfel-consulting.com\/#\/schema\/logo\/image\/","url":"https:\/\/kloepfel-consulting.com\/wp-content\/uploads\/2025\/04\/logo.webp","contentUrl":"https:\/\/kloepfel-consulting.com\/wp-content\/uploads\/2025\/04\/logo.webp","width":616,"height":284,"caption":"KLOEPFEL by EPSA"},"image":{"@id":"https:\/\/kloepfel-consulting.com\/#\/schema\/logo\/image\/"},"sameAs":["https:\/\/www.facebook.com\/KloepfelGroup","https:\/\/www.linkedin.com\/company\/kloepfel-consulting-gmbh","https:\/\/www.instagram.com\/kloepfel_by_epsa\/"],"description":"Conseil d'achat pour l'approvisionnement, la logistique et la cha\u00eene d'approvisionnement","email":"info@kloepfel-consulting.com","telephone":"+4921194198433","legalName":"Kloepfel Consulting GmbH","foundingDate":"2007-02-01","vatID":"DE254132249","numberOfEmployees":{"@type":"QuantitativeValue","minValue":"51","maxValue":"200"}},{"@type":"Person","@id":"https:\/\/kloepfel-consulting.com\/#\/schema\/person\/2691163984d9670e417622b00a4c0f26","name":"Toujours le droit","image":{"@type":"ImageObject","inLanguage":"fr-FR","@id":"https:\/\/secure.gravatar.com\/avatar\/878f3ddb8fa2117ffa32d8a3152e4368517da61e3b89dd9bbfe39501477bf1f1?s=96&d=mm&r=g","url":"https:\/\/secure.gravatar.com\/avatar\/878f3ddb8fa2117ffa32d8a3152e4368517da61e3b89dd9bbfe39501477bf1f1?s=96&d=mm&r=g","contentUrl":"https:\/\/secure.gravatar.com\/avatar\/878f3ddb8fa2117ffa32d8a3152e4368517da61e3b89dd9bbfe39501477bf1f1?s=96&d=mm&r=g","caption":"semprediritto"},"sameAs":["https:\/\/kloepfel.sempre-diritto.de"]}]}},"_links":{"self":[{"href":"https:\/\/kloepfel-consulting.com\/fr\/wp-json\/wp\/v2\/posts\/11240","targetHints":{"allow":["GET"]}}],"collection":[{"href":"https:\/\/kloepfel-consulting.com\/fr\/wp-json\/wp\/v2\/posts"}],"about":[{"href":"https:\/\/kloepfel-consulting.com\/fr\/wp-json\/wp\/v2\/types\/post"}],"author":[{"embeddable":true,"href":"https:\/\/kloepfel-consulting.com\/fr\/wp-json\/wp\/v2\/users\/1"}],"replies":[{"embeddable":true,"href":"https:\/\/kloepfel-consulting.com\/fr\/wp-json\/wp\/v2\/comments?post=11240"}],"version-history":[{"count":2,"href":"https:\/\/kloepfel-consulting.com\/fr\/wp-json\/wp\/v2\/posts\/11240\/revisions"}],"predecessor-version":[{"id":14592,"href":"https:\/\/kloepfel-consulting.com\/fr\/wp-json\/wp\/v2\/posts\/11240\/revisions\/14592"}],"wp:featuredmedia":[{"embeddable":true,"href":"https:\/\/kloepfel-consulting.com\/fr\/wp-json\/wp\/v2\/media\/11241"}],"wp:attachment":[{"href":"https:\/\/kloepfel-consulting.com\/fr\/wp-json\/wp\/v2\/media?parent=11240"}],"wp:term":[{"taxonomy":"category","embeddable":true,"href":"https:\/\/kloepfel-consulting.com\/fr\/wp-json\/wp\/v2\/categories?post=11240"},{"taxonomy":"post_tag","embeddable":true,"href":"https:\/\/kloepfel-consulting.com\/fr\/wp-json\/wp\/v2\/tags?post=11240"},{"taxonomy":"referenzkategorie","embeddable":true,"href":"https:\/\/kloepfel-consulting.com\/fr\/wp-json\/wp\/v2\/referenzkategorie?post=11240"}],"curies":[{"name":"wp","href":"https:\/\/api.w.org\/{rel}","templated":true}]}}