{"id":11285,"date":"2024-03-14T09:24:22","date_gmt":"2024-03-14T08:24:22","guid":{"rendered":"https:\/\/kloepfel.sempre-diritto.de\/2024\/03\/14\/otto-group-fuehrungswechsel\/"},"modified":"2025-08-27T11:24:22","modified_gmt":"2025-08-27T09:24:22","slug":"changement-de-direction-du-groupe-otto","status":"publish","type":"post","link":"https:\/\/kloepfel-consulting.com\/fr\/supply-chain-news\/otto-group-fuehrungswechsel-11285\/","title":{"rendered":"Otto Group : Changement de direction"},"content":{"rendered":"<h2>Michael Otto passe le relais \u00e0 Benjamin Otto<\/h2>\n<p>le <a href=\"https:\/\/kloepfel-consulting.com\/fr\/actualites-de-la-chaine-dapprovisionnement\/chaine-dapprovisionnement\/otto-zusammenarbeit-wildplastic-7915160\/\" rel=\"noopener\" target=\"_blank\">Groupe Otto<\/a> a inform\u00e9 ces jours-ci qu'un changement de g\u00e9n\u00e9ration aura lieu en 2026 au sein de la grande entreprise commerciale de Hambourg.<\/p>\n<p>Selon ce document, Michael Otto transmettra la direction du groupe Otto \u00e0 son fils Benjamin Otto en 2026. Selon le communiqu\u00e9 de presse, Benjamin Otto deviendra alors pr\u00e9sident du conseil d'administration de la fondation Michael Otto, qui d\u00e9tient la majorit\u00e9 des parts du groupe Otto, ainsi que du conseil des actionnaires. Il contr\u00f4lera ainsi le groupe de commerce et de services.<\/p>\n<p>Il sera second\u00e9 par Alexander Birken, l'actuel pr\u00e9sident du directoire du groupe Otto. Birken deviendra d\u00e8s 2025 pr\u00e9sident du conseil de surveillance, un poste \u00e9galement occup\u00e9 actuellement par Michael Otto. La nouvelle pr\u00e9sidente du directoire du groupe Otto devrait \u00eatre Petra Scharner-Wolff \u00e0 partir du 1er mars 2025. Elle occupe depuis 1999 diff\u00e9rents postes de direction au sein du groupe. Actuellement, Scharner-Wolff est responsable des finances, du contr\u00f4le de gestion et des ressources humaines au sein du directoire.<\/p>\n<h3>Benjamin Otto<\/h3>\n<p>Dans son communiqu\u00e9 de presse, le groupe de distribution d\u00e9crit Benjamin Otto comme un entrepreneur passionn\u00e9. Jusqu'\u00e0 pr\u00e9sent, Benjamin Otto a notamment \u00e9t\u00e9 actif en tant que fondateur. Il si\u00e8ge ainsi, avec sa femme, au conseil d'administration de la Holistic Foundation. En ce qui concerne sa future fonction au sein du groupe Otto, le groupe \u00e9crit que Benjamin Otto prendra en charge la direction strat\u00e9gique du groupe d'entreprises en tant qu'associ\u00e9 cr\u00e9ateur \u00e0 partir des organes de contr\u00f4le.<\/p>","protected":false},"excerpt":{"rendered":"<p>Michael Otto \u00fcbergibt an Benjamin Otto Der Otto-Konzern informierte dieser Tage schon jetzt dar\u00fcber, das es 2026 einen Generationenwechsel bei Hamburgs gro\u00dfem Handelsunternehmen geben wird. Demnach \u00fcbergibt Michael Otto die F\u00fchrung der Otto Group 2026 an seinen Sohn Benjamin Otto. Laut der Pressemitteilung wird Benjamin Otto dann Vorsitzender des Stiftungsrats der Michael Otto Stiftung, bei [&hellip;]<\/p>\n","protected":false},"author":1,"featured_media":11286,"comment_status":"open","ping_status":"open","sticky":false,"template":"","format":"standard","meta":{"_acf_changed":false,"footnotes":""},"categories":[88],"tags":[],"referenzkategorie":[],"class_list":["post-11285","post","type-post","status-publish","format-standard","has-post-thumbnail","hentry","category-supply-chain-news"],"acf":[],"yoast_head":"<!-- This site is optimized with the Yoast SEO Premium plugin v27.5 (Yoast SEO v27.5) - https:\/\/yoast.com\/product\/yoast-seo-premium-wordpress\/ -->\n<title>Otto Group: F\u00fchrungswechsel<\/title>\n<meta name=\"description\" content=\"Der Otto-Konzern informierte dieser Tage schon jetzt dar\u00fcber, das es 2026 einen Generationenwechsel bei Hamburgs gro\u00dfem Handelsunternehmen g\" \/>\n<meta name=\"robots\" content=\"index, follow, max-snippet:-1, max-image-preview:large, max-video-preview:-1\" \/>\n<link rel=\"canonical\" href=\"https:\/\/kloepfel-consulting.com\/fr\/actualites-de-la-chaine-dapprovisionnement\/changement-de-direction-otto-group-11285\/\" \/>\n<meta property=\"og:locale\" content=\"fr_FR\" \/>\n<meta property=\"og:type\" content=\"article\" \/>\n<meta property=\"og:title\" content=\"Otto Group: F\u00fchrungswechsel\" \/>\n<meta property=\"og:description\" content=\"Der Otto-Konzern informierte dieser Tage schon jetzt dar\u00fcber, das es 2026 einen Generationenwechsel bei Hamburgs gro\u00dfem Handelsunternehmen geben wird.\" \/>\n<meta property=\"og:url\" content=\"https:\/\/kloepfel-consulting.com\/fr\/actualites-de-la-chaine-dapprovisionnement\/changement-de-direction-otto-group-11285\/\" \/>\n<meta property=\"og:site_name\" content=\"KLOEPFEL by EPSA\" \/>\n<meta property=\"article:publisher\" content=\"https:\/\/www.facebook.com\/KloepfelGroup\" \/>\n<meta property=\"article:published_time\" content=\"2024-03-14T08:24:22+00:00\" \/>\n<meta property=\"article:modified_time\" content=\"2025-08-27T09:24:22+00:00\" \/>\n<meta property=\"og:image\" content=\"https:\/\/kloepfel-consulting.com\/wp-content\/uploads\/2025\/07\/kloepfelgroup.webp\" \/>\n\t<meta property=\"og:image:width\" content=\"2200\" \/>\n\t<meta property=\"og:image:height\" content=\"1608\" \/>\n\t<meta property=\"og:image:type\" content=\"image\/webp\" \/>\n<meta name=\"author\" content=\"semprediritto\" \/>\n<meta name=\"twitter:card\" content=\"summary_large_image\" \/>\n<meta name=\"twitter:title\" content=\"F\u00fchrungswechsel bei der Otto Group 2026\" \/>\n<meta name=\"twitter:description\" content=\"Michael Otto \u00fcbergibt an Benjamin Otto. Alle Details hier!\" \/>\n<meta name=\"twitter:label1\" content=\"\u00c9crit par\" \/>\n\t<meta name=\"twitter:data1\" content=\"semprediritto\" \/>\n\t<meta name=\"twitter:label2\" content=\"Dur\u00e9e de lecture estim\u00e9e\" \/>\n\t<meta name=\"twitter:data2\" content=\"2 minutes\" \/>\n<script type=\"application\/ld+json\" class=\"yoast-schema-graph\">{\"@context\":\"https:\\\/\\\/schema.org\",\"@graph\":[{\"@type\":\"Article\",\"@id\":\"https:\\\/\\\/kloepfel-consulting.com\\\/supply-chain-news\\\/otto-group-fuehrungswechsel-11285\\\/#article\",\"isPartOf\":{\"@id\":\"https:\\\/\\\/kloepfel-consulting.com\\\/supply-chain-news\\\/otto-group-fuehrungswechsel-11285\\\/\"},\"author\":{\"name\":\"semprediritto\",\"@id\":\"https:\\\/\\\/kloepfel-consulting.com\\\/#\\\/schema\\\/person\\\/2691163984d9670e417622b00a4c0f26\"},\"headline\":\"Otto Group: F\u00fchrungswechsel\",\"datePublished\":\"2024-03-14T08:24:22+00:00\",\"dateModified\":\"2025-08-27T09:24:22+00:00\",\"mainEntityOfPage\":{\"@id\":\"https:\\\/\\\/kloepfel-consulting.com\\\/supply-chain-news\\\/otto-group-fuehrungswechsel-11285\\\/\"},\"wordCount\":213,\"commentCount\":0,\"publisher\":{\"@id\":\"https:\\\/\\\/kloepfel-consulting.com\\\/#organization\"},\"image\":{\"@id\":\"https:\\\/\\\/kloepfel-consulting.com\\\/supply-chain-news\\\/otto-group-fuehrungswechsel-11285\\\/#primaryimage\"},\"thumbnailUrl\":\"https:\\\/\\\/kloepfel-consulting.com\\\/wp-content\\\/uploads\\\/2025\\\/08\\\/otto_group_campus_.jpg\",\"articleSection\":[\"Supply Chain News\"],\"inLanguage\":\"fr-FR\",\"potentialAction\":[{\"@type\":\"CommentAction\",\"name\":\"Comment\",\"target\":[\"https:\\\/\\\/kloepfel-consulting.com\\\/supply-chain-news\\\/otto-group-fuehrungswechsel-11285\\\/#respond\"]}],\"copyrightYear\":\"2024\",\"copyrightHolder\":{\"@id\":\"https:\\\/\\\/kloepfel-consulting.com\\\/fr\\\/#organization\"}},{\"@type\":\"WebPage\",\"@id\":\"https:\\\/\\\/kloepfel-consulting.com\\\/supply-chain-news\\\/otto-group-fuehrungswechsel-11285\\\/\",\"url\":\"https:\\\/\\\/kloepfel-consulting.com\\\/supply-chain-news\\\/otto-group-fuehrungswechsel-11285\\\/\",\"name\":\"Otto Group: F\u00fchrungswechsel\",\"isPartOf\":{\"@id\":\"https:\\\/\\\/kloepfel-consulting.com\\\/#website\"},\"primaryImageOfPage\":{\"@id\":\"https:\\\/\\\/kloepfel-consulting.com\\\/supply-chain-news\\\/otto-group-fuehrungswechsel-11285\\\/#primaryimage\"},\"image\":{\"@id\":\"https:\\\/\\\/kloepfel-consulting.com\\\/supply-chain-news\\\/otto-group-fuehrungswechsel-11285\\\/#primaryimage\"},\"thumbnailUrl\":\"https:\\\/\\\/kloepfel-consulting.com\\\/wp-content\\\/uploads\\\/2025\\\/08\\\/otto_group_campus_.jpg\",\"datePublished\":\"2024-03-14T08:24:22+00:00\",\"dateModified\":\"2025-08-27T09:24:22+00:00\",\"description\":\"Der Otto-Konzern informierte dieser Tage schon jetzt dar\u00fcber, das es 2026 einen Generationenwechsel bei Hamburgs gro\u00dfem Handelsunternehmen g\",\"breadcrumb\":{\"@id\":\"https:\\\/\\\/kloepfel-consulting.com\\\/supply-chain-news\\\/otto-group-fuehrungswechsel-11285\\\/#breadcrumb\"},\"inLanguage\":\"fr-FR\",\"potentialAction\":[{\"@type\":\"ReadAction\",\"target\":[\"https:\\\/\\\/kloepfel-consulting.com\\\/supply-chain-news\\\/otto-group-fuehrungswechsel-11285\\\/\"]}]},{\"@type\":\"ImageObject\",\"inLanguage\":\"fr-FR\",\"@id\":\"https:\\\/\\\/kloepfel-consulting.com\\\/supply-chain-news\\\/otto-group-fuehrungswechsel-11285\\\/#primaryimage\",\"url\":\"https:\\\/\\\/kloepfel-consulting.com\\\/wp-content\\\/uploads\\\/2025\\\/08\\\/otto_group_campus_.jpg\",\"contentUrl\":\"https:\\\/\\\/kloepfel-consulting.com\\\/wp-content\\\/uploads\\\/2025\\\/08\\\/otto_group_campus_.jpg\",\"width\":1920,\"height\":1280,\"caption\":\"B\u00fcrogeb\u00e4ude des Otto Group Campus mit begr\u00fcnten Fl\u00e4chen.\"},{\"@type\":\"BreadcrumbList\",\"@id\":\"https:\\\/\\\/kloepfel-consulting.com\\\/supply-chain-news\\\/otto-group-fuehrungswechsel-11285\\\/#breadcrumb\",\"itemListElement\":[{\"@type\":\"ListItem\",\"position\":1,\"name\":\"Startseite\",\"item\":\"https:\\\/\\\/kloepfel-consulting.com\\\/\"},{\"@type\":\"ListItem\",\"position\":2,\"name\":\"Logistikoptimierung\",\"item\":\"https:\\\/\\\/kloepfel-consulting.com\\\/zuordnung-landingpage\\\/logistikoptimierung\\\/\"},{\"@type\":\"ListItem\",\"position\":3,\"name\":\"Otto Group: F\u00fchrungswechsel\"}]},{\"@type\":\"WebSite\",\"@id\":\"https:\\\/\\\/kloepfel-consulting.com\\\/#website\",\"url\":\"https:\\\/\\\/kloepfel-consulting.com\\\/\",\"name\":\"KLOEPFEL by EPSA\",\"description\":\"\",\"publisher\":{\"@id\":\"https:\\\/\\\/kloepfel-consulting.com\\\/#organization\"},\"alternateName\":\"KLOEPFELbyEPSA\",\"potentialAction\":[{\"@type\":\"SearchAction\",\"target\":{\"@type\":\"EntryPoint\",\"urlTemplate\":\"https:\\\/\\\/kloepfel-consulting.com\\\/?s={search_term_string}\"},\"query-input\":{\"@type\":\"PropertyValueSpecification\",\"valueRequired\":true,\"valueName\":\"search_term_string\"}}],\"inLanguage\":\"fr-FR\"},{\"@type\":\"Organization\",\"@id\":\"https:\\\/\\\/kloepfel-consulting.com\\\/#organization\",\"name\":\"KLOEPFEL by EPSA\",\"alternateName\":\"KLOEPFELbyEPSA\",\"url\":\"https:\\\/\\\/kloepfel-consulting.com\\\/\",\"logo\":{\"@type\":\"ImageObject\",\"inLanguage\":\"fr-FR\",\"@id\":\"https:\\\/\\\/kloepfel-consulting.com\\\/#\\\/schema\\\/logo\\\/image\\\/\",\"url\":\"https:\\\/\\\/kloepfel-consulting.com\\\/wp-content\\\/uploads\\\/2025\\\/04\\\/logo.webp\",\"contentUrl\":\"https:\\\/\\\/kloepfel-consulting.com\\\/wp-content\\\/uploads\\\/2025\\\/04\\\/logo.webp\",\"width\":616,\"height\":284,\"caption\":\"KLOEPFEL by EPSA\"},\"image\":{\"@id\":\"https:\\\/\\\/kloepfel-consulting.com\\\/#\\\/schema\\\/logo\\\/image\\\/\"},\"sameAs\":[\"https:\\\/\\\/www.facebook.com\\\/KloepfelGroup\",\"https:\\\/\\\/www.linkedin.com\\\/company\\\/kloepfel-consulting-gmbh\",\"https:\\\/\\\/www.instagram.com\\\/kloepfel_by_epsa\\\/\"],\"description\":\"Einkaufsberatung f\u00fcr Einkauf, Logistik und Supply Chain\",\"email\":\"info@kloepfel-consulting.com\",\"telephone\":\"+4921194198433\",\"legalName\":\"Kloepfel Consulting GmbH\",\"foundingDate\":\"2007-02-01\",\"vatID\":\"DE254132249\",\"numberOfEmployees\":{\"@type\":\"QuantitativeValue\",\"minValue\":\"51\",\"maxValue\":\"200\"}},{\"@type\":\"Person\",\"@id\":\"https:\\\/\\\/kloepfel-consulting.com\\\/#\\\/schema\\\/person\\\/2691163984d9670e417622b00a4c0f26\",\"name\":\"semprediritto\",\"image\":{\"@type\":\"ImageObject\",\"inLanguage\":\"fr-FR\",\"@id\":\"https:\\\/\\\/secure.gravatar.com\\\/avatar\\\/878f3ddb8fa2117ffa32d8a3152e4368517da61e3b89dd9bbfe39501477bf1f1?s=96&d=mm&r=g\",\"url\":\"https:\\\/\\\/secure.gravatar.com\\\/avatar\\\/878f3ddb8fa2117ffa32d8a3152e4368517da61e3b89dd9bbfe39501477bf1f1?s=96&d=mm&r=g\",\"contentUrl\":\"https:\\\/\\\/secure.gravatar.com\\\/avatar\\\/878f3ddb8fa2117ffa32d8a3152e4368517da61e3b89dd9bbfe39501477bf1f1?s=96&d=mm&r=g\",\"caption\":\"semprediritto\"},\"sameAs\":[\"https:\\\/\\\/kloepfel.sempre-diritto.de\"]}]}<\/script>\n<!-- \/ Yoast SEO Premium plugin. -->","yoast_head_json":{"title":"Otto Group : Changement de direction","description":"Le groupe Otto a annonc\u00e9 ces jours-ci qu'il y aurait un changement de g\u00e9n\u00e9ration au sein de la grande entreprise commerciale de Hambourg en 2026.","robots":{"index":"index","follow":"follow","max-snippet":"max-snippet:-1","max-image-preview":"max-image-preview:large","max-video-preview":"max-video-preview:-1"},"canonical":"https:\/\/kloepfel-consulting.com\/fr\/actualites-de-la-chaine-dapprovisionnement\/changement-de-direction-otto-group-11285\/","og_locale":"fr_FR","og_type":"article","og_title":"Otto Group: F\u00fchrungswechsel","og_description":"Der Otto-Konzern informierte dieser Tage schon jetzt dar\u00fcber, das es 2026 einen Generationenwechsel bei Hamburgs gro\u00dfem Handelsunternehmen geben wird.","og_url":"https:\/\/kloepfel-consulting.com\/fr\/actualites-de-la-chaine-dapprovisionnement\/changement-de-direction-otto-group-11285\/","og_site_name":"KLOEPFEL by EPSA","article_publisher":"https:\/\/www.facebook.com\/KloepfelGroup","article_published_time":"2024-03-14T08:24:22+00:00","article_modified_time":"2025-08-27T09:24:22+00:00","og_image":[{"width":2200,"height":1608,"url":"https:\/\/kloepfel-consulting.com\/wp-content\/uploads\/2025\/07\/kloepfelgroup.webp","type":"image\/webp"}],"author":"semprediritto","twitter_card":"summary_large_image","twitter_title":"F\u00fchrungswechsel bei der Otto Group 2026","twitter_description":"Michael Otto \u00fcbergibt an Benjamin Otto. Alle Details hier!","twitter_misc":{"\u00c9crit par":"semprediritto","Dur\u00e9e de lecture estim\u00e9e":"2 minutes"},"schema":{"@context":"https:\/\/schema.org","@graph":[{"@type":"Article","@id":"https:\/\/kloepfel-consulting.com\/supply-chain-news\/otto-group-fuehrungswechsel-11285\/#article","isPartOf":{"@id":"https:\/\/kloepfel-consulting.com\/supply-chain-news\/otto-group-fuehrungswechsel-11285\/"},"author":{"name":"semprediritto","@id":"https:\/\/kloepfel-consulting.com\/#\/schema\/person\/2691163984d9670e417622b00a4c0f26"},"headline":"Otto Group: F\u00fchrungswechsel","datePublished":"2024-03-14T08:24:22+00:00","dateModified":"2025-08-27T09:24:22+00:00","mainEntityOfPage":{"@id":"https:\/\/kloepfel-consulting.com\/supply-chain-news\/otto-group-fuehrungswechsel-11285\/"},"wordCount":213,"commentCount":0,"publisher":{"@id":"https:\/\/kloepfel-consulting.com\/#organization"},"image":{"@id":"https:\/\/kloepfel-consulting.com\/supply-chain-news\/otto-group-fuehrungswechsel-11285\/#primaryimage"},"thumbnailUrl":"https:\/\/kloepfel-consulting.com\/wp-content\/uploads\/2025\/08\/otto_group_campus_.jpg","articleSection":["Supply Chain News"],"inLanguage":"fr-FR","potentialAction":[{"@type":"CommentAction","name":"Comment","target":["https:\/\/kloepfel-consulting.com\/supply-chain-news\/otto-group-fuehrungswechsel-11285\/#respond"]}],"copyrightYear":"2024","copyrightHolder":{"@id":"https:\/\/kloepfel-consulting.com\/fr\/#organization"}},{"@type":"WebPage","@id":"https:\/\/kloepfel-consulting.com\/supply-chain-news\/otto-group-fuehrungswechsel-11285\/","url":"https:\/\/kloepfel-consulting.com\/supply-chain-news\/otto-group-fuehrungswechsel-11285\/","name":"Otto Group : Changement de direction","isPartOf":{"@id":"https:\/\/kloepfel-consulting.com\/#website"},"primaryImageOfPage":{"@id":"https:\/\/kloepfel-consulting.com\/supply-chain-news\/otto-group-fuehrungswechsel-11285\/#primaryimage"},"image":{"@id":"https:\/\/kloepfel-consulting.com\/supply-chain-news\/otto-group-fuehrungswechsel-11285\/#primaryimage"},"thumbnailUrl":"https:\/\/kloepfel-consulting.com\/wp-content\/uploads\/2025\/08\/otto_group_campus_.jpg","datePublished":"2024-03-14T08:24:22+00:00","dateModified":"2025-08-27T09:24:22+00:00","description":"Le groupe Otto a annonc\u00e9 ces jours-ci qu'il y aurait un changement de g\u00e9n\u00e9ration au sein de la grande entreprise commerciale de Hambourg en 2026.","breadcrumb":{"@id":"https:\/\/kloepfel-consulting.com\/supply-chain-news\/otto-group-fuehrungswechsel-11285\/#breadcrumb"},"inLanguage":"fr-FR","potentialAction":[{"@type":"ReadAction","target":["https:\/\/kloepfel-consulting.com\/supply-chain-news\/otto-group-fuehrungswechsel-11285\/"]}]},{"@type":"ImageObject","inLanguage":"fr-FR","@id":"https:\/\/kloepfel-consulting.com\/supply-chain-news\/otto-group-fuehrungswechsel-11285\/#primaryimage","url":"https:\/\/kloepfel-consulting.com\/wp-content\/uploads\/2025\/08\/otto_group_campus_.jpg","contentUrl":"https:\/\/kloepfel-consulting.com\/wp-content\/uploads\/2025\/08\/otto_group_campus_.jpg","width":1920,"height":1280,"caption":"B\u00fcrogeb\u00e4ude des Otto Group Campus mit begr\u00fcnten Fl\u00e4chen."},{"@type":"BreadcrumbList","@id":"https:\/\/kloepfel-consulting.com\/supply-chain-news\/otto-group-fuehrungswechsel-11285\/#breadcrumb","itemListElement":[{"@type":"ListItem","position":1,"name":"Startseite","item":"https:\/\/kloepfel-consulting.com\/"},{"@type":"ListItem","position":2,"name":"Logistikoptimierung","item":"https:\/\/kloepfel-consulting.com\/zuordnung-landingpage\/logistikoptimierung\/"},{"@type":"ListItem","position":3,"name":"Otto Group: F\u00fchrungswechsel"}]},{"@type":"WebSite","@id":"https:\/\/kloepfel-consulting.com\/#website","url":"https:\/\/kloepfel-consulting.com\/","name":"KLOEPFEL by EPSA","description":"","publisher":{"@id":"https:\/\/kloepfel-consulting.com\/#organization"},"alternateName":"KLOEPFELbyEPSA","potentialAction":[{"@type":"SearchAction","target":{"@type":"EntryPoint","urlTemplate":"https:\/\/kloepfel-consulting.com\/?s={search_term_string}"},"query-input":{"@type":"PropertyValueSpecification","valueRequired":true,"valueName":"search_term_string"}}],"inLanguage":"fr-FR"},{"@type":"Organization","@id":"https:\/\/kloepfel-consulting.com\/#organization","name":"KLOEPFEL by EPSA","alternateName":"KLOEPFELbyEPSA","url":"https:\/\/kloepfel-consulting.com\/","logo":{"@type":"ImageObject","inLanguage":"fr-FR","@id":"https:\/\/kloepfel-consulting.com\/#\/schema\/logo\/image\/","url":"https:\/\/kloepfel-consulting.com\/wp-content\/uploads\/2025\/04\/logo.webp","contentUrl":"https:\/\/kloepfel-consulting.com\/wp-content\/uploads\/2025\/04\/logo.webp","width":616,"height":284,"caption":"KLOEPFEL by EPSA"},"image":{"@id":"https:\/\/kloepfel-consulting.com\/#\/schema\/logo\/image\/"},"sameAs":["https:\/\/www.facebook.com\/KloepfelGroup","https:\/\/www.linkedin.com\/company\/kloepfel-consulting-gmbh","https:\/\/www.instagram.com\/kloepfel_by_epsa\/"],"description":"Conseil d'achat pour l'approvisionnement, la logistique et la cha\u00eene d'approvisionnement","email":"info@kloepfel-consulting.com","telephone":"+4921194198433","legalName":"Kloepfel Consulting GmbH","foundingDate":"2007-02-01","vatID":"DE254132249","numberOfEmployees":{"@type":"QuantitativeValue","minValue":"51","maxValue":"200"}},{"@type":"Person","@id":"https:\/\/kloepfel-consulting.com\/#\/schema\/person\/2691163984d9670e417622b00a4c0f26","name":"Toujours le droit","image":{"@type":"ImageObject","inLanguage":"fr-FR","@id":"https:\/\/secure.gravatar.com\/avatar\/878f3ddb8fa2117ffa32d8a3152e4368517da61e3b89dd9bbfe39501477bf1f1?s=96&d=mm&r=g","url":"https:\/\/secure.gravatar.com\/avatar\/878f3ddb8fa2117ffa32d8a3152e4368517da61e3b89dd9bbfe39501477bf1f1?s=96&d=mm&r=g","contentUrl":"https:\/\/secure.gravatar.com\/avatar\/878f3ddb8fa2117ffa32d8a3152e4368517da61e3b89dd9bbfe39501477bf1f1?s=96&d=mm&r=g","caption":"semprediritto"},"sameAs":["https:\/\/kloepfel.sempre-diritto.de"]}]}},"_links":{"self":[{"href":"https:\/\/kloepfel-consulting.com\/fr\/wp-json\/wp\/v2\/posts\/11285","targetHints":{"allow":["GET"]}}],"collection":[{"href":"https:\/\/kloepfel-consulting.com\/fr\/wp-json\/wp\/v2\/posts"}],"about":[{"href":"https:\/\/kloepfel-consulting.com\/fr\/wp-json\/wp\/v2\/types\/post"}],"author":[{"embeddable":true,"href":"https:\/\/kloepfel-consulting.com\/fr\/wp-json\/wp\/v2\/users\/1"}],"replies":[{"embeddable":true,"href":"https:\/\/kloepfel-consulting.com\/fr\/wp-json\/wp\/v2\/comments?post=11285"}],"version-history":[{"count":2,"href":"https:\/\/kloepfel-consulting.com\/fr\/wp-json\/wp\/v2\/posts\/11285\/revisions"}],"predecessor-version":[{"id":14598,"href":"https:\/\/kloepfel-consulting.com\/fr\/wp-json\/wp\/v2\/posts\/11285\/revisions\/14598"}],"wp:featuredmedia":[{"embeddable":true,"href":"https:\/\/kloepfel-consulting.com\/fr\/wp-json\/wp\/v2\/media\/11286"}],"wp:attachment":[{"href":"https:\/\/kloepfel-consulting.com\/fr\/wp-json\/wp\/v2\/media?parent=11285"}],"wp:term":[{"taxonomy":"category","embeddable":true,"href":"https:\/\/kloepfel-consulting.com\/fr\/wp-json\/wp\/v2\/categories?post=11285"},{"taxonomy":"post_tag","embeddable":true,"href":"https:\/\/kloepfel-consulting.com\/fr\/wp-json\/wp\/v2\/tags?post=11285"},{"taxonomy":"referenzkategorie","embeddable":true,"href":"https:\/\/kloepfel-consulting.com\/fr\/wp-json\/wp\/v2\/referenzkategorie?post=11285"}],"curies":[{"name":"wp","href":"https:\/\/api.w.org\/{rel}","templated":true}]}}