{"id":11594,"date":"2024-06-06T09:24:33","date_gmt":"2024-06-06T07:24:33","guid":{"rendered":"https:\/\/kloepfel.sempre-diritto.de\/2024\/06\/06\/arcelor-mittal-umbau-bremen-eisenhuettenstadt\/"},"modified":"2025-08-27T11:24:33","modified_gmt":"2025-08-27T09:24:33","slug":"arcelor-mittal-construction-bremen-eisenhuettenstadt","status":"publish","type":"post","link":"https:\/\/kloepfel-consulting.com\/fr\/supply-chain-news\/arcelor-mittal-umbau-bremen-eisenhuettenstadt-11594\/","title":{"rendered":"Arcelor-Mittal : transformation \u00e0 Br\u00eame et Eisenh\u00fcttenstadt"},"content":{"rendered":"<h2>Le groupe sid\u00e9rurgique a re\u00e7u une subvention nationale<\/h2>\n<p><a href=\"https:\/\/kloepfel-consulting.com\/fr\/actualites-de-la-chaine-dapprovisionnement\/chaine-dapprovisionnement\/buss-port-services-arcelormittal-verlaengern-zusammenarbeit-4515709\/\" rel=\"noopener\" target=\"_blank\">Arcelor-Mittal<\/a> a l'intention de vendre ses usines de Br\u00eame et d'Eisenh\u00fcttenstadt dans le cadre d'un accord de restructuration. <strong>Projet de d\u00e9carbonisation<\/strong> \u00e0 transformer.<\/p>\n<p>Pour cela, Robert Habeck, ministre f\u00e9d\u00e9ral de l'\u00c9conomie et de la Protection du climat, a r\u00e9cemment remis \u00e0 Eisenh\u00fcttenstadt, selon le communiqu\u00e9 de presse de l'entreprise, le <em>Avis de subvention<\/em> \u00e0 la direction et au personnel.<\/p>\n<h3>Une aide d'environ 1,3 milliard d'euros<\/h3>\n<p>Selon Arcelor-Mittal, l'investissement total pr\u00e9vu s'\u00e9l\u00e8ve \u00e0 environ 2,5 milliards d'euros. Le minist\u00e8re f\u00e9d\u00e9ral de l'\u00c9conomie et de la Protection du climat a accord\u00e9 une subvention d'environ 1,3 milliard d'euros pour le projet. Une partie de cette somme est cofinanc\u00e9e par le Land de Br\u00eame \u00e0 hauteur d'environ 251 millions d'euros.<\/p>\n<p>Thomas B\u00fcnger, CEO d'Arcelor-Mittal Flachstahl Allemagne, explique : \u201eAvec la d\u00e9cision de subvention nationale, nous avons assur\u00e9 une partie des co\u00fbts n\u00e9cessaires \u00e0 la construction et \u00e0 l'exploitation de nouvelles installations pour la d\u00e9carbonisation. Avec les financements de Br\u00eame et de l'\u00c9tat f\u00e9d\u00e9ral, nous continuons \u00e0 travailler avec une grande motivation pour franchir les prochaines \u00e9tapes de la transformation\u201c.\u201c<\/p>\n<h3>Fours \u00e0 arc \u00e9lectrique et installation de r\u00e9duction directe<\/h3>\n<p>Le groupe sid\u00e9rurgique a d\u00e9clar\u00e9 avoir l'intention de remplacer deux hauts-fourneaux (un \u00e0 Br\u00eame et un \u00e0 Eisenh\u00fcttenstadt) par des fours \u00e0 arc \u00e9lectrique et une installation de r\u00e9duction directe d'ici 2030.<\/p>\n<p>D\u00e8s que l'hydrog\u00e8ne vert sera disponible \u00e0 des prix comp\u00e9titifs au niveau international et en quantit\u00e9 suffisante, il sera utilis\u00e9 pour les nouvelles installations. Il sera alors possible d'\u00e9conomiser jusqu'\u00e0 5,8 millions de tonnes de CO2 par an et de produire 3,8 millions de tonnes d'acier \u00e0 \u00e9missions r\u00e9duites de CO2, \u00e9crit l'entreprise.<\/p>\n<p>Selon le communiqu\u00e9 de presse, la d\u00e9cision finale d'investissement n'a pas encore \u00e9t\u00e9 prise. Elle devrait intervenir d'ici la mi-2025.<\/p>","protected":false},"excerpt":{"rendered":"<p>Stahlkonzern erhielt nationalen F\u00f6rderbescheid Arcelor-Mittal hat vor, seine Werke in Bremen und Eisenh\u00fcttenstadt im Zuge eines Dekarbonisierungsprojektes umzubauen. Daf\u00fcr \u00fcbergab Robert Habeck, Bundesminister f\u00fcr Wirtschaft und Klimaschutz, laut der Pressemitteilung des Unternehmens k\u00fcrzlich in Eisenh\u00fcttenstadt den F\u00f6rderbescheid an das Management und die Belegschaft. F\u00f6rderung von rund 1,3 Milliarden Euro Nach Angaben von Arcelor-Mittal betr\u00e4gt die [&hellip;]<\/p>\n","protected":false},"author":1,"featured_media":11595,"comment_status":"open","ping_status":"open","sticky":false,"template":"","format":"standard","meta":{"_acf_changed":false,"footnotes":""},"categories":[88],"tags":[],"referenzkategorie":[],"class_list":["post-11594","post","type-post","status-publish","format-standard","has-post-thumbnail","hentry","category-supply-chain-news"],"acf":[],"yoast_head":"<!-- This site is optimized with the Yoast SEO Premium plugin v27.5 (Yoast SEO v27.5) - https:\/\/yoast.com\/product\/yoast-seo-premium-wordpress\/ -->\n<title>Arcelor-Mittal: Umbau in Bremen und Eisenh\u00fcttenstadt<\/title>\n<meta name=\"description\" content=\"Arcelor-Mittal hat vor, seine Werke in Bremen und Eisenh\u00fcttenstadt im Zuge eines Dekarbonisierungsprojektes umzubauen.\" \/>\n<meta name=\"robots\" content=\"index, follow, max-snippet:-1, max-image-preview:large, max-video-preview:-1\" \/>\n<link rel=\"canonical\" href=\"https:\/\/kloepfel-consulting.com\/fr\/actualites-de-la-chaine-dapprovisionnement\/arcelor-mittal-reconstruction-bremen-eisenhuettenstadt-11594\/\" \/>\n<meta property=\"og:locale\" content=\"fr_FR\" \/>\n<meta property=\"og:type\" content=\"article\" \/>\n<meta property=\"og:title\" content=\"Arcelor-Mittal: Umbau in Bremen und Eisenh\u00fcttenstadt\" \/>\n<meta property=\"og:description\" content=\"Arcelor-Mittal hat vor, seine Werke in Bremen und Eisenh\u00fcttenstadt im Zuge eines Dekarbonisierungsprojektes umzubauen.\" \/>\n<meta property=\"og:url\" content=\"https:\/\/kloepfel-consulting.com\/fr\/actualites-de-la-chaine-dapprovisionnement\/arcelor-mittal-reconstruction-bremen-eisenhuettenstadt-11594\/\" \/>\n<meta property=\"og:site_name\" content=\"KLOEPFEL by EPSA\" \/>\n<meta property=\"article:publisher\" content=\"https:\/\/www.facebook.com\/KloepfelGroup\" \/>\n<meta property=\"article:published_time\" content=\"2024-06-06T07:24:33+00:00\" \/>\n<meta property=\"article:modified_time\" content=\"2025-08-27T09:24:33+00:00\" \/>\n<meta property=\"og:image\" content=\"https:\/\/kloepfel-consulting.com\/wp-content\/uploads\/2025\/07\/kloepfelgroup.webp\" \/>\n\t<meta property=\"og:image:width\" content=\"2200\" \/>\n\t<meta property=\"og:image:height\" content=\"1608\" \/>\n\t<meta property=\"og:image:type\" content=\"image\/webp\" \/>\n<meta name=\"author\" content=\"semprediritto\" \/>\n<meta name=\"twitter:card\" content=\"summary_large_image\" \/>\n<meta name=\"twitter:title\" content=\"Arcelor-Mittal: Umbau in Bremen und Eisenh\u00fcttenstadt\" \/>\n<meta name=\"twitter:description\" content=\"Lesen Sie mehr \u00fcber den Umbau von Arcelor-Mittal und die F\u00f6rdermittel f\u00fcr die Dekarbonisierung.\" \/>\n<meta name=\"twitter:label1\" content=\"\u00c9crit par\" \/>\n\t<meta name=\"twitter:data1\" content=\"semprediritto\" \/>\n\t<meta name=\"twitter:label2\" content=\"Dur\u00e9e de lecture estim\u00e9e\" \/>\n\t<meta name=\"twitter:data2\" content=\"2 minutes\" \/>\n<script type=\"application\/ld+json\" class=\"yoast-schema-graph\">{\"@context\":\"https:\\\/\\\/schema.org\",\"@graph\":[{\"@type\":\"Article\",\"@id\":\"https:\\\/\\\/kloepfel-consulting.com\\\/supply-chain-news\\\/arcelor-mittal-umbau-bremen-eisenhuettenstadt-11594\\\/#article\",\"isPartOf\":{\"@id\":\"https:\\\/\\\/kloepfel-consulting.com\\\/supply-chain-news\\\/arcelor-mittal-umbau-bremen-eisenhuettenstadt-11594\\\/\"},\"author\":{\"name\":\"semprediritto\",\"@id\":\"https:\\\/\\\/kloepfel-consulting.com\\\/#\\\/schema\\\/person\\\/2691163984d9670e417622b00a4c0f26\"},\"headline\":\"Arcelor-Mittal: Umbau in Bremen und Eisenh\u00fcttenstadt\",\"datePublished\":\"2024-06-06T07:24:33+00:00\",\"dateModified\":\"2025-08-27T09:24:33+00:00\",\"mainEntityOfPage\":{\"@id\":\"https:\\\/\\\/kloepfel-consulting.com\\\/supply-chain-news\\\/arcelor-mittal-umbau-bremen-eisenhuettenstadt-11594\\\/\"},\"wordCount\":264,\"commentCount\":0,\"publisher\":{\"@id\":\"https:\\\/\\\/kloepfel-consulting.com\\\/#organization\"},\"image\":{\"@id\":\"https:\\\/\\\/kloepfel-consulting.com\\\/supply-chain-news\\\/arcelor-mittal-umbau-bremen-eisenhuettenstadt-11594\\\/#primaryimage\"},\"thumbnailUrl\":\"https:\\\/\\\/kloepfel-consulting.com\\\/wp-content\\\/uploads\\\/2025\\\/08\\\/pexels-stahl-scaled-1.jpg\",\"articleSection\":[\"Supply Chain News\"],\"inLanguage\":\"fr-FR\",\"potentialAction\":[{\"@type\":\"CommentAction\",\"name\":\"Comment\",\"target\":[\"https:\\\/\\\/kloepfel-consulting.com\\\/supply-chain-news\\\/arcelor-mittal-umbau-bremen-eisenhuettenstadt-11594\\\/#respond\"]}],\"copyrightYear\":\"2024\",\"copyrightHolder\":{\"@id\":\"https:\\\/\\\/kloepfel-consulting.com\\\/fr\\\/#organization\"}},{\"@type\":\"WebPage\",\"@id\":\"https:\\\/\\\/kloepfel-consulting.com\\\/supply-chain-news\\\/arcelor-mittal-umbau-bremen-eisenhuettenstadt-11594\\\/\",\"url\":\"https:\\\/\\\/kloepfel-consulting.com\\\/supply-chain-news\\\/arcelor-mittal-umbau-bremen-eisenhuettenstadt-11594\\\/\",\"name\":\"Arcelor-Mittal: Umbau in Bremen und Eisenh\u00fcttenstadt\",\"isPartOf\":{\"@id\":\"https:\\\/\\\/kloepfel-consulting.com\\\/#website\"},\"primaryImageOfPage\":{\"@id\":\"https:\\\/\\\/kloepfel-consulting.com\\\/supply-chain-news\\\/arcelor-mittal-umbau-bremen-eisenhuettenstadt-11594\\\/#primaryimage\"},\"image\":{\"@id\":\"https:\\\/\\\/kloepfel-consulting.com\\\/supply-chain-news\\\/arcelor-mittal-umbau-bremen-eisenhuettenstadt-11594\\\/#primaryimage\"},\"thumbnailUrl\":\"https:\\\/\\\/kloepfel-consulting.com\\\/wp-content\\\/uploads\\\/2025\\\/08\\\/pexels-stahl-scaled-1.jpg\",\"datePublished\":\"2024-06-06T07:24:33+00:00\",\"dateModified\":\"2025-08-27T09:24:33+00:00\",\"description\":\"Arcelor-Mittal hat vor, seine Werke in Bremen und Eisenh\u00fcttenstadt im Zuge eines Dekarbonisierungsprojektes umzubauen.\",\"breadcrumb\":{\"@id\":\"https:\\\/\\\/kloepfel-consulting.com\\\/supply-chain-news\\\/arcelor-mittal-umbau-bremen-eisenhuettenstadt-11594\\\/#breadcrumb\"},\"inLanguage\":\"fr-FR\",\"potentialAction\":[{\"@type\":\"ReadAction\",\"target\":[\"https:\\\/\\\/kloepfel-consulting.com\\\/supply-chain-news\\\/arcelor-mittal-umbau-bremen-eisenhuettenstadt-11594\\\/\"]}]},{\"@type\":\"ImageObject\",\"inLanguage\":\"fr-FR\",\"@id\":\"https:\\\/\\\/kloepfel-consulting.com\\\/supply-chain-news\\\/arcelor-mittal-umbau-bremen-eisenhuettenstadt-11594\\\/#primaryimage\",\"url\":\"https:\\\/\\\/kloepfel-consulting.com\\\/wp-content\\\/uploads\\\/2025\\\/08\\\/pexels-stahl-scaled-1.jpg\",\"contentUrl\":\"https:\\\/\\\/kloepfel-consulting.com\\\/wp-content\\\/uploads\\\/2025\\\/08\\\/pexels-stahl-scaled-1.jpg\",\"width\":2560,\"height\":1702,\"caption\":\"Gestapelte zylindrische Rohre in mehreren Reihen.\"},{\"@type\":\"BreadcrumbList\",\"@id\":\"https:\\\/\\\/kloepfel-consulting.com\\\/supply-chain-news\\\/arcelor-mittal-umbau-bremen-eisenhuettenstadt-11594\\\/#breadcrumb\",\"itemListElement\":[{\"@type\":\"ListItem\",\"position\":1,\"name\":\"Startseite\",\"item\":\"https:\\\/\\\/kloepfel-consulting.com\\\/\"},{\"@type\":\"ListItem\",\"position\":2,\"name\":\"Logistikoptimierung\",\"item\":\"https:\\\/\\\/kloepfel-consulting.com\\\/zuordnung-landingpage\\\/logistikoptimierung\\\/\"},{\"@type\":\"ListItem\",\"position\":3,\"name\":\"Arcelor-Mittal: Umbau in Bremen und Eisenh\u00fcttenstadt\"}]},{\"@type\":\"WebSite\",\"@id\":\"https:\\\/\\\/kloepfel-consulting.com\\\/#website\",\"url\":\"https:\\\/\\\/kloepfel-consulting.com\\\/\",\"name\":\"KLOEPFEL by EPSA\",\"description\":\"\",\"publisher\":{\"@id\":\"https:\\\/\\\/kloepfel-consulting.com\\\/#organization\"},\"alternateName\":\"KLOEPFELbyEPSA\",\"potentialAction\":[{\"@type\":\"SearchAction\",\"target\":{\"@type\":\"EntryPoint\",\"urlTemplate\":\"https:\\\/\\\/kloepfel-consulting.com\\\/?s={search_term_string}\"},\"query-input\":{\"@type\":\"PropertyValueSpecification\",\"valueRequired\":true,\"valueName\":\"search_term_string\"}}],\"inLanguage\":\"fr-FR\"},{\"@type\":\"Organization\",\"@id\":\"https:\\\/\\\/kloepfel-consulting.com\\\/#organization\",\"name\":\"KLOEPFEL by EPSA\",\"alternateName\":\"KLOEPFELbyEPSA\",\"url\":\"https:\\\/\\\/kloepfel-consulting.com\\\/\",\"logo\":{\"@type\":\"ImageObject\",\"inLanguage\":\"fr-FR\",\"@id\":\"https:\\\/\\\/kloepfel-consulting.com\\\/#\\\/schema\\\/logo\\\/image\\\/\",\"url\":\"https:\\\/\\\/kloepfel-consulting.com\\\/wp-content\\\/uploads\\\/2025\\\/04\\\/logo.webp\",\"contentUrl\":\"https:\\\/\\\/kloepfel-consulting.com\\\/wp-content\\\/uploads\\\/2025\\\/04\\\/logo.webp\",\"width\":616,\"height\":284,\"caption\":\"KLOEPFEL by EPSA\"},\"image\":{\"@id\":\"https:\\\/\\\/kloepfel-consulting.com\\\/#\\\/schema\\\/logo\\\/image\\\/\"},\"sameAs\":[\"https:\\\/\\\/www.facebook.com\\\/KloepfelGroup\",\"https:\\\/\\\/www.linkedin.com\\\/company\\\/kloepfel-consulting-gmbh\",\"https:\\\/\\\/www.instagram.com\\\/kloepfel_by_epsa\\\/\"],\"description\":\"Einkaufsberatung f\u00fcr Einkauf, Logistik und Supply Chain\",\"email\":\"info@kloepfel-consulting.com\",\"telephone\":\"+4921194198433\",\"legalName\":\"Kloepfel Consulting GmbH\",\"foundingDate\":\"2007-02-01\",\"vatID\":\"DE254132249\",\"numberOfEmployees\":{\"@type\":\"QuantitativeValue\",\"minValue\":\"51\",\"maxValue\":\"200\"}},{\"@type\":\"Person\",\"@id\":\"https:\\\/\\\/kloepfel-consulting.com\\\/#\\\/schema\\\/person\\\/2691163984d9670e417622b00a4c0f26\",\"name\":\"semprediritto\",\"image\":{\"@type\":\"ImageObject\",\"inLanguage\":\"fr-FR\",\"@id\":\"https:\\\/\\\/secure.gravatar.com\\\/avatar\\\/878f3ddb8fa2117ffa32d8a3152e4368517da61e3b89dd9bbfe39501477bf1f1?s=96&d=mm&r=g\",\"url\":\"https:\\\/\\\/secure.gravatar.com\\\/avatar\\\/878f3ddb8fa2117ffa32d8a3152e4368517da61e3b89dd9bbfe39501477bf1f1?s=96&d=mm&r=g\",\"contentUrl\":\"https:\\\/\\\/secure.gravatar.com\\\/avatar\\\/878f3ddb8fa2117ffa32d8a3152e4368517da61e3b89dd9bbfe39501477bf1f1?s=96&d=mm&r=g\",\"caption\":\"semprediritto\"},\"sameAs\":[\"https:\\\/\\\/kloepfel.sempre-diritto.de\"]}]}<\/script>\n<!-- \/ Yoast SEO Premium plugin. -->","yoast_head_json":{"title":"Arcelor-Mittal : transformation \u00e0 Br\u00eame et Eisenh\u00fcttenstadt","description":"Arcelor-Mittal a l'intention de reconstruire ses usines de Br\u00eame et d'Eisenh\u00fcttenstadt dans le cadre d'un projet de d\u00e9carbonisation.","robots":{"index":"index","follow":"follow","max-snippet":"max-snippet:-1","max-image-preview":"max-image-preview:large","max-video-preview":"max-video-preview:-1"},"canonical":"https:\/\/kloepfel-consulting.com\/fr\/actualites-de-la-chaine-dapprovisionnement\/arcelor-mittal-reconstruction-bremen-eisenhuettenstadt-11594\/","og_locale":"fr_FR","og_type":"article","og_title":"Arcelor-Mittal: Umbau in Bremen und Eisenh\u00fcttenstadt","og_description":"Arcelor-Mittal hat vor, seine Werke in Bremen und Eisenh\u00fcttenstadt im Zuge eines Dekarbonisierungsprojektes umzubauen.","og_url":"https:\/\/kloepfel-consulting.com\/fr\/actualites-de-la-chaine-dapprovisionnement\/arcelor-mittal-reconstruction-bremen-eisenhuettenstadt-11594\/","og_site_name":"KLOEPFEL by EPSA","article_publisher":"https:\/\/www.facebook.com\/KloepfelGroup","article_published_time":"2024-06-06T07:24:33+00:00","article_modified_time":"2025-08-27T09:24:33+00:00","og_image":[{"width":2200,"height":1608,"url":"https:\/\/kloepfel-consulting.com\/wp-content\/uploads\/2025\/07\/kloepfelgroup.webp","type":"image\/webp"}],"author":"semprediritto","twitter_card":"summary_large_image","twitter_title":"Arcelor-Mittal: Umbau in Bremen und Eisenh\u00fcttenstadt","twitter_description":"Lesen Sie mehr \u00fcber den Umbau von Arcelor-Mittal und die F\u00f6rdermittel f\u00fcr die Dekarbonisierung.","twitter_misc":{"\u00c9crit par":"semprediritto","Dur\u00e9e de lecture estim\u00e9e":"2 minutes"},"schema":{"@context":"https:\/\/schema.org","@graph":[{"@type":"Article","@id":"https:\/\/kloepfel-consulting.com\/supply-chain-news\/arcelor-mittal-umbau-bremen-eisenhuettenstadt-11594\/#article","isPartOf":{"@id":"https:\/\/kloepfel-consulting.com\/supply-chain-news\/arcelor-mittal-umbau-bremen-eisenhuettenstadt-11594\/"},"author":{"name":"semprediritto","@id":"https:\/\/kloepfel-consulting.com\/#\/schema\/person\/2691163984d9670e417622b00a4c0f26"},"headline":"Arcelor-Mittal: Umbau in Bremen und Eisenh\u00fcttenstadt","datePublished":"2024-06-06T07:24:33+00:00","dateModified":"2025-08-27T09:24:33+00:00","mainEntityOfPage":{"@id":"https:\/\/kloepfel-consulting.com\/supply-chain-news\/arcelor-mittal-umbau-bremen-eisenhuettenstadt-11594\/"},"wordCount":264,"commentCount":0,"publisher":{"@id":"https:\/\/kloepfel-consulting.com\/#organization"},"image":{"@id":"https:\/\/kloepfel-consulting.com\/supply-chain-news\/arcelor-mittal-umbau-bremen-eisenhuettenstadt-11594\/#primaryimage"},"thumbnailUrl":"https:\/\/kloepfel-consulting.com\/wp-content\/uploads\/2025\/08\/pexels-stahl-scaled-1.jpg","articleSection":["Supply Chain News"],"inLanguage":"fr-FR","potentialAction":[{"@type":"CommentAction","name":"Comment","target":["https:\/\/kloepfel-consulting.com\/supply-chain-news\/arcelor-mittal-umbau-bremen-eisenhuettenstadt-11594\/#respond"]}],"copyrightYear":"2024","copyrightHolder":{"@id":"https:\/\/kloepfel-consulting.com\/fr\/#organization"}},{"@type":"WebPage","@id":"https:\/\/kloepfel-consulting.com\/supply-chain-news\/arcelor-mittal-umbau-bremen-eisenhuettenstadt-11594\/","url":"https:\/\/kloepfel-consulting.com\/supply-chain-news\/arcelor-mittal-umbau-bremen-eisenhuettenstadt-11594\/","name":"Arcelor-Mittal : transformation \u00e0 Br\u00eame et Eisenh\u00fcttenstadt","isPartOf":{"@id":"https:\/\/kloepfel-consulting.com\/#website"},"primaryImageOfPage":{"@id":"https:\/\/kloepfel-consulting.com\/supply-chain-news\/arcelor-mittal-umbau-bremen-eisenhuettenstadt-11594\/#primaryimage"},"image":{"@id":"https:\/\/kloepfel-consulting.com\/supply-chain-news\/arcelor-mittal-umbau-bremen-eisenhuettenstadt-11594\/#primaryimage"},"thumbnailUrl":"https:\/\/kloepfel-consulting.com\/wp-content\/uploads\/2025\/08\/pexels-stahl-scaled-1.jpg","datePublished":"2024-06-06T07:24:33+00:00","dateModified":"2025-08-27T09:24:33+00:00","description":"Arcelor-Mittal a l'intention de reconstruire ses usines de Br\u00eame et d'Eisenh\u00fcttenstadt dans le cadre d'un projet de d\u00e9carbonisation.","breadcrumb":{"@id":"https:\/\/kloepfel-consulting.com\/supply-chain-news\/arcelor-mittal-umbau-bremen-eisenhuettenstadt-11594\/#breadcrumb"},"inLanguage":"fr-FR","potentialAction":[{"@type":"ReadAction","target":["https:\/\/kloepfel-consulting.com\/supply-chain-news\/arcelor-mittal-umbau-bremen-eisenhuettenstadt-11594\/"]}]},{"@type":"ImageObject","inLanguage":"fr-FR","@id":"https:\/\/kloepfel-consulting.com\/supply-chain-news\/arcelor-mittal-umbau-bremen-eisenhuettenstadt-11594\/#primaryimage","url":"https:\/\/kloepfel-consulting.com\/wp-content\/uploads\/2025\/08\/pexels-stahl-scaled-1.jpg","contentUrl":"https:\/\/kloepfel-consulting.com\/wp-content\/uploads\/2025\/08\/pexels-stahl-scaled-1.jpg","width":2560,"height":1702,"caption":"Gestapelte zylindrische Rohre in mehreren Reihen."},{"@type":"BreadcrumbList","@id":"https:\/\/kloepfel-consulting.com\/supply-chain-news\/arcelor-mittal-umbau-bremen-eisenhuettenstadt-11594\/#breadcrumb","itemListElement":[{"@type":"ListItem","position":1,"name":"Startseite","item":"https:\/\/kloepfel-consulting.com\/"},{"@type":"ListItem","position":2,"name":"Logistikoptimierung","item":"https:\/\/kloepfel-consulting.com\/zuordnung-landingpage\/logistikoptimierung\/"},{"@type":"ListItem","position":3,"name":"Arcelor-Mittal: Umbau in Bremen und Eisenh\u00fcttenstadt"}]},{"@type":"WebSite","@id":"https:\/\/kloepfel-consulting.com\/#website","url":"https:\/\/kloepfel-consulting.com\/","name":"KLOEPFEL by EPSA","description":"","publisher":{"@id":"https:\/\/kloepfel-consulting.com\/#organization"},"alternateName":"KLOEPFELbyEPSA","potentialAction":[{"@type":"SearchAction","target":{"@type":"EntryPoint","urlTemplate":"https:\/\/kloepfel-consulting.com\/?s={search_term_string}"},"query-input":{"@type":"PropertyValueSpecification","valueRequired":true,"valueName":"search_term_string"}}],"inLanguage":"fr-FR"},{"@type":"Organization","@id":"https:\/\/kloepfel-consulting.com\/#organization","name":"KLOEPFEL by EPSA","alternateName":"KLOEPFELbyEPSA","url":"https:\/\/kloepfel-consulting.com\/","logo":{"@type":"ImageObject","inLanguage":"fr-FR","@id":"https:\/\/kloepfel-consulting.com\/#\/schema\/logo\/image\/","url":"https:\/\/kloepfel-consulting.com\/wp-content\/uploads\/2025\/04\/logo.webp","contentUrl":"https:\/\/kloepfel-consulting.com\/wp-content\/uploads\/2025\/04\/logo.webp","width":616,"height":284,"caption":"KLOEPFEL by EPSA"},"image":{"@id":"https:\/\/kloepfel-consulting.com\/#\/schema\/logo\/image\/"},"sameAs":["https:\/\/www.facebook.com\/KloepfelGroup","https:\/\/www.linkedin.com\/company\/kloepfel-consulting-gmbh","https:\/\/www.instagram.com\/kloepfel_by_epsa\/"],"description":"Conseil d'achat pour l'approvisionnement, la logistique et la cha\u00eene d'approvisionnement","email":"info@kloepfel-consulting.com","telephone":"+4921194198433","legalName":"Kloepfel Consulting GmbH","foundingDate":"2007-02-01","vatID":"DE254132249","numberOfEmployees":{"@type":"QuantitativeValue","minValue":"51","maxValue":"200"}},{"@type":"Person","@id":"https:\/\/kloepfel-consulting.com\/#\/schema\/person\/2691163984d9670e417622b00a4c0f26","name":"Toujours le droit","image":{"@type":"ImageObject","inLanguage":"fr-FR","@id":"https:\/\/secure.gravatar.com\/avatar\/878f3ddb8fa2117ffa32d8a3152e4368517da61e3b89dd9bbfe39501477bf1f1?s=96&d=mm&r=g","url":"https:\/\/secure.gravatar.com\/avatar\/878f3ddb8fa2117ffa32d8a3152e4368517da61e3b89dd9bbfe39501477bf1f1?s=96&d=mm&r=g","contentUrl":"https:\/\/secure.gravatar.com\/avatar\/878f3ddb8fa2117ffa32d8a3152e4368517da61e3b89dd9bbfe39501477bf1f1?s=96&d=mm&r=g","caption":"semprediritto"},"sameAs":["https:\/\/kloepfel.sempre-diritto.de"]}]}},"_links":{"self":[{"href":"https:\/\/kloepfel-consulting.com\/fr\/wp-json\/wp\/v2\/posts\/11594","targetHints":{"allow":["GET"]}}],"collection":[{"href":"https:\/\/kloepfel-consulting.com\/fr\/wp-json\/wp\/v2\/posts"}],"about":[{"href":"https:\/\/kloepfel-consulting.com\/fr\/wp-json\/wp\/v2\/types\/post"}],"author":[{"embeddable":true,"href":"https:\/\/kloepfel-consulting.com\/fr\/wp-json\/wp\/v2\/users\/1"}],"replies":[{"embeddable":true,"href":"https:\/\/kloepfel-consulting.com\/fr\/wp-json\/wp\/v2\/comments?post=11594"}],"version-history":[{"count":2,"href":"https:\/\/kloepfel-consulting.com\/fr\/wp-json\/wp\/v2\/posts\/11594\/revisions"}],"predecessor-version":[{"id":14635,"href":"https:\/\/kloepfel-consulting.com\/fr\/wp-json\/wp\/v2\/posts\/11594\/revisions\/14635"}],"wp:featuredmedia":[{"embeddable":true,"href":"https:\/\/kloepfel-consulting.com\/fr\/wp-json\/wp\/v2\/media\/11595"}],"wp:attachment":[{"href":"https:\/\/kloepfel-consulting.com\/fr\/wp-json\/wp\/v2\/media?parent=11594"}],"wp:term":[{"taxonomy":"category","embeddable":true,"href":"https:\/\/kloepfel-consulting.com\/fr\/wp-json\/wp\/v2\/categories?post=11594"},{"taxonomy":"post_tag","embeddable":true,"href":"https:\/\/kloepfel-consulting.com\/fr\/wp-json\/wp\/v2\/tags?post=11594"},{"taxonomy":"referenzkategorie","embeddable":true,"href":"https:\/\/kloepfel-consulting.com\/fr\/wp-json\/wp\/v2\/referenzkategorie?post=11594"}],"curies":[{"name":"wp","href":"https:\/\/api.w.org\/{rel}","templated":true}]}}