{"id":11667,"date":"2024-06-26T09:24:36","date_gmt":"2024-06-26T07:24:36","guid":{"rendered":"https:\/\/kloepfel.sempre-diritto.de\/2024\/06\/26\/aurubis-neuaufstellung-vorstands\/"},"modified":"2025-08-27T11:24:36","modified_gmt":"2025-08-27T09:24:36","slug":"restructuration-du-conseil-dadministration-daurubis","status":"publish","type":"post","link":"https:\/\/kloepfel-consulting.com\/fr\/2024\/06\/26\/aurubis-neuaufstellung-vorstands\/","title":{"rendered":"Aurubis\u00a0: Nouvelle composition du conseil d\u2019administration"},"content":{"rendered":"<h2>Nouveau PDG et aussi nouveau directeur de production<\/h2>\n<p><a href=\"https:\/\/kloepfel-consulting.com\/fr\/supply-chain-news\/unternehmen\/aurubis-investiert-330-millionen-euro-hamburg-7655354\/\" rel=\"noopener\" target=\"_blank\">Aurubis<\/a> a annonc\u00e9 en janvier de cette ann\u00e9e sa r\u00e9organisation de la <strong>Conseil d'administration<\/strong> termin\u00e9.<\/p>\n<p>C'est ce qu'a r\u00e9cemment rapport\u00e9 le fournisseur de cuivre et d'autres m\u00e9taux. En cons\u00e9quence, le conseil de surveillance de l'entreprise a d\u00e9cid\u00e9 lors de sa r\u00e9union du 20 juin 2024 de nommer Toralf Haag comme nouveau pr\u00e9sident-directeur g\u00e9n\u00e9ral (CEO) et Tim Kurth comme nouveau directeur de la production (COO) pour le secteur du cuivre primaire. Les deux responsables prendront leurs fonctions le 1er septembre 2024.<\/p>\n<h3>Nouveau pr\u00e9sident-directeur g\u00e9n\u00e9ral avec de l'exp\u00e9rience dans le secteur<\/h3>\n<p>Comme l'\u00e9crit le groupe de Hambourg dans son communiqu\u00e9 de presse, le futur pr\u00e9sident du conseil d'administration poss\u00e8de une vaste exp\u00e9rience industrielle. Toralf Haag a d\u00e9but\u00e9 sa carri\u00e8re en 1994 chez Thyssen Handelsunion AG et a occup\u00e9 divers postes de direction au sein du groupe Thyssenkrupp. <\/p>\n<p>Entre-temps, il a \u00e9t\u00e9 directeur financier chez Norddeutsche Affinerie AG, aujourd'hui Aurubis AG, de 2002 \u00e0 2005, avant de rejoindre Lonza Group AG. En octobre 2016, Toralf Haag est devenu membre du conseil d'administration du groupe Voith, qu'il pr\u00e9side depuis octobre 2018.<\/p>\n<h3>Un employ\u00e9 de longue date d'Aurubis devient directeur de la production<\/h3>\n<p>Le nouveau directeur de la production, Tim Kurth, est actuellement directeur g\u00e9n\u00e9ral d'Aurubis Bulgaria et directeur de site de l'usine bulgare. Il a acquis ses premi\u00e8res exp\u00e9riences professionnelles chez Unilever. Kurth est entr\u00e9 chez Aurubis AG en 2006 et y a occup\u00e9 divers postes de direction depuis. Chez Aurubis, il a notamment travaill\u00e9 comme Corporate Innovation Manager et Vice President Corporate Logistics. En outre, le groupe \u00e9crit \u00e0 propos de Kurth qu'il poss\u00e8de une connaissance approfondie des proc\u00e9d\u00e9s m\u00e9tallurgiques et des activit\u00e9s op\u00e9rationnelles d'Aurubis.<\/p>","protected":false},"excerpt":{"rendered":"<p>Neuer Vorstandsvorsitzender und auch neuer Produktionsvorstand Aurubis hat seine im Januar dieses Jahres angek\u00fcndigte Neuaufstellung des Vorstands abgeschlossen. Das berichtete j\u00fcngst der Anbieter von Kupfer und weiteren Metallen. Demnach hat sich der Aufsichtsrat des Unternehmens in seiner Sitzung am 20. Juni 2024 f\u00fcr die Bestellung von Toralf Haag zum neuen Vorstandsvorsitzenden (CEO) und Tim Kurth [&hellip;]<\/p>\n","protected":false},"author":1,"featured_media":11668,"comment_status":"open","ping_status":"open","sticky":false,"template":"","format":"standard","meta":{"_acf_changed":false,"footnotes":""},"categories":[88],"tags":[],"referenzkategorie":[],"class_list":["post-11667","post","type-post","status-publish","format-standard","has-post-thumbnail","hentry","category-supply-chain-news"],"acf":[],"yoast_head":"<!-- This site is optimized with the Yoast SEO Premium plugin v27.5 (Yoast SEO v27.5) - https:\/\/yoast.com\/product\/yoast-seo-premium-wordpress\/ -->\n<title>Aurubis: Neuaufstellung des Vorstands<\/title>\n<meta name=\"description\" content=\"Aurubis hat seine im Januar dieses Jahres angek\u00fcndigte Neuaufstellung des Vorstands abgeschlossen. Das berichtete j\u00fcngst der Anbieter von\" \/>\n<meta name=\"robots\" content=\"index, follow, max-snippet:-1, max-image-preview:large, max-video-preview:-1\" \/>\n<link rel=\"canonical\" href=\"https:\/\/kloepfel-consulting.com\/fr\/2024\/06\/26\/aurubis-nouvelle-composition-du-conseil-dadministration__trashed\/\" \/>\n<meta property=\"og:locale\" content=\"fr_FR\" \/>\n<meta property=\"og:type\" content=\"article\" \/>\n<meta property=\"og:title\" content=\"Aurubis: Neuaufstellung des Vorstands\" \/>\n<meta property=\"og:description\" content=\"Aurubis hat seine im Januar dieses Jahres angek\u00fcndigte Neuaufstellung des Vorstands abgeschlossen.\" \/>\n<meta property=\"og:url\" content=\"https:\/\/kloepfel-consulting.com\/fr\/2024\/06\/26\/aurubis-nouvelle-composition-du-conseil-dadministration__trashed\/\" \/>\n<meta property=\"og:site_name\" content=\"KLOEPFEL by EPSA\" \/>\n<meta property=\"article:publisher\" content=\"https:\/\/www.facebook.com\/KloepfelGroup\" \/>\n<meta property=\"article:published_time\" content=\"2024-06-26T07:24:36+00:00\" \/>\n<meta property=\"article:modified_time\" content=\"2025-08-27T09:24:36+00:00\" \/>\n<meta property=\"og:image\" content=\"https:\/\/kloepfel-consulting.com\/wp-content\/uploads\/2025\/07\/kloepfelgroup.webp\" \/>\n\t<meta property=\"og:image:width\" content=\"2200\" \/>\n\t<meta property=\"og:image:height\" content=\"1608\" \/>\n\t<meta property=\"og:image:type\" content=\"image\/webp\" \/>\n<meta name=\"author\" content=\"semprediritto\" \/>\n<meta name=\"twitter:card\" content=\"summary_large_image\" \/>\n<meta name=\"twitter:title\" content=\"Aurubis: Neuer Vorstand und frischer Wind\" \/>\n<meta name=\"twitter:description\" content=\"Erfahren Sie mehr \u00fcber die neuen Vorstandsmitglieder bei Aurubis!\" \/>\n<meta name=\"twitter:label1\" content=\"\u00c9crit par\" \/>\n\t<meta name=\"twitter:data1\" content=\"semprediritto\" \/>\n\t<meta name=\"twitter:label2\" content=\"Dur\u00e9e de lecture estim\u00e9e\" \/>\n\t<meta name=\"twitter:data2\" content=\"2 minutes\" \/>\n<script type=\"application\/ld+json\" class=\"yoast-schema-graph\">{\"@context\":\"https:\\\/\\\/schema.org\",\"@graph\":[{\"@type\":\"Article\",\"@id\":\"https:\\\/\\\/kloepfel-consulting.com\\\/2024\\\/06\\\/26\\\/aurubis-neuaufstellung-vorstands__trashed\\\/#article\",\"isPartOf\":{\"@id\":\"https:\\\/\\\/kloepfel-consulting.com\\\/2024\\\/06\\\/26\\\/aurubis-neuaufstellung-vorstands__trashed\\\/\"},\"author\":{\"name\":\"semprediritto\",\"@id\":\"https:\\\/\\\/kloepfel-consulting.com\\\/#\\\/schema\\\/person\\\/2691163984d9670e417622b00a4c0f26\"},\"headline\":\"Aurubis: Neuaufstellung des Vorstands\",\"datePublished\":\"2024-06-26T07:24:36+00:00\",\"dateModified\":\"2025-08-27T09:24:36+00:00\",\"mainEntityOfPage\":{\"@id\":\"https:\\\/\\\/kloepfel-consulting.com\\\/2024\\\/06\\\/26\\\/aurubis-neuaufstellung-vorstands__trashed\\\/\"},\"wordCount\":248,\"commentCount\":0,\"publisher\":{\"@id\":\"https:\\\/\\\/kloepfel-consulting.com\\\/#organization\"},\"image\":{\"@id\":\"https:\\\/\\\/kloepfel-consulting.com\\\/2024\\\/06\\\/26\\\/aurubis-neuaufstellung-vorstands__trashed\\\/#primaryimage\"},\"thumbnailUrl\":\"https:\\\/\\\/kloepfel-consulting.com\\\/wp-content\\\/uploads\\\/2025\\\/08\\\/Aurubis-scaled-e1597737427926.jpg\",\"articleSection\":[\"Supply Chain News\"],\"inLanguage\":\"fr-FR\",\"potentialAction\":[{\"@type\":\"CommentAction\",\"name\":\"Comment\",\"target\":[\"https:\\\/\\\/kloepfel-consulting.com\\\/2024\\\/06\\\/26\\\/aurubis-neuaufstellung-vorstands__trashed\\\/#respond\"]}],\"copyrightYear\":\"2024\",\"copyrightHolder\":{\"@id\":\"https:\\\/\\\/kloepfel-consulting.com\\\/fr\\\/#organization\"}},{\"@type\":\"WebPage\",\"@id\":\"https:\\\/\\\/kloepfel-consulting.com\\\/2024\\\/06\\\/26\\\/aurubis-neuaufstellung-vorstands__trashed\\\/\",\"url\":\"https:\\\/\\\/kloepfel-consulting.com\\\/2024\\\/06\\\/26\\\/aurubis-neuaufstellung-vorstands__trashed\\\/\",\"name\":\"Aurubis: Neuaufstellung des Vorstands\",\"isPartOf\":{\"@id\":\"https:\\\/\\\/kloepfel-consulting.com\\\/#website\"},\"primaryImageOfPage\":{\"@id\":\"https:\\\/\\\/kloepfel-consulting.com\\\/2024\\\/06\\\/26\\\/aurubis-neuaufstellung-vorstands__trashed\\\/#primaryimage\"},\"image\":{\"@id\":\"https:\\\/\\\/kloepfel-consulting.com\\\/2024\\\/06\\\/26\\\/aurubis-neuaufstellung-vorstands__trashed\\\/#primaryimage\"},\"thumbnailUrl\":\"https:\\\/\\\/kloepfel-consulting.com\\\/wp-content\\\/uploads\\\/2025\\\/08\\\/Aurubis-scaled-e1597737427926.jpg\",\"datePublished\":\"2024-06-26T07:24:36+00:00\",\"dateModified\":\"2025-08-27T09:24:36+00:00\",\"description\":\"Aurubis hat seine im Januar dieses Jahres angek\u00fcndigte Neuaufstellung des Vorstands abgeschlossen. Das berichtete j\u00fcngst der Anbieter von\",\"breadcrumb\":{\"@id\":\"https:\\\/\\\/kloepfel-consulting.com\\\/2024\\\/06\\\/26\\\/aurubis-neuaufstellung-vorstands__trashed\\\/#breadcrumb\"},\"inLanguage\":\"fr-FR\",\"potentialAction\":[{\"@type\":\"ReadAction\",\"target\":[\"https:\\\/\\\/kloepfel-consulting.com\\\/2024\\\/06\\\/26\\\/aurubis-neuaufstellung-vorstands__trashed\\\/\"]}]},{\"@type\":\"ImageObject\",\"inLanguage\":\"fr-FR\",\"@id\":\"https:\\\/\\\/kloepfel-consulting.com\\\/2024\\\/06\\\/26\\\/aurubis-neuaufstellung-vorstands__trashed\\\/#primaryimage\",\"url\":\"https:\\\/\\\/kloepfel-consulting.com\\\/wp-content\\\/uploads\\\/2025\\\/08\\\/Aurubis-scaled-e1597737427926.jpg\",\"contentUrl\":\"https:\\\/\\\/kloepfel-consulting.com\\\/wp-content\\\/uploads\\\/2025\\\/08\\\/Aurubis-scaled-e1597737427926.jpg\",\"width\":800,\"height\":533,\"caption\":\"Fassade eines Aurubis Unternehmensgeb\u00e4udes mit Logo.\"},{\"@type\":\"BreadcrumbList\",\"@id\":\"https:\\\/\\\/kloepfel-consulting.com\\\/2024\\\/06\\\/26\\\/aurubis-neuaufstellung-vorstands__trashed\\\/#breadcrumb\",\"itemListElement\":[{\"@type\":\"ListItem\",\"position\":1,\"name\":\"Startseite\",\"item\":\"https:\\\/\\\/kloepfel-consulting.com\\\/\"},{\"@type\":\"ListItem\",\"position\":2,\"name\":\"Aurubis: Neuaufstellung des Vorstands\"}]},{\"@type\":\"WebSite\",\"@id\":\"https:\\\/\\\/kloepfel-consulting.com\\\/#website\",\"url\":\"https:\\\/\\\/kloepfel-consulting.com\\\/\",\"name\":\"KLOEPFEL by EPSA\",\"description\":\"\",\"publisher\":{\"@id\":\"https:\\\/\\\/kloepfel-consulting.com\\\/#organization\"},\"alternateName\":\"KLOEPFELbyEPSA\",\"potentialAction\":[{\"@type\":\"SearchAction\",\"target\":{\"@type\":\"EntryPoint\",\"urlTemplate\":\"https:\\\/\\\/kloepfel-consulting.com\\\/?s={search_term_string}\"},\"query-input\":{\"@type\":\"PropertyValueSpecification\",\"valueRequired\":true,\"valueName\":\"search_term_string\"}}],\"inLanguage\":\"fr-FR\"},{\"@type\":\"Organization\",\"@id\":\"https:\\\/\\\/kloepfel-consulting.com\\\/#organization\",\"name\":\"KLOEPFEL by EPSA\",\"alternateName\":\"KLOEPFELbyEPSA\",\"url\":\"https:\\\/\\\/kloepfel-consulting.com\\\/\",\"logo\":{\"@type\":\"ImageObject\",\"inLanguage\":\"fr-FR\",\"@id\":\"https:\\\/\\\/kloepfel-consulting.com\\\/#\\\/schema\\\/logo\\\/image\\\/\",\"url\":\"https:\\\/\\\/kloepfel-consulting.com\\\/wp-content\\\/uploads\\\/2025\\\/04\\\/logo.webp\",\"contentUrl\":\"https:\\\/\\\/kloepfel-consulting.com\\\/wp-content\\\/uploads\\\/2025\\\/04\\\/logo.webp\",\"width\":616,\"height\":284,\"caption\":\"KLOEPFEL by EPSA\"},\"image\":{\"@id\":\"https:\\\/\\\/kloepfel-consulting.com\\\/#\\\/schema\\\/logo\\\/image\\\/\"},\"sameAs\":[\"https:\\\/\\\/www.facebook.com\\\/KloepfelGroup\",\"https:\\\/\\\/www.linkedin.com\\\/company\\\/kloepfel-consulting-gmbh\",\"https:\\\/\\\/www.instagram.com\\\/kloepfel_by_epsa\\\/\"],\"description\":\"Einkaufsberatung f\u00fcr Einkauf, Logistik und Supply Chain\",\"email\":\"info@kloepfel-consulting.com\",\"telephone\":\"+4921194198433\",\"legalName\":\"Kloepfel Consulting GmbH\",\"foundingDate\":\"2007-02-01\",\"vatID\":\"DE254132249\",\"numberOfEmployees\":{\"@type\":\"QuantitativeValue\",\"minValue\":\"51\",\"maxValue\":\"200\"}},{\"@type\":\"Person\",\"@id\":\"https:\\\/\\\/kloepfel-consulting.com\\\/#\\\/schema\\\/person\\\/2691163984d9670e417622b00a4c0f26\",\"name\":\"semprediritto\",\"image\":{\"@type\":\"ImageObject\",\"inLanguage\":\"fr-FR\",\"@id\":\"https:\\\/\\\/secure.gravatar.com\\\/avatar\\\/878f3ddb8fa2117ffa32d8a3152e4368517da61e3b89dd9bbfe39501477bf1f1?s=96&d=mm&r=g\",\"url\":\"https:\\\/\\\/secure.gravatar.com\\\/avatar\\\/878f3ddb8fa2117ffa32d8a3152e4368517da61e3b89dd9bbfe39501477bf1f1?s=96&d=mm&r=g\",\"contentUrl\":\"https:\\\/\\\/secure.gravatar.com\\\/avatar\\\/878f3ddb8fa2117ffa32d8a3152e4368517da61e3b89dd9bbfe39501477bf1f1?s=96&d=mm&r=g\",\"caption\":\"semprediritto\"},\"sameAs\":[\"https:\\\/\\\/kloepfel.sempre-diritto.de\"]}]}<\/script>\n<!-- \/ Yoast SEO Premium plugin. -->","yoast_head_json":{"title":"Aurubis\u00a0: Nouvelle composition du conseil d\u2019administration","description":"Aurubis a finalis\u00e9 la r\u00e9organisation de son directoire annonc\u00e9e en janvier de cette ann\u00e9e. C'est ce qu'a r\u00e9cemment rapport\u00e9 le fournisseur de","robots":{"index":"index","follow":"follow","max-snippet":"max-snippet:-1","max-image-preview":"max-image-preview:large","max-video-preview":"max-video-preview:-1"},"canonical":"https:\/\/kloepfel-consulting.com\/fr\/2024\/06\/26\/aurubis-nouvelle-composition-du-conseil-dadministration__trashed\/","og_locale":"fr_FR","og_type":"article","og_title":"Aurubis: Neuaufstellung des Vorstands","og_description":"Aurubis hat seine im Januar dieses Jahres angek\u00fcndigte Neuaufstellung des Vorstands abgeschlossen.","og_url":"https:\/\/kloepfel-consulting.com\/fr\/2024\/06\/26\/aurubis-nouvelle-composition-du-conseil-dadministration__trashed\/","og_site_name":"KLOEPFEL by EPSA","article_publisher":"https:\/\/www.facebook.com\/KloepfelGroup","article_published_time":"2024-06-26T07:24:36+00:00","article_modified_time":"2025-08-27T09:24:36+00:00","og_image":[{"width":2200,"height":1608,"url":"https:\/\/kloepfel-consulting.com\/wp-content\/uploads\/2025\/07\/kloepfelgroup.webp","type":"image\/webp"}],"author":"semprediritto","twitter_card":"summary_large_image","twitter_title":"Aurubis: Neuer Vorstand und frischer Wind","twitter_description":"Erfahren Sie mehr \u00fcber die neuen Vorstandsmitglieder bei Aurubis!","twitter_misc":{"\u00c9crit par":"semprediritto","Dur\u00e9e de lecture estim\u00e9e":"2 minutes"},"schema":{"@context":"https:\/\/schema.org","@graph":[{"@type":"Article","@id":"https:\/\/kloepfel-consulting.com\/2024\/06\/26\/aurubis-neuaufstellung-vorstands__trashed\/#article","isPartOf":{"@id":"https:\/\/kloepfel-consulting.com\/2024\/06\/26\/aurubis-neuaufstellung-vorstands__trashed\/"},"author":{"name":"semprediritto","@id":"https:\/\/kloepfel-consulting.com\/#\/schema\/person\/2691163984d9670e417622b00a4c0f26"},"headline":"Aurubis: Neuaufstellung des Vorstands","datePublished":"2024-06-26T07:24:36+00:00","dateModified":"2025-08-27T09:24:36+00:00","mainEntityOfPage":{"@id":"https:\/\/kloepfel-consulting.com\/2024\/06\/26\/aurubis-neuaufstellung-vorstands__trashed\/"},"wordCount":248,"commentCount":0,"publisher":{"@id":"https:\/\/kloepfel-consulting.com\/#organization"},"image":{"@id":"https:\/\/kloepfel-consulting.com\/2024\/06\/26\/aurubis-neuaufstellung-vorstands__trashed\/#primaryimage"},"thumbnailUrl":"https:\/\/kloepfel-consulting.com\/wp-content\/uploads\/2025\/08\/Aurubis-scaled-e1597737427926.jpg","articleSection":["Supply Chain News"],"inLanguage":"fr-FR","potentialAction":[{"@type":"CommentAction","name":"Comment","target":["https:\/\/kloepfel-consulting.com\/2024\/06\/26\/aurubis-neuaufstellung-vorstands__trashed\/#respond"]}],"copyrightYear":"2024","copyrightHolder":{"@id":"https:\/\/kloepfel-consulting.com\/fr\/#organization"}},{"@type":"WebPage","@id":"https:\/\/kloepfel-consulting.com\/2024\/06\/26\/aurubis-neuaufstellung-vorstands__trashed\/","url":"https:\/\/kloepfel-consulting.com\/2024\/06\/26\/aurubis-neuaufstellung-vorstands__trashed\/","name":"Aurubis\u00a0: Nouvelle composition du conseil d\u2019administration","isPartOf":{"@id":"https:\/\/kloepfel-consulting.com\/#website"},"primaryImageOfPage":{"@id":"https:\/\/kloepfel-consulting.com\/2024\/06\/26\/aurubis-neuaufstellung-vorstands__trashed\/#primaryimage"},"image":{"@id":"https:\/\/kloepfel-consulting.com\/2024\/06\/26\/aurubis-neuaufstellung-vorstands__trashed\/#primaryimage"},"thumbnailUrl":"https:\/\/kloepfel-consulting.com\/wp-content\/uploads\/2025\/08\/Aurubis-scaled-e1597737427926.jpg","datePublished":"2024-06-26T07:24:36+00:00","dateModified":"2025-08-27T09:24:36+00:00","description":"Aurubis a finalis\u00e9 la r\u00e9organisation de son directoire annonc\u00e9e en janvier de cette ann\u00e9e. C'est ce qu'a r\u00e9cemment rapport\u00e9 le fournisseur de","breadcrumb":{"@id":"https:\/\/kloepfel-consulting.com\/2024\/06\/26\/aurubis-neuaufstellung-vorstands__trashed\/#breadcrumb"},"inLanguage":"fr-FR","potentialAction":[{"@type":"ReadAction","target":["https:\/\/kloepfel-consulting.com\/2024\/06\/26\/aurubis-neuaufstellung-vorstands__trashed\/"]}]},{"@type":"ImageObject","inLanguage":"fr-FR","@id":"https:\/\/kloepfel-consulting.com\/2024\/06\/26\/aurubis-neuaufstellung-vorstands__trashed\/#primaryimage","url":"https:\/\/kloepfel-consulting.com\/wp-content\/uploads\/2025\/08\/Aurubis-scaled-e1597737427926.jpg","contentUrl":"https:\/\/kloepfel-consulting.com\/wp-content\/uploads\/2025\/08\/Aurubis-scaled-e1597737427926.jpg","width":800,"height":533,"caption":"Fassade eines Aurubis Unternehmensgeb\u00e4udes mit Logo."},{"@type":"BreadcrumbList","@id":"https:\/\/kloepfel-consulting.com\/2024\/06\/26\/aurubis-neuaufstellung-vorstands__trashed\/#breadcrumb","itemListElement":[{"@type":"ListItem","position":1,"name":"Startseite","item":"https:\/\/kloepfel-consulting.com\/"},{"@type":"ListItem","position":2,"name":"Aurubis: Neuaufstellung des Vorstands"}]},{"@type":"WebSite","@id":"https:\/\/kloepfel-consulting.com\/#website","url":"https:\/\/kloepfel-consulting.com\/","name":"KLOEPFEL by EPSA","description":"","publisher":{"@id":"https:\/\/kloepfel-consulting.com\/#organization"},"alternateName":"KLOEPFELbyEPSA","potentialAction":[{"@type":"SearchAction","target":{"@type":"EntryPoint","urlTemplate":"https:\/\/kloepfel-consulting.com\/?s={search_term_string}"},"query-input":{"@type":"PropertyValueSpecification","valueRequired":true,"valueName":"search_term_string"}}],"inLanguage":"fr-FR"},{"@type":"Organization","@id":"https:\/\/kloepfel-consulting.com\/#organization","name":"KLOEPFEL by EPSA","alternateName":"KLOEPFELbyEPSA","url":"https:\/\/kloepfel-consulting.com\/","logo":{"@type":"ImageObject","inLanguage":"fr-FR","@id":"https:\/\/kloepfel-consulting.com\/#\/schema\/logo\/image\/","url":"https:\/\/kloepfel-consulting.com\/wp-content\/uploads\/2025\/04\/logo.webp","contentUrl":"https:\/\/kloepfel-consulting.com\/wp-content\/uploads\/2025\/04\/logo.webp","width":616,"height":284,"caption":"KLOEPFEL by EPSA"},"image":{"@id":"https:\/\/kloepfel-consulting.com\/#\/schema\/logo\/image\/"},"sameAs":["https:\/\/www.facebook.com\/KloepfelGroup","https:\/\/www.linkedin.com\/company\/kloepfel-consulting-gmbh","https:\/\/www.instagram.com\/kloepfel_by_epsa\/"],"description":"Conseil d'achat pour l'approvisionnement, la logistique et la cha\u00eene d'approvisionnement","email":"info@kloepfel-consulting.com","telephone":"+4921194198433","legalName":"Kloepfel Consulting GmbH","foundingDate":"2007-02-01","vatID":"DE254132249","numberOfEmployees":{"@type":"QuantitativeValue","minValue":"51","maxValue":"200"}},{"@type":"Person","@id":"https:\/\/kloepfel-consulting.com\/#\/schema\/person\/2691163984d9670e417622b00a4c0f26","name":"Toujours le droit","image":{"@type":"ImageObject","inLanguage":"fr-FR","@id":"https:\/\/secure.gravatar.com\/avatar\/878f3ddb8fa2117ffa32d8a3152e4368517da61e3b89dd9bbfe39501477bf1f1?s=96&d=mm&r=g","url":"https:\/\/secure.gravatar.com\/avatar\/878f3ddb8fa2117ffa32d8a3152e4368517da61e3b89dd9bbfe39501477bf1f1?s=96&d=mm&r=g","contentUrl":"https:\/\/secure.gravatar.com\/avatar\/878f3ddb8fa2117ffa32d8a3152e4368517da61e3b89dd9bbfe39501477bf1f1?s=96&d=mm&r=g","caption":"semprediritto"},"sameAs":["https:\/\/kloepfel.sempre-diritto.de"]}]}},"_links":{"self":[{"href":"https:\/\/kloepfel-consulting.com\/fr\/wp-json\/wp\/v2\/posts\/11667","targetHints":{"allow":["GET"]}}],"collection":[{"href":"https:\/\/kloepfel-consulting.com\/fr\/wp-json\/wp\/v2\/posts"}],"about":[{"href":"https:\/\/kloepfel-consulting.com\/fr\/wp-json\/wp\/v2\/types\/post"}],"author":[{"embeddable":true,"href":"https:\/\/kloepfel-consulting.com\/fr\/wp-json\/wp\/v2\/users\/1"}],"replies":[{"embeddable":true,"href":"https:\/\/kloepfel-consulting.com\/fr\/wp-json\/wp\/v2\/comments?post=11667"}],"version-history":[{"count":2,"href":"https:\/\/kloepfel-consulting.com\/fr\/wp-json\/wp\/v2\/posts\/11667\/revisions"}],"predecessor-version":[{"id":14642,"href":"https:\/\/kloepfel-consulting.com\/fr\/wp-json\/wp\/v2\/posts\/11667\/revisions\/14642"}],"wp:featuredmedia":[{"embeddable":true,"href":"https:\/\/kloepfel-consulting.com\/fr\/wp-json\/wp\/v2\/media\/11668"}],"wp:attachment":[{"href":"https:\/\/kloepfel-consulting.com\/fr\/wp-json\/wp\/v2\/media?parent=11667"}],"wp:term":[{"taxonomy":"category","embeddable":true,"href":"https:\/\/kloepfel-consulting.com\/fr\/wp-json\/wp\/v2\/categories?post=11667"},{"taxonomy":"post_tag","embeddable":true,"href":"https:\/\/kloepfel-consulting.com\/fr\/wp-json\/wp\/v2\/tags?post=11667"},{"taxonomy":"referenzkategorie","embeddable":true,"href":"https:\/\/kloepfel-consulting.com\/fr\/wp-json\/wp\/v2\/referenzkategorie?post=11667"}],"curies":[{"name":"wp","href":"https:\/\/api.w.org\/{rel}","templated":true}]}}