{"id":11682,"date":"2024-07-01T09:24:36","date_gmt":"2024-07-01T07:24:36","guid":{"rendered":"https:\/\/kloepfel.sempre-diritto.de\/2024\/07\/01\/vw-rivian-joint-venture\/"},"modified":"2025-08-27T11:24:36","modified_gmt":"2025-08-27T09:24:36","slug":"scission-conjointe-vw-rivian","status":"publish","type":"post","link":"https:\/\/kloepfel-consulting.com\/fr\/supply-chain-news\/vw-rivian-joint-venture-11682\/","title":{"rendered":"VW et Rivian cr\u00e9ent une coentreprise"},"content":{"rendered":"<h2>Optimisation des co\u00fbts de fabrication des v\u00e9hicules<\/h2>\n<p>Le <a href=\"https:\/\/kloepfel-consulting.com\/fr\/actualites-de-la-chaine-dapprovisionnement\/unternehmen\/kuka-grossauftrag-vw-8414824\/\" rel=\"noopener\" target=\"_blank\">Groupe Volkswagen<\/a> et <a href=\"https:\/\/kloepfel-consulting.com\/fr\/actualites-de-la-chaine-dapprovisionnement\/chaine-dapprovisionnement\/amazon-elektrolieferfahrzeuge-rivian-europa-6764895\/\" rel=\"noopener\" target=\"_blank\">Rivian Automotive<\/a> cr\u00e9ent une <em>Joint venture<\/em> avec l'intention de cr\u00e9er ensemble <strong>architecture \u00e9lectrique<\/strong> et <strong>Technologie des logiciels <\/strong>de la prochaine g\u00e9n\u00e9ration. Les deux entreprises d\u00e9tiennent des parts \u00e9gales dans la coentreprise. Cette collaboration doit permettre de combiner les forces des entreprises et de r\u00e9duire ainsi les co\u00fbts par v\u00e9hicule. <\/p>\n<p>RJ Scaringe, fondateur et PDG de Rivian, souligne : \u201eCe partenariat va non seulement rendre notre logiciel et l'architecture zonale associ\u00e9e accessibles \u00e0 un march\u00e9 encore plus large gr\u00e2ce \u00e0 la port\u00e9e mondiale du groupe Volkswagen, mais aussi garantir nos besoins en capitaux pour une croissance consid\u00e9rable\u201c.\u201c<\/p>\n<p>Le groupe Volkswagen affirme \u00e9galement que ce partenariat s'inscrit id\u00e9alement dans la strat\u00e9gie logicielle, les produits et les partenariats existants. Le profil technologique et la comp\u00e9titivit\u00e9 de VW s'en trouveront renforc\u00e9s. <\/p>\n<h3>Un investissement de 5 milliards d'euros<\/h3>\n<p>La finalisation de la cr\u00e9ation devrait \u00eatre achev\u00e9e au quatri\u00e8me trimestre 2024.<\/p>\n<p>Selon les informations fournies, Rivian pr\u00e9voit de conc\u00e9der sous licence \u00e0 la coentreprise les droits de propri\u00e9t\u00e9 intellectuelle existants sur l'architecture \u00e9lectrique.<\/p>\n<p>Au cours de la seconde moiti\u00e9 de la d\u00e9cennie, les deux entreprises souhaitent commercialiser des v\u00e9hicules bas\u00e9s sur la technologie d\u00e9velopp\u00e9e dans le cadre de la coentreprise. Les deux entreprises conserveront leurs activit\u00e9s distinctes dans le domaine des v\u00e9hicules. <\/p>\n<p>Volkswagen pr\u00e9voit \u00e9galement d'investir 5 milliards de dollars dans Rivian. L'objectif serait de promouvoir la coop\u00e9ration et les d\u00e9veloppements technologiques communs.<\/p>\n<h3>\u00c0 propos de Rivian<\/h3>\n<p>Rivian, un constructeur automobile am\u00e9ricain, est sp\u00e9cialis\u00e9 dans la construction de v\u00e9hicules \u00e9lectriques et d'accessoires. Son objectif est d'acc\u00e9l\u00e9rer la transition mondiale vers une mobilit\u00e9 et une \u00e9nergie sans \u00e9missions.<\/p>\n<h3>\u00c0 propos de Volkswagen<\/h3>\n<p>L'un des principaux constructeurs automobiles mondiaux, le groupe Volkswagen, a son si\u00e8ge social \u00e0 Wolfsburg, en Allemagne. Le groupe compte 114 sites de production et environ 684 000 employ\u00e9s dans le monde. VW vend ses v\u00e9hicules dans plus de 150 pays. <\/p>\n<p>Le groupe Volkswagen souhaite faire avancer l'avenir de la mobilit\u00e9 en investissant dans les v\u00e9hicules \u00e9lectriques et autonomes, la num\u00e9risation et la durabilit\u00e9. <\/p>\n<p>Le chiffre d'affaires du groupe s'\u00e9levait \u00e0 322,3 milliards d'euros en 2023.<\/p>","protected":false},"excerpt":{"rendered":"<p>Kostenoptimierung bei der Fahrzeugherstellung Die Volkswagen Gruppe und Rivian Automotive gr\u00fcnden ein Joint Venture mit der Absicht, gemeinsam eine elektrische Architektur und Softwaretechnologie der n\u00e4chsten Generation zu entwickeln. Beide Unternehmen erhalten dabei die gleichen Anteile am Joint Venture. Durch diese Zusammenarbeit sollen die St\u00e4rken der Unternehmen kombiniert und dadurch die Kosten pro Fahrzeug gesenkt werden. [&hellip;]<\/p>\n","protected":false},"author":1,"featured_media":11683,"comment_status":"open","ping_status":"open","sticky":false,"template":"","format":"standard","meta":{"_acf_changed":false,"footnotes":""},"categories":[88],"tags":[],"referenzkategorie":[],"class_list":["post-11682","post","type-post","status-publish","format-standard","has-post-thumbnail","hentry","category-supply-chain-news"],"acf":[],"yoast_head":"<!-- This site is optimized with the Yoast SEO Premium plugin v27.5 (Yoast SEO v27.5) - https:\/\/yoast.com\/product\/yoast-seo-premium-wordpress\/ -->\n<title>VW und Rivian gr\u00fcnden Joint Venture<\/title>\n<meta name=\"description\" content=\"Die Volkswagen Gruppe und Rivian Automotive gr\u00fcnden ein Joint Venture mit der Absicht, gemeinsam eine elektrische Architektur und\" \/>\n<meta name=\"robots\" content=\"index, follow, max-snippet:-1, max-image-preview:large, max-video-preview:-1\" \/>\n<link rel=\"canonical\" href=\"https:\/\/kloepfel-consulting.com\/fr\/actualites-de-la-chaine-dapprovisionnement\/vw-rivian-coentreprise-11682\/\" \/>\n<meta property=\"og:locale\" content=\"fr_FR\" \/>\n<meta property=\"og:type\" content=\"article\" \/>\n<meta property=\"og:title\" content=\"VW und Rivian gr\u00fcnden Joint Venture\" \/>\n<meta property=\"og:description\" content=\"Die Volkswagen Gruppe und Rivian Automotive gr\u00fcnden ein Joint Venture mit der Absicht, gemeinsam eine elektrische Architektur und Softwaretechnologie der n\u00e4chsten Generation zu entwickeln. Beide Unternehmen erhalten dabei die gleichen Anteile am Joint Venture. Durch diese Zusammenarbeit sollen die St\u00e4rken der Unternehmen kombiniert und dadurch die Kosten pro Fahrzeug gesenkt werden.\" \/>\n<meta property=\"og:url\" content=\"https:\/\/kloepfel-consulting.com\/fr\/actualites-de-la-chaine-dapprovisionnement\/vw-rivian-coentreprise-11682\/\" \/>\n<meta property=\"og:site_name\" content=\"KLOEPFEL by EPSA\" \/>\n<meta property=\"article:publisher\" content=\"https:\/\/www.facebook.com\/KloepfelGroup\" \/>\n<meta property=\"article:published_time\" content=\"2024-07-01T07:24:36+00:00\" \/>\n<meta property=\"article:modified_time\" content=\"2025-08-27T09:24:36+00:00\" \/>\n<meta property=\"og:image\" content=\"https:\/\/kloepfel-consulting.com\/wp-content\/uploads\/2025\/07\/kloepfelgroup.webp\" \/>\n\t<meta property=\"og:image:width\" content=\"2200\" \/>\n\t<meta property=\"og:image:height\" content=\"1608\" \/>\n\t<meta property=\"og:image:type\" content=\"image\/webp\" \/>\n<meta name=\"author\" content=\"semprediritto\" \/>\n<meta name=\"twitter:card\" content=\"summary_large_image\" \/>\n<meta name=\"twitter:title\" content=\"VW und Rivian: Neues Joint Venture f\u00fcr Elektroautos\" \/>\n<meta name=\"twitter:description\" content=\"Erfahren Sie mehr \u00fcber das Joint Venture von VW und Rivian zur Entwicklung neuer Elektrofahrzeuge!\" \/>\n<meta name=\"twitter:label1\" content=\"\u00c9crit par\" \/>\n\t<meta name=\"twitter:data1\" content=\"semprediritto\" \/>\n\t<meta name=\"twitter:label2\" content=\"Dur\u00e9e de lecture estim\u00e9e\" \/>\n\t<meta name=\"twitter:data2\" content=\"2 minutes\" \/>\n<script type=\"application\/ld+json\" class=\"yoast-schema-graph\">{\"@context\":\"https:\\\/\\\/schema.org\",\"@graph\":[{\"@type\":\"Article\",\"@id\":\"https:\\\/\\\/kloepfel-consulting.com\\\/supply-chain-news\\\/vw-rivian-joint-venture-11682\\\/#article\",\"isPartOf\":{\"@id\":\"https:\\\/\\\/kloepfel-consulting.com\\\/supply-chain-news\\\/vw-rivian-joint-venture-11682\\\/\"},\"author\":{\"name\":\"semprediritto\",\"@id\":\"https:\\\/\\\/kloepfel-consulting.com\\\/#\\\/schema\\\/person\\\/2691163984d9670e417622b00a4c0f26\"},\"headline\":\"VW und Rivian gr\u00fcnden Joint Venture\",\"datePublished\":\"2024-07-01T07:24:36+00:00\",\"dateModified\":\"2025-08-27T09:24:36+00:00\",\"mainEntityOfPage\":{\"@id\":\"https:\\\/\\\/kloepfel-consulting.com\\\/supply-chain-news\\\/vw-rivian-joint-venture-11682\\\/\"},\"wordCount\":321,\"commentCount\":0,\"publisher\":{\"@id\":\"https:\\\/\\\/kloepfel-consulting.com\\\/#organization\"},\"image\":{\"@id\":\"https:\\\/\\\/kloepfel-consulting.com\\\/supply-chain-news\\\/vw-rivian-joint-venture-11682\\\/#primaryimage\"},\"thumbnailUrl\":\"https:\\\/\\\/kloepfel-consulting.com\\\/wp-content\\\/uploads\\\/2025\\\/08\\\/pexels-autosschwarz-scaled-1.jpg\",\"articleSection\":[\"Supply Chain News\"],\"inLanguage\":\"fr-FR\",\"potentialAction\":[{\"@type\":\"CommentAction\",\"name\":\"Comment\",\"target\":[\"https:\\\/\\\/kloepfel-consulting.com\\\/supply-chain-news\\\/vw-rivian-joint-venture-11682\\\/#respond\"]}],\"copyrightYear\":\"2024\",\"copyrightHolder\":{\"@id\":\"https:\\\/\\\/kloepfel-consulting.com\\\/fr\\\/#organization\"}},{\"@type\":\"WebPage\",\"@id\":\"https:\\\/\\\/kloepfel-consulting.com\\\/supply-chain-news\\\/vw-rivian-joint-venture-11682\\\/\",\"url\":\"https:\\\/\\\/kloepfel-consulting.com\\\/supply-chain-news\\\/vw-rivian-joint-venture-11682\\\/\",\"name\":\"VW und Rivian gr\u00fcnden Joint Venture\",\"isPartOf\":{\"@id\":\"https:\\\/\\\/kloepfel-consulting.com\\\/#website\"},\"primaryImageOfPage\":{\"@id\":\"https:\\\/\\\/kloepfel-consulting.com\\\/supply-chain-news\\\/vw-rivian-joint-venture-11682\\\/#primaryimage\"},\"image\":{\"@id\":\"https:\\\/\\\/kloepfel-consulting.com\\\/supply-chain-news\\\/vw-rivian-joint-venture-11682\\\/#primaryimage\"},\"thumbnailUrl\":\"https:\\\/\\\/kloepfel-consulting.com\\\/wp-content\\\/uploads\\\/2025\\\/08\\\/pexels-autosschwarz-scaled-1.jpg\",\"datePublished\":\"2024-07-01T07:24:36+00:00\",\"dateModified\":\"2025-08-27T09:24:36+00:00\",\"description\":\"Die Volkswagen Gruppe und Rivian Automotive gr\u00fcnden ein Joint Venture mit der Absicht, gemeinsam eine elektrische Architektur und\",\"breadcrumb\":{\"@id\":\"https:\\\/\\\/kloepfel-consulting.com\\\/supply-chain-news\\\/vw-rivian-joint-venture-11682\\\/#breadcrumb\"},\"inLanguage\":\"fr-FR\",\"potentialAction\":[{\"@type\":\"ReadAction\",\"target\":[\"https:\\\/\\\/kloepfel-consulting.com\\\/supply-chain-news\\\/vw-rivian-joint-venture-11682\\\/\"]}]},{\"@type\":\"ImageObject\",\"inLanguage\":\"fr-FR\",\"@id\":\"https:\\\/\\\/kloepfel-consulting.com\\\/supply-chain-news\\\/vw-rivian-joint-venture-11682\\\/#primaryimage\",\"url\":\"https:\\\/\\\/kloepfel-consulting.com\\\/wp-content\\\/uploads\\\/2025\\\/08\\\/pexels-autosschwarz-scaled-1.jpg\",\"contentUrl\":\"https:\\\/\\\/kloepfel-consulting.com\\\/wp-content\\\/uploads\\\/2025\\\/08\\\/pexels-autosschwarz-scaled-1.jpg\",\"width\":2560,\"height\":1600,\"caption\":\"Nahaufnahme eines schwarzen Autos in einer Reihe geparkter Fahrzeuge.\"},{\"@type\":\"BreadcrumbList\",\"@id\":\"https:\\\/\\\/kloepfel-consulting.com\\\/supply-chain-news\\\/vw-rivian-joint-venture-11682\\\/#breadcrumb\",\"itemListElement\":[{\"@type\":\"ListItem\",\"position\":1,\"name\":\"Startseite\",\"item\":\"https:\\\/\\\/kloepfel-consulting.com\\\/\"},{\"@type\":\"ListItem\",\"position\":2,\"name\":\"Logistikoptimierung\",\"item\":\"https:\\\/\\\/kloepfel-consulting.com\\\/zuordnung-landingpage\\\/logistikoptimierung\\\/\"},{\"@type\":\"ListItem\",\"position\":3,\"name\":\"VW und Rivian gr\u00fcnden Joint Venture\"}]},{\"@type\":\"WebSite\",\"@id\":\"https:\\\/\\\/kloepfel-consulting.com\\\/#website\",\"url\":\"https:\\\/\\\/kloepfel-consulting.com\\\/\",\"name\":\"KLOEPFEL by EPSA\",\"description\":\"\",\"publisher\":{\"@id\":\"https:\\\/\\\/kloepfel-consulting.com\\\/#organization\"},\"alternateName\":\"KLOEPFELbyEPSA\",\"potentialAction\":[{\"@type\":\"SearchAction\",\"target\":{\"@type\":\"EntryPoint\",\"urlTemplate\":\"https:\\\/\\\/kloepfel-consulting.com\\\/?s={search_term_string}\"},\"query-input\":{\"@type\":\"PropertyValueSpecification\",\"valueRequired\":true,\"valueName\":\"search_term_string\"}}],\"inLanguage\":\"fr-FR\"},{\"@type\":\"Organization\",\"@id\":\"https:\\\/\\\/kloepfel-consulting.com\\\/#organization\",\"name\":\"KLOEPFEL by EPSA\",\"alternateName\":\"KLOEPFELbyEPSA\",\"url\":\"https:\\\/\\\/kloepfel-consulting.com\\\/\",\"logo\":{\"@type\":\"ImageObject\",\"inLanguage\":\"fr-FR\",\"@id\":\"https:\\\/\\\/kloepfel-consulting.com\\\/#\\\/schema\\\/logo\\\/image\\\/\",\"url\":\"https:\\\/\\\/kloepfel-consulting.com\\\/wp-content\\\/uploads\\\/2025\\\/04\\\/logo.webp\",\"contentUrl\":\"https:\\\/\\\/kloepfel-consulting.com\\\/wp-content\\\/uploads\\\/2025\\\/04\\\/logo.webp\",\"width\":616,\"height\":284,\"caption\":\"KLOEPFEL by EPSA\"},\"image\":{\"@id\":\"https:\\\/\\\/kloepfel-consulting.com\\\/#\\\/schema\\\/logo\\\/image\\\/\"},\"sameAs\":[\"https:\\\/\\\/www.facebook.com\\\/KloepfelGroup\",\"https:\\\/\\\/www.linkedin.com\\\/company\\\/kloepfel-consulting-gmbh\",\"https:\\\/\\\/www.instagram.com\\\/kloepfel_by_epsa\\\/\"],\"description\":\"Einkaufsberatung f\u00fcr Einkauf, Logistik und Supply Chain\",\"email\":\"info@kloepfel-consulting.com\",\"telephone\":\"+4921194198433\",\"legalName\":\"Kloepfel Consulting GmbH\",\"foundingDate\":\"2007-02-01\",\"vatID\":\"DE254132249\",\"numberOfEmployees\":{\"@type\":\"QuantitativeValue\",\"minValue\":\"51\",\"maxValue\":\"200\"}},{\"@type\":\"Person\",\"@id\":\"https:\\\/\\\/kloepfel-consulting.com\\\/#\\\/schema\\\/person\\\/2691163984d9670e417622b00a4c0f26\",\"name\":\"semprediritto\",\"image\":{\"@type\":\"ImageObject\",\"inLanguage\":\"fr-FR\",\"@id\":\"https:\\\/\\\/secure.gravatar.com\\\/avatar\\\/878f3ddb8fa2117ffa32d8a3152e4368517da61e3b89dd9bbfe39501477bf1f1?s=96&d=mm&r=g\",\"url\":\"https:\\\/\\\/secure.gravatar.com\\\/avatar\\\/878f3ddb8fa2117ffa32d8a3152e4368517da61e3b89dd9bbfe39501477bf1f1?s=96&d=mm&r=g\",\"contentUrl\":\"https:\\\/\\\/secure.gravatar.com\\\/avatar\\\/878f3ddb8fa2117ffa32d8a3152e4368517da61e3b89dd9bbfe39501477bf1f1?s=96&d=mm&r=g\",\"caption\":\"semprediritto\"},\"sameAs\":[\"https:\\\/\\\/kloepfel.sempre-diritto.de\"]}]}<\/script>\n<!-- \/ Yoast SEO Premium plugin. -->","yoast_head_json":{"title":"VW et Rivian cr\u00e9ent une coentreprise","description":"Le groupe Volkswagen et Rivian Automotive cr\u00e9ent une joint-venture dans le but de d\u00e9velopper conjointement une architecture \u00e9lectrique et un syst\u00e8me d'\u00e9clairage.","robots":{"index":"index","follow":"follow","max-snippet":"max-snippet:-1","max-image-preview":"max-image-preview:large","max-video-preview":"max-video-preview:-1"},"canonical":"https:\/\/kloepfel-consulting.com\/fr\/actualites-de-la-chaine-dapprovisionnement\/vw-rivian-coentreprise-11682\/","og_locale":"fr_FR","og_type":"article","og_title":"VW und Rivian gr\u00fcnden Joint Venture","og_description":"Die Volkswagen Gruppe und Rivian Automotive gr\u00fcnden ein Joint Venture mit der Absicht, gemeinsam eine elektrische Architektur und Softwaretechnologie der n\u00e4chsten Generation zu entwickeln. Beide Unternehmen erhalten dabei die gleichen Anteile am Joint Venture. Durch diese Zusammenarbeit sollen die St\u00e4rken der Unternehmen kombiniert und dadurch die Kosten pro Fahrzeug gesenkt werden.","og_url":"https:\/\/kloepfel-consulting.com\/fr\/actualites-de-la-chaine-dapprovisionnement\/vw-rivian-coentreprise-11682\/","og_site_name":"KLOEPFEL by EPSA","article_publisher":"https:\/\/www.facebook.com\/KloepfelGroup","article_published_time":"2024-07-01T07:24:36+00:00","article_modified_time":"2025-08-27T09:24:36+00:00","og_image":[{"width":2200,"height":1608,"url":"https:\/\/kloepfel-consulting.com\/wp-content\/uploads\/2025\/07\/kloepfelgroup.webp","type":"image\/webp"}],"author":"semprediritto","twitter_card":"summary_large_image","twitter_title":"VW und Rivian: Neues Joint Venture f\u00fcr Elektroautos","twitter_description":"Erfahren Sie mehr \u00fcber das Joint Venture von VW und Rivian zur Entwicklung neuer Elektrofahrzeuge!","twitter_misc":{"\u00c9crit par":"semprediritto","Dur\u00e9e de lecture estim\u00e9e":"2 minutes"},"schema":{"@context":"https:\/\/schema.org","@graph":[{"@type":"Article","@id":"https:\/\/kloepfel-consulting.com\/supply-chain-news\/vw-rivian-joint-venture-11682\/#article","isPartOf":{"@id":"https:\/\/kloepfel-consulting.com\/supply-chain-news\/vw-rivian-joint-venture-11682\/"},"author":{"name":"semprediritto","@id":"https:\/\/kloepfel-consulting.com\/#\/schema\/person\/2691163984d9670e417622b00a4c0f26"},"headline":"VW und Rivian gr\u00fcnden Joint Venture","datePublished":"2024-07-01T07:24:36+00:00","dateModified":"2025-08-27T09:24:36+00:00","mainEntityOfPage":{"@id":"https:\/\/kloepfel-consulting.com\/supply-chain-news\/vw-rivian-joint-venture-11682\/"},"wordCount":321,"commentCount":0,"publisher":{"@id":"https:\/\/kloepfel-consulting.com\/#organization"},"image":{"@id":"https:\/\/kloepfel-consulting.com\/supply-chain-news\/vw-rivian-joint-venture-11682\/#primaryimage"},"thumbnailUrl":"https:\/\/kloepfel-consulting.com\/wp-content\/uploads\/2025\/08\/pexels-autosschwarz-scaled-1.jpg","articleSection":["Supply Chain News"],"inLanguage":"fr-FR","potentialAction":[{"@type":"CommentAction","name":"Comment","target":["https:\/\/kloepfel-consulting.com\/supply-chain-news\/vw-rivian-joint-venture-11682\/#respond"]}],"copyrightYear":"2024","copyrightHolder":{"@id":"https:\/\/kloepfel-consulting.com\/fr\/#organization"}},{"@type":"WebPage","@id":"https:\/\/kloepfel-consulting.com\/supply-chain-news\/vw-rivian-joint-venture-11682\/","url":"https:\/\/kloepfel-consulting.com\/supply-chain-news\/vw-rivian-joint-venture-11682\/","name":"VW et Rivian cr\u00e9ent une coentreprise","isPartOf":{"@id":"https:\/\/kloepfel-consulting.com\/#website"},"primaryImageOfPage":{"@id":"https:\/\/kloepfel-consulting.com\/supply-chain-news\/vw-rivian-joint-venture-11682\/#primaryimage"},"image":{"@id":"https:\/\/kloepfel-consulting.com\/supply-chain-news\/vw-rivian-joint-venture-11682\/#primaryimage"},"thumbnailUrl":"https:\/\/kloepfel-consulting.com\/wp-content\/uploads\/2025\/08\/pexels-autosschwarz-scaled-1.jpg","datePublished":"2024-07-01T07:24:36+00:00","dateModified":"2025-08-27T09:24:36+00:00","description":"Le groupe Volkswagen et Rivian Automotive cr\u00e9ent une joint-venture dans le but de d\u00e9velopper conjointement une architecture \u00e9lectrique et un syst\u00e8me d'\u00e9clairage.","breadcrumb":{"@id":"https:\/\/kloepfel-consulting.com\/supply-chain-news\/vw-rivian-joint-venture-11682\/#breadcrumb"},"inLanguage":"fr-FR","potentialAction":[{"@type":"ReadAction","target":["https:\/\/kloepfel-consulting.com\/supply-chain-news\/vw-rivian-joint-venture-11682\/"]}]},{"@type":"ImageObject","inLanguage":"fr-FR","@id":"https:\/\/kloepfel-consulting.com\/supply-chain-news\/vw-rivian-joint-venture-11682\/#primaryimage","url":"https:\/\/kloepfel-consulting.com\/wp-content\/uploads\/2025\/08\/pexels-autosschwarz-scaled-1.jpg","contentUrl":"https:\/\/kloepfel-consulting.com\/wp-content\/uploads\/2025\/08\/pexels-autosschwarz-scaled-1.jpg","width":2560,"height":1600,"caption":"Nahaufnahme eines schwarzen Autos in einer Reihe geparkter Fahrzeuge."},{"@type":"BreadcrumbList","@id":"https:\/\/kloepfel-consulting.com\/supply-chain-news\/vw-rivian-joint-venture-11682\/#breadcrumb","itemListElement":[{"@type":"ListItem","position":1,"name":"Startseite","item":"https:\/\/kloepfel-consulting.com\/"},{"@type":"ListItem","position":2,"name":"Logistikoptimierung","item":"https:\/\/kloepfel-consulting.com\/zuordnung-landingpage\/logistikoptimierung\/"},{"@type":"ListItem","position":3,"name":"VW und Rivian gr\u00fcnden Joint Venture"}]},{"@type":"WebSite","@id":"https:\/\/kloepfel-consulting.com\/#website","url":"https:\/\/kloepfel-consulting.com\/","name":"KLOEPFEL by EPSA","description":"","publisher":{"@id":"https:\/\/kloepfel-consulting.com\/#organization"},"alternateName":"KLOEPFELbyEPSA","potentialAction":[{"@type":"SearchAction","target":{"@type":"EntryPoint","urlTemplate":"https:\/\/kloepfel-consulting.com\/?s={search_term_string}"},"query-input":{"@type":"PropertyValueSpecification","valueRequired":true,"valueName":"search_term_string"}}],"inLanguage":"fr-FR"},{"@type":"Organization","@id":"https:\/\/kloepfel-consulting.com\/#organization","name":"KLOEPFEL by EPSA","alternateName":"KLOEPFELbyEPSA","url":"https:\/\/kloepfel-consulting.com\/","logo":{"@type":"ImageObject","inLanguage":"fr-FR","@id":"https:\/\/kloepfel-consulting.com\/#\/schema\/logo\/image\/","url":"https:\/\/kloepfel-consulting.com\/wp-content\/uploads\/2025\/04\/logo.webp","contentUrl":"https:\/\/kloepfel-consulting.com\/wp-content\/uploads\/2025\/04\/logo.webp","width":616,"height":284,"caption":"KLOEPFEL by EPSA"},"image":{"@id":"https:\/\/kloepfel-consulting.com\/#\/schema\/logo\/image\/"},"sameAs":["https:\/\/www.facebook.com\/KloepfelGroup","https:\/\/www.linkedin.com\/company\/kloepfel-consulting-gmbh","https:\/\/www.instagram.com\/kloepfel_by_epsa\/"],"description":"Conseil d'achat pour l'approvisionnement, la logistique et la cha\u00eene d'approvisionnement","email":"info@kloepfel-consulting.com","telephone":"+4921194198433","legalName":"Kloepfel Consulting GmbH","foundingDate":"2007-02-01","vatID":"DE254132249","numberOfEmployees":{"@type":"QuantitativeValue","minValue":"51","maxValue":"200"}},{"@type":"Person","@id":"https:\/\/kloepfel-consulting.com\/#\/schema\/person\/2691163984d9670e417622b00a4c0f26","name":"Toujours le droit","image":{"@type":"ImageObject","inLanguage":"fr-FR","@id":"https:\/\/secure.gravatar.com\/avatar\/878f3ddb8fa2117ffa32d8a3152e4368517da61e3b89dd9bbfe39501477bf1f1?s=96&d=mm&r=g","url":"https:\/\/secure.gravatar.com\/avatar\/878f3ddb8fa2117ffa32d8a3152e4368517da61e3b89dd9bbfe39501477bf1f1?s=96&d=mm&r=g","contentUrl":"https:\/\/secure.gravatar.com\/avatar\/878f3ddb8fa2117ffa32d8a3152e4368517da61e3b89dd9bbfe39501477bf1f1?s=96&d=mm&r=g","caption":"semprediritto"},"sameAs":["https:\/\/kloepfel.sempre-diritto.de"]}]}},"_links":{"self":[{"href":"https:\/\/kloepfel-consulting.com\/fr\/wp-json\/wp\/v2\/posts\/11682","targetHints":{"allow":["GET"]}}],"collection":[{"href":"https:\/\/kloepfel-consulting.com\/fr\/wp-json\/wp\/v2\/posts"}],"about":[{"href":"https:\/\/kloepfel-consulting.com\/fr\/wp-json\/wp\/v2\/types\/post"}],"author":[{"embeddable":true,"href":"https:\/\/kloepfel-consulting.com\/fr\/wp-json\/wp\/v2\/users\/1"}],"replies":[{"embeddable":true,"href":"https:\/\/kloepfel-consulting.com\/fr\/wp-json\/wp\/v2\/comments?post=11682"}],"version-history":[{"count":2,"href":"https:\/\/kloepfel-consulting.com\/fr\/wp-json\/wp\/v2\/posts\/11682\/revisions"}],"predecessor-version":[{"id":14644,"href":"https:\/\/kloepfel-consulting.com\/fr\/wp-json\/wp\/v2\/posts\/11682\/revisions\/14644"}],"wp:featuredmedia":[{"embeddable":true,"href":"https:\/\/kloepfel-consulting.com\/fr\/wp-json\/wp\/v2\/media\/11683"}],"wp:attachment":[{"href":"https:\/\/kloepfel-consulting.com\/fr\/wp-json\/wp\/v2\/media?parent=11682"}],"wp:term":[{"taxonomy":"category","embeddable":true,"href":"https:\/\/kloepfel-consulting.com\/fr\/wp-json\/wp\/v2\/categories?post=11682"},{"taxonomy":"post_tag","embeddable":true,"href":"https:\/\/kloepfel-consulting.com\/fr\/wp-json\/wp\/v2\/tags?post=11682"},{"taxonomy":"referenzkategorie","embeddable":true,"href":"https:\/\/kloepfel-consulting.com\/fr\/wp-json\/wp\/v2\/referenzkategorie?post=11682"}],"curies":[{"name":"wp","href":"https:\/\/api.w.org\/{rel}","templated":true}]}}