{"id":11702,"date":"2024-07-09T09:24:38","date_gmt":"2024-07-09T07:24:38","guid":{"rendered":"https:\/\/kloepfel.sempre-diritto.de\/2024\/07\/09\/wesel-kuehlhaus-nordfrosts-logistikkapazitaeten\/"},"modified":"2025-08-27T11:24:38","modified_gmt":"2025-08-27T09:24:38","slug":"les-capacites-logistiques-de-wesel-kuehlhaus-nordfrost","status":"publish","type":"post","link":"https:\/\/kloepfel-consulting.com\/fr\/supply-chain-news\/wesel-kuehlhaus-nordfrosts-logistikkapazitaeten-11702\/","title":{"rendered":"Wesel : un nouvel entrep\u00f4t frigorifique renforce les capacit\u00e9s logistiques de Nordfrost"},"content":{"rendered":"<h2>Logistique durable sur le terminal portuaire de l'entreprise<\/h2>\n<p>Le logisticien du surgel\u00e9 <a href=\"https:\/\/kloepfel-consulting.com\/fr\/actualites-de-la-chaine-dapprovisionnement\/chaine-dapprovisionnement\/nordfrost-deugro-green-energy-logistics-hub-wilhelmshaven-5892371\/\" rel=\"noopener\" target=\"_blank\">Nordfrost<\/a>, qui compte parmi les leaders en Allemagne, a lanc\u00e9 un nouveau <strong>Entrep\u00f4t frigorifique<\/strong> sur le site portuaire de l'entreprise<em>Terminal<\/em> \u00e0 Wesel, dans le Bas-Rhin. L'ouverture ainsi que la mise en service ont eu lieu comme pr\u00e9vu le 1er juillet. L'objectif est de promouvoir une cha\u00eene d'approvisionnement durable. <\/p>\n<p>Actuellement, 25 collaborateurs travaillent sur le site sous la direction de Carsten Fricke. <\/p>\n<h3>D\u00e9tails de l'entrep\u00f4t frigorifique<\/h3>\n<p>Selon les informations fournies par l'entreprise, l'entrep\u00f4t frigorifique comporte environ 25.000 emplacements de palettes multi-temp\u00e9ratures pour les secteurs de la surg\u00e9lation et des produits frais. Mais il est \u00e9galement possible de passer \u00e0 un stockage \u00e0 sec et \u00e0 des temp\u00e9ratures allant jusqu'\u00e0 +18\u00b0C. <\/p>\n<p>Des prestations de service telles que la pr\u00e9paration des commandes ou le d\u00e9douanement sont propos\u00e9es sur demande. <\/p>\n<p>Nordfrost pr\u00e9voit d'offrir \u00e0 ses clients du secteur des jus de fruits des services sp\u00e9cialis\u00e9s, comme par exemple le broyage. <\/p>\n<h3>Concept durable \u201eCool Corridor\u201c<\/h3>\n<p>Le nouvel entrep\u00f4t frigorifique fait partie int\u00e9grante du concept \u201eCool Corridor\u201c, qui sert \u00e0 promouvoir la durabilit\u00e9.<\/p>\n<p>Au lieu d'\u00eatre transport\u00e9s par voie terrestre, les conteneurs frigorifiques seront d\u00e9sormais achemin\u00e9s par bateau depuis et vers les ports occidentaux de Rotterdam et d'Anvers, au d\u00e9part de Wesel. Le directeur de la succursale, Carsten Fricke, explique : \u201eRien qu'en transf\u00e9rant les transports sur l'eau, les clients \u00e9conomisent plus de 65 % de CO2 par conteneur - une contribution d\u00e9terminante \u00e0 la r\u00e9alisation des objectifs de durabilit\u00e9\u201c.\u201c<\/p>\n<p>De plus, plusieurs services sont r\u00e9unis sur le terminal, ce qui a un effet durable. Le nouvel entrep\u00f4t contourne les restrictions de poids, car il se trouve sur le propre terrain du terminal. Les conteneurs peuvent ainsi \u00eatre davantage utilis\u00e9s pour le transport de marchandises lourdes. En outre, le d\u00e9p\u00f4t de conteneurs offre des services complets, notamment le contr\u00f4le, le nettoyage et la r\u00e9paration des conteneurs. Ainsi, les conteneurs peuvent \u00eatre directement recharg\u00e9s et ne sont pas transport\u00e9s \u00e0 vide.<\/p>\n<p>Les contr\u00f4les officiels des denr\u00e9es alimentaires en provenance de pays tiers ont \u00e9galement lieu au terminal.<\/p>\n<p>De plus, l'entrep\u00f4t frigorifique est reli\u00e9 au r\u00e9seau de transport paneurop\u00e9en de Nordfrost, ce qui contribue \u00e0 des transports plus rapides et plus efficaces.<\/p>","protected":false},"excerpt":{"rendered":"<p>Nachhaltige Logistik auf dem unternehmenseigenen Hafen-Terminal Der Tiefk\u00fchllogistiker Nordfrost, der zu den f\u00fchrenden Deutschlands z\u00e4hlt, hat ein neues K\u00fchlhaus auf dem unternehmenseigenen Hafen-Terminal in Wesel am Niederrhein errichtet. Die Er\u00f6ffnung sowie die Inbetriebnahme sind am 1. Juli planm\u00e4\u00dfig erfolgt. Ziel ist die F\u00f6rderung einer nachhaltigen Supply Chain. Zum aktuellen Zeitpunkt sind 25 Mitarbeitende am Standort [&hellip;]<\/p>\n","protected":false},"author":1,"featured_media":11045,"comment_status":"open","ping_status":"open","sticky":false,"template":"","format":"standard","meta":{"_acf_changed":false,"footnotes":""},"categories":[88],"tags":[],"referenzkategorie":[],"class_list":["post-11702","post","type-post","status-publish","format-standard","has-post-thumbnail","hentry","category-supply-chain-news"],"acf":[],"yoast_head":"<!-- This site is optimized with the Yoast SEO Premium plugin v27.5 (Yoast SEO v27.5) - https:\/\/yoast.com\/product\/yoast-seo-premium-wordpress\/ -->\n<title>Wesel: Neues K\u00fchlhaus st\u00e4rkt Nordfrosts Logistikkapazit\u00e4ten<\/title>\n<meta name=\"description\" content=\"Der Tiefk\u00fchllogistiker Nordfrost, der zu den f\u00fchrenden Deutschlands z\u00e4hlt, hat ein neues K\u00fchlhaus auf dem unternehmenseigenen Hafen-Terminal\" \/>\n<meta name=\"robots\" content=\"index, follow, max-snippet:-1, max-image-preview:large, max-video-preview:-1\" \/>\n<link rel=\"canonical\" href=\"https:\/\/kloepfel-consulting.com\/fr\/actualites-de-la-chaine-dapprovisionnement\/capacite-de-logistique-de-11702-wesel-kuehlhaus-nordfrost\/\" \/>\n<meta property=\"og:locale\" content=\"fr_FR\" \/>\n<meta property=\"og:type\" content=\"article\" \/>\n<meta property=\"og:title\" content=\"Wesel: Neues K\u00fchlhaus st\u00e4rkt Nordfrosts Logistikkapazit\u00e4ten\" \/>\n<meta property=\"og:description\" content=\"Der Tiefk\u00fchllogistiker Nordfrost, der zu den f\u00fchrenden Deutschlands z\u00e4hlt, hat ein neues K\u00fchlhaus auf dem unternehmenseigenen Hafen-Terminal in Wesel am Niederrhein errichtet. Die Er\u00f6ffnung sowie die Inbetriebnahme sind am 1. Juli planm\u00e4\u00dfig erfolgt. Ziel ist die F\u00f6rderung einer nachhaltigen Supply Chain.\" \/>\n<meta property=\"og:url\" content=\"https:\/\/kloepfel-consulting.com\/fr\/actualites-de-la-chaine-dapprovisionnement\/capacite-de-logistique-de-11702-wesel-kuehlhaus-nordfrost\/\" \/>\n<meta property=\"og:site_name\" content=\"KLOEPFEL by EPSA\" \/>\n<meta property=\"article:publisher\" content=\"https:\/\/www.facebook.com\/KloepfelGroup\" \/>\n<meta property=\"article:published_time\" content=\"2024-07-09T07:24:38+00:00\" \/>\n<meta property=\"article:modified_time\" content=\"2025-08-27T09:24:38+00:00\" \/>\n<meta property=\"og:image\" content=\"https:\/\/kloepfel-consulting.com\/wp-content\/uploads\/2025\/07\/kloepfelgroup.webp\" \/>\n\t<meta property=\"og:image:width\" content=\"2200\" \/>\n\t<meta property=\"og:image:height\" content=\"1608\" \/>\n\t<meta property=\"og:image:type\" content=\"image\/webp\" \/>\n<meta name=\"author\" content=\"semprediritto\" \/>\n<meta name=\"twitter:card\" content=\"summary_large_image\" \/>\n<meta name=\"twitter:title\" content=\"Nordfrosts neues K\u00fchlhaus in Wesel \u2013 Nachhaltigkeit im Fokus\" \/>\n<meta name=\"twitter:description\" content=\"Erfahren Sie mehr \u00fcber Nordfrosts neues K\u00fchlhaus und seine nachhaltigen Logistikl\u00f6sungen.\" \/>\n<meta name=\"twitter:label1\" content=\"\u00c9crit par\" \/>\n\t<meta name=\"twitter:data1\" content=\"semprediritto\" \/>\n\t<meta name=\"twitter:label2\" content=\"Dur\u00e9e de lecture estim\u00e9e\" \/>\n\t<meta name=\"twitter:data2\" content=\"2 minutes\" \/>\n<script type=\"application\/ld+json\" class=\"yoast-schema-graph\">{\"@context\":\"https:\\\/\\\/schema.org\",\"@graph\":[{\"@type\":\"Article\",\"@id\":\"https:\\\/\\\/kloepfel-consulting.com\\\/supply-chain-news\\\/wesel-kuehlhaus-nordfrosts-logistikkapazitaeten-11702\\\/#article\",\"isPartOf\":{\"@id\":\"https:\\\/\\\/kloepfel-consulting.com\\\/supply-chain-news\\\/wesel-kuehlhaus-nordfrosts-logistikkapazitaeten-11702\\\/\"},\"author\":{\"name\":\"semprediritto\",\"@id\":\"https:\\\/\\\/kloepfel-consulting.com\\\/#\\\/schema\\\/person\\\/2691163984d9670e417622b00a4c0f26\"},\"headline\":\"Wesel: Neues K\u00fchlhaus st\u00e4rkt Nordfrosts Logistikkapazit\u00e4ten\",\"datePublished\":\"2024-07-09T07:24:38+00:00\",\"dateModified\":\"2025-08-27T09:24:38+00:00\",\"mainEntityOfPage\":{\"@id\":\"https:\\\/\\\/kloepfel-consulting.com\\\/supply-chain-news\\\/wesel-kuehlhaus-nordfrosts-logistikkapazitaeten-11702\\\/\"},\"wordCount\":331,\"commentCount\":0,\"publisher\":{\"@id\":\"https:\\\/\\\/kloepfel-consulting.com\\\/#organization\"},\"image\":{\"@id\":\"https:\\\/\\\/kloepfel-consulting.com\\\/supply-chain-news\\\/wesel-kuehlhaus-nordfrosts-logistikkapazitaeten-11702\\\/#primaryimage\"},\"thumbnailUrl\":\"https:\\\/\\\/kloepfel-consulting.com\\\/wp-content\\\/uploads\\\/2025\\\/08\\\/supply-chain-news-1200x630-1.webp\",\"articleSection\":[\"Supply Chain News\"],\"inLanguage\":\"fr-FR\",\"potentialAction\":[{\"@type\":\"CommentAction\",\"name\":\"Comment\",\"target\":[\"https:\\\/\\\/kloepfel-consulting.com\\\/supply-chain-news\\\/wesel-kuehlhaus-nordfrosts-logistikkapazitaeten-11702\\\/#respond\"]}],\"copyrightYear\":\"2024\",\"copyrightHolder\":{\"@id\":\"https:\\\/\\\/kloepfel-consulting.com\\\/fr\\\/#organization\"}},{\"@type\":\"WebPage\",\"@id\":\"https:\\\/\\\/kloepfel-consulting.com\\\/supply-chain-news\\\/wesel-kuehlhaus-nordfrosts-logistikkapazitaeten-11702\\\/\",\"url\":\"https:\\\/\\\/kloepfel-consulting.com\\\/supply-chain-news\\\/wesel-kuehlhaus-nordfrosts-logistikkapazitaeten-11702\\\/\",\"name\":\"Wesel: Neues K\u00fchlhaus st\u00e4rkt Nordfrosts Logistikkapazit\u00e4ten\",\"isPartOf\":{\"@id\":\"https:\\\/\\\/kloepfel-consulting.com\\\/#website\"},\"primaryImageOfPage\":{\"@id\":\"https:\\\/\\\/kloepfel-consulting.com\\\/supply-chain-news\\\/wesel-kuehlhaus-nordfrosts-logistikkapazitaeten-11702\\\/#primaryimage\"},\"image\":{\"@id\":\"https:\\\/\\\/kloepfel-consulting.com\\\/supply-chain-news\\\/wesel-kuehlhaus-nordfrosts-logistikkapazitaeten-11702\\\/#primaryimage\"},\"thumbnailUrl\":\"https:\\\/\\\/kloepfel-consulting.com\\\/wp-content\\\/uploads\\\/2025\\\/08\\\/supply-chain-news-1200x630-1.webp\",\"datePublished\":\"2024-07-09T07:24:38+00:00\",\"dateModified\":\"2025-08-27T09:24:38+00:00\",\"description\":\"Der Tiefk\u00fchllogistiker Nordfrost, der zu den f\u00fchrenden Deutschlands z\u00e4hlt, hat ein neues K\u00fchlhaus auf dem unternehmenseigenen Hafen-Terminal\",\"breadcrumb\":{\"@id\":\"https:\\\/\\\/kloepfel-consulting.com\\\/supply-chain-news\\\/wesel-kuehlhaus-nordfrosts-logistikkapazitaeten-11702\\\/#breadcrumb\"},\"inLanguage\":\"fr-FR\",\"potentialAction\":[{\"@type\":\"ReadAction\",\"target\":[\"https:\\\/\\\/kloepfel-consulting.com\\\/supply-chain-news\\\/wesel-kuehlhaus-nordfrosts-logistikkapazitaeten-11702\\\/\"]}]},{\"@type\":\"ImageObject\",\"inLanguage\":\"fr-FR\",\"@id\":\"https:\\\/\\\/kloepfel-consulting.com\\\/supply-chain-news\\\/wesel-kuehlhaus-nordfrosts-logistikkapazitaeten-11702\\\/#primaryimage\",\"url\":\"https:\\\/\\\/kloepfel-consulting.com\\\/wp-content\\\/uploads\\\/2025\\\/08\\\/supply-chain-news-1200x630-1.webp\",\"contentUrl\":\"https:\\\/\\\/kloepfel-consulting.com\\\/wp-content\\\/uploads\\\/2025\\\/08\\\/supply-chain-news-1200x630-1.webp\",\"width\":1200,\"height\":630,\"caption\":\"Grafik mit dem Titel 'Supply Chain News'.\"},{\"@type\":\"BreadcrumbList\",\"@id\":\"https:\\\/\\\/kloepfel-consulting.com\\\/supply-chain-news\\\/wesel-kuehlhaus-nordfrosts-logistikkapazitaeten-11702\\\/#breadcrumb\",\"itemListElement\":[{\"@type\":\"ListItem\",\"position\":1,\"name\":\"Startseite\",\"item\":\"https:\\\/\\\/kloepfel-consulting.com\\\/\"},{\"@type\":\"ListItem\",\"position\":2,\"name\":\"Logistikoptimierung\",\"item\":\"https:\\\/\\\/kloepfel-consulting.com\\\/zuordnung-landingpage\\\/logistikoptimierung\\\/\"},{\"@type\":\"ListItem\",\"position\":3,\"name\":\"Wesel: Neues K\u00fchlhaus st\u00e4rkt Nordfrosts Logistikkapazit\u00e4ten\"}]},{\"@type\":\"WebSite\",\"@id\":\"https:\\\/\\\/kloepfel-consulting.com\\\/#website\",\"url\":\"https:\\\/\\\/kloepfel-consulting.com\\\/\",\"name\":\"KLOEPFEL by EPSA\",\"description\":\"\",\"publisher\":{\"@id\":\"https:\\\/\\\/kloepfel-consulting.com\\\/#organization\"},\"alternateName\":\"KLOEPFELbyEPSA\",\"potentialAction\":[{\"@type\":\"SearchAction\",\"target\":{\"@type\":\"EntryPoint\",\"urlTemplate\":\"https:\\\/\\\/kloepfel-consulting.com\\\/?s={search_term_string}\"},\"query-input\":{\"@type\":\"PropertyValueSpecification\",\"valueRequired\":true,\"valueName\":\"search_term_string\"}}],\"inLanguage\":\"fr-FR\"},{\"@type\":\"Organization\",\"@id\":\"https:\\\/\\\/kloepfel-consulting.com\\\/#organization\",\"name\":\"KLOEPFEL by EPSA\",\"alternateName\":\"KLOEPFELbyEPSA\",\"url\":\"https:\\\/\\\/kloepfel-consulting.com\\\/\",\"logo\":{\"@type\":\"ImageObject\",\"inLanguage\":\"fr-FR\",\"@id\":\"https:\\\/\\\/kloepfel-consulting.com\\\/#\\\/schema\\\/logo\\\/image\\\/\",\"url\":\"https:\\\/\\\/kloepfel-consulting.com\\\/wp-content\\\/uploads\\\/2025\\\/04\\\/logo.webp\",\"contentUrl\":\"https:\\\/\\\/kloepfel-consulting.com\\\/wp-content\\\/uploads\\\/2025\\\/04\\\/logo.webp\",\"width\":616,\"height\":284,\"caption\":\"KLOEPFEL by EPSA\"},\"image\":{\"@id\":\"https:\\\/\\\/kloepfel-consulting.com\\\/#\\\/schema\\\/logo\\\/image\\\/\"},\"sameAs\":[\"https:\\\/\\\/www.facebook.com\\\/KloepfelGroup\",\"https:\\\/\\\/www.linkedin.com\\\/company\\\/kloepfel-consulting-gmbh\",\"https:\\\/\\\/www.instagram.com\\\/kloepfel_by_epsa\\\/\"],\"description\":\"Einkaufsberatung f\u00fcr Einkauf, Logistik und Supply Chain\",\"email\":\"info@kloepfel-consulting.com\",\"telephone\":\"+4921194198433\",\"legalName\":\"Kloepfel Consulting GmbH\",\"foundingDate\":\"2007-02-01\",\"vatID\":\"DE254132249\",\"numberOfEmployees\":{\"@type\":\"QuantitativeValue\",\"minValue\":\"51\",\"maxValue\":\"200\"}},{\"@type\":\"Person\",\"@id\":\"https:\\\/\\\/kloepfel-consulting.com\\\/#\\\/schema\\\/person\\\/2691163984d9670e417622b00a4c0f26\",\"name\":\"semprediritto\",\"image\":{\"@type\":\"ImageObject\",\"inLanguage\":\"fr-FR\",\"@id\":\"https:\\\/\\\/secure.gravatar.com\\\/avatar\\\/878f3ddb8fa2117ffa32d8a3152e4368517da61e3b89dd9bbfe39501477bf1f1?s=96&d=mm&r=g\",\"url\":\"https:\\\/\\\/secure.gravatar.com\\\/avatar\\\/878f3ddb8fa2117ffa32d8a3152e4368517da61e3b89dd9bbfe39501477bf1f1?s=96&d=mm&r=g\",\"contentUrl\":\"https:\\\/\\\/secure.gravatar.com\\\/avatar\\\/878f3ddb8fa2117ffa32d8a3152e4368517da61e3b89dd9bbfe39501477bf1f1?s=96&d=mm&r=g\",\"caption\":\"semprediritto\"},\"sameAs\":[\"https:\\\/\\\/kloepfel.sempre-diritto.de\"]}]}<\/script>\n<!-- \/ Yoast SEO Premium plugin. -->","yoast_head_json":{"title":"Wesel : un nouvel entrep\u00f4t frigorifique renforce les capacit\u00e9s logistiques de Nordfrost","description":"Le logisticien de produits surgel\u00e9s Nordfrost, l'un des leaders en Allemagne, a construit un nouvel entrep\u00f4t frigorifique sur le terminal portuaire de l'entreprise.","robots":{"index":"index","follow":"follow","max-snippet":"max-snippet:-1","max-image-preview":"max-image-preview:large","max-video-preview":"max-video-preview:-1"},"canonical":"https:\/\/kloepfel-consulting.com\/fr\/actualites-de-la-chaine-dapprovisionnement\/capacite-de-logistique-de-11702-wesel-kuehlhaus-nordfrost\/","og_locale":"fr_FR","og_type":"article","og_title":"Wesel: Neues K\u00fchlhaus st\u00e4rkt Nordfrosts Logistikkapazit\u00e4ten","og_description":"Der Tiefk\u00fchllogistiker Nordfrost, der zu den f\u00fchrenden Deutschlands z\u00e4hlt, hat ein neues K\u00fchlhaus auf dem unternehmenseigenen Hafen-Terminal in Wesel am Niederrhein errichtet. Die Er\u00f6ffnung sowie die Inbetriebnahme sind am 1. Juli planm\u00e4\u00dfig erfolgt. Ziel ist die F\u00f6rderung einer nachhaltigen Supply Chain.","og_url":"https:\/\/kloepfel-consulting.com\/fr\/actualites-de-la-chaine-dapprovisionnement\/capacite-de-logistique-de-11702-wesel-kuehlhaus-nordfrost\/","og_site_name":"KLOEPFEL by EPSA","article_publisher":"https:\/\/www.facebook.com\/KloepfelGroup","article_published_time":"2024-07-09T07:24:38+00:00","article_modified_time":"2025-08-27T09:24:38+00:00","og_image":[{"width":2200,"height":1608,"url":"https:\/\/kloepfel-consulting.com\/wp-content\/uploads\/2025\/07\/kloepfelgroup.webp","type":"image\/webp"}],"author":"semprediritto","twitter_card":"summary_large_image","twitter_title":"Nordfrosts neues K\u00fchlhaus in Wesel \u2013 Nachhaltigkeit im Fokus","twitter_description":"Erfahren Sie mehr \u00fcber Nordfrosts neues K\u00fchlhaus und seine nachhaltigen Logistikl\u00f6sungen.","twitter_misc":{"\u00c9crit par":"semprediritto","Dur\u00e9e de lecture estim\u00e9e":"2 minutes"},"schema":{"@context":"https:\/\/schema.org","@graph":[{"@type":"Article","@id":"https:\/\/kloepfel-consulting.com\/supply-chain-news\/wesel-kuehlhaus-nordfrosts-logistikkapazitaeten-11702\/#article","isPartOf":{"@id":"https:\/\/kloepfel-consulting.com\/supply-chain-news\/wesel-kuehlhaus-nordfrosts-logistikkapazitaeten-11702\/"},"author":{"name":"semprediritto","@id":"https:\/\/kloepfel-consulting.com\/#\/schema\/person\/2691163984d9670e417622b00a4c0f26"},"headline":"Wesel: Neues K\u00fchlhaus st\u00e4rkt Nordfrosts Logistikkapazit\u00e4ten","datePublished":"2024-07-09T07:24:38+00:00","dateModified":"2025-08-27T09:24:38+00:00","mainEntityOfPage":{"@id":"https:\/\/kloepfel-consulting.com\/supply-chain-news\/wesel-kuehlhaus-nordfrosts-logistikkapazitaeten-11702\/"},"wordCount":331,"commentCount":0,"publisher":{"@id":"https:\/\/kloepfel-consulting.com\/#organization"},"image":{"@id":"https:\/\/kloepfel-consulting.com\/supply-chain-news\/wesel-kuehlhaus-nordfrosts-logistikkapazitaeten-11702\/#primaryimage"},"thumbnailUrl":"https:\/\/kloepfel-consulting.com\/wp-content\/uploads\/2025\/08\/supply-chain-news-1200x630-1.webp","articleSection":["Supply Chain News"],"inLanguage":"fr-FR","potentialAction":[{"@type":"CommentAction","name":"Comment","target":["https:\/\/kloepfel-consulting.com\/supply-chain-news\/wesel-kuehlhaus-nordfrosts-logistikkapazitaeten-11702\/#respond"]}],"copyrightYear":"2024","copyrightHolder":{"@id":"https:\/\/kloepfel-consulting.com\/fr\/#organization"}},{"@type":"WebPage","@id":"https:\/\/kloepfel-consulting.com\/supply-chain-news\/wesel-kuehlhaus-nordfrosts-logistikkapazitaeten-11702\/","url":"https:\/\/kloepfel-consulting.com\/supply-chain-news\/wesel-kuehlhaus-nordfrosts-logistikkapazitaeten-11702\/","name":"Wesel : un nouvel entrep\u00f4t frigorifique renforce les capacit\u00e9s logistiques de Nordfrost","isPartOf":{"@id":"https:\/\/kloepfel-consulting.com\/#website"},"primaryImageOfPage":{"@id":"https:\/\/kloepfel-consulting.com\/supply-chain-news\/wesel-kuehlhaus-nordfrosts-logistikkapazitaeten-11702\/#primaryimage"},"image":{"@id":"https:\/\/kloepfel-consulting.com\/supply-chain-news\/wesel-kuehlhaus-nordfrosts-logistikkapazitaeten-11702\/#primaryimage"},"thumbnailUrl":"https:\/\/kloepfel-consulting.com\/wp-content\/uploads\/2025\/08\/supply-chain-news-1200x630-1.webp","datePublished":"2024-07-09T07:24:38+00:00","dateModified":"2025-08-27T09:24:38+00:00","description":"Le logisticien de produits surgel\u00e9s Nordfrost, l'un des leaders en Allemagne, a construit un nouvel entrep\u00f4t frigorifique sur le terminal portuaire de l'entreprise.","breadcrumb":{"@id":"https:\/\/kloepfel-consulting.com\/supply-chain-news\/wesel-kuehlhaus-nordfrosts-logistikkapazitaeten-11702\/#breadcrumb"},"inLanguage":"fr-FR","potentialAction":[{"@type":"ReadAction","target":["https:\/\/kloepfel-consulting.com\/supply-chain-news\/wesel-kuehlhaus-nordfrosts-logistikkapazitaeten-11702\/"]}]},{"@type":"ImageObject","inLanguage":"fr-FR","@id":"https:\/\/kloepfel-consulting.com\/supply-chain-news\/wesel-kuehlhaus-nordfrosts-logistikkapazitaeten-11702\/#primaryimage","url":"https:\/\/kloepfel-consulting.com\/wp-content\/uploads\/2025\/08\/supply-chain-news-1200x630-1.webp","contentUrl":"https:\/\/kloepfel-consulting.com\/wp-content\/uploads\/2025\/08\/supply-chain-news-1200x630-1.webp","width":1200,"height":630,"caption":"Grafik mit dem Titel 'Supply Chain News'."},{"@type":"BreadcrumbList","@id":"https:\/\/kloepfel-consulting.com\/supply-chain-news\/wesel-kuehlhaus-nordfrosts-logistikkapazitaeten-11702\/#breadcrumb","itemListElement":[{"@type":"ListItem","position":1,"name":"Startseite","item":"https:\/\/kloepfel-consulting.com\/"},{"@type":"ListItem","position":2,"name":"Logistikoptimierung","item":"https:\/\/kloepfel-consulting.com\/zuordnung-landingpage\/logistikoptimierung\/"},{"@type":"ListItem","position":3,"name":"Wesel: Neues K\u00fchlhaus st\u00e4rkt Nordfrosts Logistikkapazit\u00e4ten"}]},{"@type":"WebSite","@id":"https:\/\/kloepfel-consulting.com\/#website","url":"https:\/\/kloepfel-consulting.com\/","name":"KLOEPFEL by EPSA","description":"","publisher":{"@id":"https:\/\/kloepfel-consulting.com\/#organization"},"alternateName":"KLOEPFELbyEPSA","potentialAction":[{"@type":"SearchAction","target":{"@type":"EntryPoint","urlTemplate":"https:\/\/kloepfel-consulting.com\/?s={search_term_string}"},"query-input":{"@type":"PropertyValueSpecification","valueRequired":true,"valueName":"search_term_string"}}],"inLanguage":"fr-FR"},{"@type":"Organization","@id":"https:\/\/kloepfel-consulting.com\/#organization","name":"KLOEPFEL by EPSA","alternateName":"KLOEPFELbyEPSA","url":"https:\/\/kloepfel-consulting.com\/","logo":{"@type":"ImageObject","inLanguage":"fr-FR","@id":"https:\/\/kloepfel-consulting.com\/#\/schema\/logo\/image\/","url":"https:\/\/kloepfel-consulting.com\/wp-content\/uploads\/2025\/04\/logo.webp","contentUrl":"https:\/\/kloepfel-consulting.com\/wp-content\/uploads\/2025\/04\/logo.webp","width":616,"height":284,"caption":"KLOEPFEL by EPSA"},"image":{"@id":"https:\/\/kloepfel-consulting.com\/#\/schema\/logo\/image\/"},"sameAs":["https:\/\/www.facebook.com\/KloepfelGroup","https:\/\/www.linkedin.com\/company\/kloepfel-consulting-gmbh","https:\/\/www.instagram.com\/kloepfel_by_epsa\/"],"description":"Conseil d'achat pour l'approvisionnement, la logistique et la cha\u00eene d'approvisionnement","email":"info@kloepfel-consulting.com","telephone":"+4921194198433","legalName":"Kloepfel Consulting GmbH","foundingDate":"2007-02-01","vatID":"DE254132249","numberOfEmployees":{"@type":"QuantitativeValue","minValue":"51","maxValue":"200"}},{"@type":"Person","@id":"https:\/\/kloepfel-consulting.com\/#\/schema\/person\/2691163984d9670e417622b00a4c0f26","name":"Toujours le droit","image":{"@type":"ImageObject","inLanguage":"fr-FR","@id":"https:\/\/secure.gravatar.com\/avatar\/878f3ddb8fa2117ffa32d8a3152e4368517da61e3b89dd9bbfe39501477bf1f1?s=96&d=mm&r=g","url":"https:\/\/secure.gravatar.com\/avatar\/878f3ddb8fa2117ffa32d8a3152e4368517da61e3b89dd9bbfe39501477bf1f1?s=96&d=mm&r=g","contentUrl":"https:\/\/secure.gravatar.com\/avatar\/878f3ddb8fa2117ffa32d8a3152e4368517da61e3b89dd9bbfe39501477bf1f1?s=96&d=mm&r=g","caption":"semprediritto"},"sameAs":["https:\/\/kloepfel.sempre-diritto.de"]}]}},"_links":{"self":[{"href":"https:\/\/kloepfel-consulting.com\/fr\/wp-json\/wp\/v2\/posts\/11702","targetHints":{"allow":["GET"]}}],"collection":[{"href":"https:\/\/kloepfel-consulting.com\/fr\/wp-json\/wp\/v2\/posts"}],"about":[{"href":"https:\/\/kloepfel-consulting.com\/fr\/wp-json\/wp\/v2\/types\/post"}],"author":[{"embeddable":true,"href":"https:\/\/kloepfel-consulting.com\/fr\/wp-json\/wp\/v2\/users\/1"}],"replies":[{"embeddable":true,"href":"https:\/\/kloepfel-consulting.com\/fr\/wp-json\/wp\/v2\/comments?post=11702"}],"version-history":[{"count":2,"href":"https:\/\/kloepfel-consulting.com\/fr\/wp-json\/wp\/v2\/posts\/11702\/revisions"}],"predecessor-version":[{"id":14648,"href":"https:\/\/kloepfel-consulting.com\/fr\/wp-json\/wp\/v2\/posts\/11702\/revisions\/14648"}],"wp:featuredmedia":[{"embeddable":true,"href":"https:\/\/kloepfel-consulting.com\/fr\/wp-json\/wp\/v2\/media\/11045"}],"wp:attachment":[{"href":"https:\/\/kloepfel-consulting.com\/fr\/wp-json\/wp\/v2\/media?parent=11702"}],"wp:term":[{"taxonomy":"category","embeddable":true,"href":"https:\/\/kloepfel-consulting.com\/fr\/wp-json\/wp\/v2\/categories?post=11702"},{"taxonomy":"post_tag","embeddable":true,"href":"https:\/\/kloepfel-consulting.com\/fr\/wp-json\/wp\/v2\/tags?post=11702"},{"taxonomy":"referenzkategorie","embeddable":true,"href":"https:\/\/kloepfel-consulting.com\/fr\/wp-json\/wp\/v2\/referenzkategorie?post=11702"}],"curies":[{"name":"wp","href":"https:\/\/api.w.org\/{rel}","templated":true}]}}