{"id":11714,"date":"2024-07-15T09:24:40","date_gmt":"2024-07-15T07:24:40","guid":{"rendered":"https:\/\/kloepfel.sempre-diritto.de\/2024\/07\/15\/audi-produktionsstaette-bruessel-herausforderungen\/"},"modified":"2025-08-27T11:24:40","modified_gmt":"2025-08-27T09:24:40","slug":"usines-audi-bruxelles-defis","status":"publish","type":"post","link":"https:\/\/kloepfel-consulting.com\/fr\/supply-chain-news\/audi-produktionsstaette-bruessel-herausforderungen-11714\/","title":{"rendered":"Audi : le site de production de Bruxelles face \u00e0 des d\u00e9fis"},"content":{"rendered":"<h2>Importante baisse de la demande pour la s\u00e9rie de mod\u00e8les Q8 e-tron<\/h2>\n<p>Le constructeur automobile <a href=\"https:\/\/kloepfel-consulting.com\/fr\/actualites-de-la-chaine-dapprovisionnement\/unternehmen\/audi-neuen-chefdesigner-7991010\/\" rel=\"noopener\" target=\"_blank\">Audi<\/a> produit actuellement sur son site de Bruxelles le mod\u00e8le Q8 e-tron, qui marque l'entr\u00e9e d'Audi dans la <strong>Mobilit\u00e9 \u00e9lectrique<\/strong> a \u00e9t\u00e9 marqu\u00e9. La production de ce mod\u00e8le a d\u00e9but\u00e9 en 2018 et a connu une forte demande au d\u00e9but. Actuellement, Audi a toutefois <em>Baisse de la demande<\/em> du Q8 e-tron, car de nouveaux mod\u00e8les ont \u00e9t\u00e9 lanc\u00e9s sur le march\u00e9. Par cons\u00e9quent, les <em>Entr\u00e9es de commandes<\/em> forte. <\/p>\n<p>Selon les informations fournies, cela a un impact important sur le site de production de Bruxelles, qui est d\u00e9j\u00e0 confront\u00e9 \u00e0 des d\u00e9fis. Il s'agit notamment d'efforts logistiques importants, qui sont li\u00e9s \u00e0 des co\u00fbts de production \u00e9lev\u00e9s. De plus, le site de production est tr\u00e8s proche de la ville, ce qui limite les changements r\u00e9alisables. <\/p>\n<p>Pour ces raisons, Audi envisage d'arr\u00eater pr\u00e9matur\u00e9ment la production de la s\u00e9rie de mod\u00e8les Q8 e-tron.<\/p>\n<h3>Effets n\u00e9gatifs sur les collaborateurs<\/h3>\n<p>Un arr\u00eat pr\u00e9matur\u00e9 de la production aurait toutefois des cons\u00e9quences n\u00e9gatives sur l'emploi sur le site. C'est pourquoi le conseil d'administration d'Audi Brussels a fait part au conseil d'entreprise de l'id\u00e9e de restructurer le site. Cela entra\u00eene le lancement du processus d'information et de consultation avec le conseil d'entreprise. <\/p>\n<p>Audi annonce que la direction de l'entreprise va travailler en collaboration avec les partenaires comp\u00e9tents pour trouver des solutions pour le site et ses employ\u00e9s.<\/p>\n<p>Volker Germann, CEO d'Audi Brussels, souligne : \u201eL'annonce de l'intention n'est pas encore une d\u00e9cision finale. N\u00e9anmoins, cette nouvelle \u00e9meut beaucoup le personnel de Bruxelles et moi-m\u00eame. Il est important d'avoir un dialogue transparent et constructif dans le processus qui va maintenant suivre. Nous prendrons en compte toutes les perspectives\u201c.\u201c<\/p>\n<p>Selon les indications d'Audi, la repr\u00e9sentation des travailleurs d'AUDI AG exige une solution d'avenir pour toutes les personnes concern\u00e9es. La direction d'Audi doit prendre ses responsabilit\u00e9s pour le site.<\/p>","protected":false},"excerpt":{"rendered":"<p>Gro\u00dfer Nachfrager\u00fcckgang der Modellreihe Q8 e-tron Der Automobilhersteller Audi produziert derzeit am Standort in Br\u00fcssel das Modell Q8 e-tron, welches den Einstieg von Audi in die Elektromobilit\u00e4t markiert. Die Produktion dieses Modells startete im Jahr 2018 und wies zu Beginn eine gro\u00dfe Nachfrage auf. Aktuell hat Audi jedoch einen Nachfrager\u00fcckgang des Q8 e-tron vermerkt, da [&hellip;]<\/p>\n","protected":false},"author":1,"featured_media":11715,"comment_status":"open","ping_status":"open","sticky":false,"template":"","format":"standard","meta":{"_acf_changed":false,"footnotes":""},"categories":[88],"tags":[],"referenzkategorie":[],"class_list":["post-11714","post","type-post","status-publish","format-standard","has-post-thumbnail","hentry","category-supply-chain-news"],"acf":[],"yoast_head":"<!-- This site is optimized with the Yoast SEO Premium plugin v27.5 (Yoast SEO v27.5) - https:\/\/yoast.com\/product\/yoast-seo-premium-wordpress\/ -->\n<title>Audi: Produktionsst\u00e4tte Br\u00fcssel vor Herausforderungen<\/title>\n<meta name=\"description\" content=\"Der Automobilhersteller Audi produziert derzeit am Standort in Br\u00fcssel das Modell Q8 e-tron, welches den Einstieg von Audi in die\" \/>\n<meta name=\"robots\" content=\"index, follow, max-snippet:-1, max-image-preview:large, max-video-preview:-1\" \/>\n<link rel=\"canonical\" href=\"https:\/\/kloepfel-consulting.com\/fr\/actualites-de-la-chaine-dapprovisionnement\/usine-de-production-audi-bruxelles-defis-11714\/\" \/>\n<meta property=\"og:locale\" content=\"fr_FR\" \/>\n<meta property=\"og:type\" content=\"article\" \/>\n<meta property=\"og:title\" content=\"Audi: Produktionsst\u00e4tte Br\u00fcssel vor Herausforderungen\" \/>\n<meta property=\"og:description\" content=\"Der Automobilhersteller Audi produziert derzeit am Standort in Br\u00fcssel das Modell Q8 e-tron, welches den Einstieg von Audi in die Elektromobilit\u00e4t markiert. Die Produktion dieses Modells startete im Jahr 2018 und wies zu Beginn eine gro\u00dfe Nachfrage auf. Aktuell hat Audi jedoch einen Nachfrager\u00fcckgang des Q8 e-tron vermerkt, da neue Modelle auf den Markt gebracht wurden. Folglich sinken die Auftragseing\u00e4nge stark.\" \/>\n<meta property=\"og:url\" content=\"https:\/\/kloepfel-consulting.com\/fr\/actualites-de-la-chaine-dapprovisionnement\/usine-de-production-audi-bruxelles-defis-11714\/\" \/>\n<meta property=\"og:site_name\" content=\"KLOEPFEL by EPSA\" \/>\n<meta property=\"article:publisher\" content=\"https:\/\/www.facebook.com\/KloepfelGroup\" \/>\n<meta property=\"article:published_time\" content=\"2024-07-15T07:24:40+00:00\" \/>\n<meta property=\"article:modified_time\" content=\"2025-08-27T09:24:40+00:00\" \/>\n<meta property=\"og:image\" content=\"https:\/\/kloepfel-consulting.com\/wp-content\/uploads\/2025\/07\/kloepfelgroup.webp\" \/>\n\t<meta property=\"og:image:width\" content=\"2200\" \/>\n\t<meta property=\"og:image:height\" content=\"1608\" \/>\n\t<meta property=\"og:image:type\" content=\"image\/webp\" \/>\n<meta name=\"author\" content=\"semprediritto\" \/>\n<meta name=\"twitter:card\" content=\"summary_large_image\" \/>\n<meta name=\"twitter:title\" content=\"Audi Q8 e-tron: Herausforderungen in Br\u00fcssel\" \/>\n<meta name=\"twitter:description\" content=\"Der R\u00fcckgang der Nachfrage beim Audi Q8 e-tron hat Auswirkungen. Informieren Sie sich jetzt \u00fcber die Situation in Br\u00fcssel.\" \/>\n<meta name=\"twitter:label1\" content=\"\u00c9crit par\" \/>\n\t<meta name=\"twitter:data1\" content=\"semprediritto\" \/>\n\t<meta name=\"twitter:label2\" content=\"Dur\u00e9e de lecture estim\u00e9e\" \/>\n\t<meta name=\"twitter:data2\" content=\"1 minute\" \/>\n<script type=\"application\/ld+json\" class=\"yoast-schema-graph\">{\"@context\":\"https:\\\/\\\/schema.org\",\"@graph\":[{\"@type\":\"Article\",\"@id\":\"https:\\\/\\\/kloepfel-consulting.com\\\/en\\\/supply-chain-news\\\/audi-produktionsstaette-bruessel-herausforderungen-11714\\\/#article\",\"isPartOf\":{\"@id\":\"https:\\\/\\\/kloepfel-consulting.com\\\/en\\\/supply-chain-news\\\/audi-produktionsstaette-bruessel-herausforderungen-11714\\\/\"},\"author\":{\"name\":\"semprediritto\",\"@id\":\"https:\\\/\\\/kloepfel-consulting.com\\\/#\\\/schema\\\/person\\\/2691163984d9670e417622b00a4c0f26\"},\"headline\":\"Audi: Produktionsst\u00e4tte Br\u00fcssel vor Herausforderungen\",\"datePublished\":\"2024-07-15T07:24:40+00:00\",\"dateModified\":\"2025-08-27T09:24:40+00:00\",\"mainEntityOfPage\":{\"@id\":\"https:\\\/\\\/kloepfel-consulting.com\\\/en\\\/supply-chain-news\\\/audi-produktionsstaette-bruessel-herausforderungen-11714\\\/\"},\"wordCount\":304,\"commentCount\":0,\"publisher\":{\"@id\":\"https:\\\/\\\/kloepfel-consulting.com\\\/#organization\"},\"image\":{\"@id\":\"https:\\\/\\\/kloepfel-consulting.com\\\/en\\\/supply-chain-news\\\/audi-produktionsstaette-bruessel-herausforderungen-11714\\\/#primaryimage\"},\"thumbnailUrl\":\"https:\\\/\\\/kloepfel-consulting.com\\\/wp-content\\\/uploads\\\/2025\\\/08\\\/Presse_Audi-Bruessel-scaled-1.jpg\",\"articleSection\":[\"Supply Chain News\"],\"inLanguage\":\"fr-FR\",\"potentialAction\":[{\"@type\":\"CommentAction\",\"name\":\"Comment\",\"target\":[\"https:\\\/\\\/kloepfel-consulting.com\\\/en\\\/supply-chain-news\\\/audi-produktionsstaette-bruessel-herausforderungen-11714\\\/#respond\"]}],\"copyrightYear\":\"2024\",\"copyrightHolder\":{\"@id\":\"https:\\\/\\\/kloepfel-consulting.com\\\/fr\\\/#organization\"}},{\"@type\":\"WebPage\",\"@id\":\"https:\\\/\\\/kloepfel-consulting.com\\\/en\\\/supply-chain-news\\\/audi-produktionsstaette-bruessel-herausforderungen-11714\\\/\",\"url\":\"https:\\\/\\\/kloepfel-consulting.com\\\/en\\\/supply-chain-news\\\/audi-produktionsstaette-bruessel-herausforderungen-11714\\\/\",\"name\":\"Audi: Produktionsst\u00e4tte Br\u00fcssel vor Herausforderungen\",\"isPartOf\":{\"@id\":\"https:\\\/\\\/kloepfel-consulting.com\\\/#website\"},\"primaryImageOfPage\":{\"@id\":\"https:\\\/\\\/kloepfel-consulting.com\\\/en\\\/supply-chain-news\\\/audi-produktionsstaette-bruessel-herausforderungen-11714\\\/#primaryimage\"},\"image\":{\"@id\":\"https:\\\/\\\/kloepfel-consulting.com\\\/en\\\/supply-chain-news\\\/audi-produktionsstaette-bruessel-herausforderungen-11714\\\/#primaryimage\"},\"thumbnailUrl\":\"https:\\\/\\\/kloepfel-consulting.com\\\/wp-content\\\/uploads\\\/2025\\\/08\\\/Presse_Audi-Bruessel-scaled-1.jpg\",\"datePublished\":\"2024-07-15T07:24:40+00:00\",\"dateModified\":\"2025-08-27T09:24:40+00:00\",\"description\":\"Der Automobilhersteller Audi produziert derzeit am Standort in Br\u00fcssel das Modell Q8 e-tron, welches den Einstieg von Audi in die\",\"breadcrumb\":{\"@id\":\"https:\\\/\\\/kloepfel-consulting.com\\\/en\\\/supply-chain-news\\\/audi-produktionsstaette-bruessel-herausforderungen-11714\\\/#breadcrumb\"},\"inLanguage\":\"fr-FR\",\"potentialAction\":[{\"@type\":\"ReadAction\",\"target\":[\"https:\\\/\\\/kloepfel-consulting.com\\\/en\\\/supply-chain-news\\\/audi-produktionsstaette-bruessel-herausforderungen-11714\\\/\"]}]},{\"@type\":\"ImageObject\",\"inLanguage\":\"fr-FR\",\"@id\":\"https:\\\/\\\/kloepfel-consulting.com\\\/en\\\/supply-chain-news\\\/audi-produktionsstaette-bruessel-herausforderungen-11714\\\/#primaryimage\",\"url\":\"https:\\\/\\\/kloepfel-consulting.com\\\/wp-content\\\/uploads\\\/2025\\\/08\\\/Presse_Audi-Bruessel-scaled-1.jpg\",\"contentUrl\":\"https:\\\/\\\/kloepfel-consulting.com\\\/wp-content\\\/uploads\\\/2025\\\/08\\\/Presse_Audi-Bruessel-scaled-1.jpg\",\"width\":2560,\"height\":1440,\"caption\":\"Luftaufnahme eines Industriegebiets mit Solaranlagen.\"},{\"@type\":\"BreadcrumbList\",\"@id\":\"https:\\\/\\\/kloepfel-consulting.com\\\/en\\\/supply-chain-news\\\/audi-produktionsstaette-bruessel-herausforderungen-11714\\\/#breadcrumb\",\"itemListElement\":[{\"@type\":\"ListItem\",\"position\":1,\"name\":\"Startseite\",\"item\":\"https:\\\/\\\/kloepfel-consulting.com\\\/\"},{\"@type\":\"ListItem\",\"position\":2,\"name\":\"Logistikoptimierung\",\"item\":\"https:\\\/\\\/kloepfel-consulting.com\\\/zuordnung-landingpage\\\/logistikoptimierung\\\/\"},{\"@type\":\"ListItem\",\"position\":3,\"name\":\"Audi: Produktionsst\u00e4tte Br\u00fcssel vor Herausforderungen\"}]},{\"@type\":\"WebSite\",\"@id\":\"https:\\\/\\\/kloepfel-consulting.com\\\/#website\",\"url\":\"https:\\\/\\\/kloepfel-consulting.com\\\/\",\"name\":\"KLOEPFEL by EPSA\",\"description\":\"\",\"publisher\":{\"@id\":\"https:\\\/\\\/kloepfel-consulting.com\\\/#organization\"},\"alternateName\":\"KLOEPFELbyEPSA\",\"potentialAction\":[{\"@type\":\"SearchAction\",\"target\":{\"@type\":\"EntryPoint\",\"urlTemplate\":\"https:\\\/\\\/kloepfel-consulting.com\\\/?s={search_term_string}\"},\"query-input\":{\"@type\":\"PropertyValueSpecification\",\"valueRequired\":true,\"valueName\":\"search_term_string\"}}],\"inLanguage\":\"fr-FR\"},{\"@type\":\"Organization\",\"@id\":\"https:\\\/\\\/kloepfel-consulting.com\\\/#organization\",\"name\":\"KLOEPFEL by EPSA\",\"alternateName\":\"KLOEPFELbyEPSA\",\"url\":\"https:\\\/\\\/kloepfel-consulting.com\\\/\",\"logo\":{\"@type\":\"ImageObject\",\"inLanguage\":\"fr-FR\",\"@id\":\"https:\\\/\\\/kloepfel-consulting.com\\\/#\\\/schema\\\/logo\\\/image\\\/\",\"url\":\"https:\\\/\\\/kloepfel-consulting.com\\\/wp-content\\\/uploads\\\/2025\\\/04\\\/logo.webp\",\"contentUrl\":\"https:\\\/\\\/kloepfel-consulting.com\\\/wp-content\\\/uploads\\\/2025\\\/04\\\/logo.webp\",\"width\":616,\"height\":284,\"caption\":\"KLOEPFEL by EPSA\"},\"image\":{\"@id\":\"https:\\\/\\\/kloepfel-consulting.com\\\/#\\\/schema\\\/logo\\\/image\\\/\"},\"sameAs\":[\"https:\\\/\\\/www.facebook.com\\\/KloepfelGroup\",\"https:\\\/\\\/www.linkedin.com\\\/company\\\/kloepfel-consulting-gmbh\",\"https:\\\/\\\/www.instagram.com\\\/kloepfel_by_epsa\\\/\"],\"description\":\"Einkaufsberatung f\u00fcr Einkauf, Logistik und Supply Chain\",\"email\":\"info@kloepfel-consulting.com\",\"telephone\":\"+4921194198433\",\"legalName\":\"Kloepfel Consulting GmbH\",\"foundingDate\":\"2007-02-01\",\"vatID\":\"DE254132249\",\"numberOfEmployees\":{\"@type\":\"QuantitativeValue\",\"minValue\":\"51\",\"maxValue\":\"200\"}},{\"@type\":\"Person\",\"@id\":\"https:\\\/\\\/kloepfel-consulting.com\\\/#\\\/schema\\\/person\\\/2691163984d9670e417622b00a4c0f26\",\"name\":\"semprediritto\",\"image\":{\"@type\":\"ImageObject\",\"inLanguage\":\"fr-FR\",\"@id\":\"https:\\\/\\\/secure.gravatar.com\\\/avatar\\\/878f3ddb8fa2117ffa32d8a3152e4368517da61e3b89dd9bbfe39501477bf1f1?s=96&d=mm&r=g\",\"url\":\"https:\\\/\\\/secure.gravatar.com\\\/avatar\\\/878f3ddb8fa2117ffa32d8a3152e4368517da61e3b89dd9bbfe39501477bf1f1?s=96&d=mm&r=g\",\"contentUrl\":\"https:\\\/\\\/secure.gravatar.com\\\/avatar\\\/878f3ddb8fa2117ffa32d8a3152e4368517da61e3b89dd9bbfe39501477bf1f1?s=96&d=mm&r=g\",\"caption\":\"semprediritto\"},\"sameAs\":[\"https:\\\/\\\/kloepfel.sempre-diritto.de\"]}]}<\/script>\n<!-- \/ Yoast SEO Premium plugin. -->","yoast_head_json":{"title":"Audi : le site de production de Bruxelles face \u00e0 des d\u00e9fis","description":"Le constructeur automobile Audi produit actuellement sur son site de Bruxelles le mod\u00e8le Q8 e-tron, qui marque l'entr\u00e9e d'Audi dans la","robots":{"index":"index","follow":"follow","max-snippet":"max-snippet:-1","max-image-preview":"max-image-preview:large","max-video-preview":"max-video-preview:-1"},"canonical":"https:\/\/kloepfel-consulting.com\/fr\/actualites-de-la-chaine-dapprovisionnement\/usine-de-production-audi-bruxelles-defis-11714\/","og_locale":"fr_FR","og_type":"article","og_title":"Audi: Produktionsst\u00e4tte Br\u00fcssel vor Herausforderungen","og_description":"Der Automobilhersteller Audi produziert derzeit am Standort in Br\u00fcssel das Modell Q8 e-tron, welches den Einstieg von Audi in die Elektromobilit\u00e4t markiert. Die Produktion dieses Modells startete im Jahr 2018 und wies zu Beginn eine gro\u00dfe Nachfrage auf. Aktuell hat Audi jedoch einen Nachfrager\u00fcckgang des Q8 e-tron vermerkt, da neue Modelle auf den Markt gebracht wurden. Folglich sinken die Auftragseing\u00e4nge stark.","og_url":"https:\/\/kloepfel-consulting.com\/fr\/actualites-de-la-chaine-dapprovisionnement\/usine-de-production-audi-bruxelles-defis-11714\/","og_site_name":"KLOEPFEL by EPSA","article_publisher":"https:\/\/www.facebook.com\/KloepfelGroup","article_published_time":"2024-07-15T07:24:40+00:00","article_modified_time":"2025-08-27T09:24:40+00:00","og_image":[{"width":2200,"height":1608,"url":"https:\/\/kloepfel-consulting.com\/wp-content\/uploads\/2025\/07\/kloepfelgroup.webp","type":"image\/webp"}],"author":"semprediritto","twitter_card":"summary_large_image","twitter_title":"Audi Q8 e-tron: Herausforderungen in Br\u00fcssel","twitter_description":"Der R\u00fcckgang der Nachfrage beim Audi Q8 e-tron hat Auswirkungen. Informieren Sie sich jetzt \u00fcber die Situation in Br\u00fcssel.","twitter_misc":{"\u00c9crit par":"semprediritto","Dur\u00e9e de lecture estim\u00e9e":"1 minute"},"schema":{"@context":"https:\/\/schema.org","@graph":[{"@type":"Article","@id":"https:\/\/kloepfel-consulting.com\/en\/supply-chain-news\/audi-produktionsstaette-bruessel-herausforderungen-11714\/#article","isPartOf":{"@id":"https:\/\/kloepfel-consulting.com\/en\/supply-chain-news\/audi-produktionsstaette-bruessel-herausforderungen-11714\/"},"author":{"name":"semprediritto","@id":"https:\/\/kloepfel-consulting.com\/#\/schema\/person\/2691163984d9670e417622b00a4c0f26"},"headline":"Audi: Produktionsst\u00e4tte Br\u00fcssel vor Herausforderungen","datePublished":"2024-07-15T07:24:40+00:00","dateModified":"2025-08-27T09:24:40+00:00","mainEntityOfPage":{"@id":"https:\/\/kloepfel-consulting.com\/en\/supply-chain-news\/audi-produktionsstaette-bruessel-herausforderungen-11714\/"},"wordCount":304,"commentCount":0,"publisher":{"@id":"https:\/\/kloepfel-consulting.com\/#organization"},"image":{"@id":"https:\/\/kloepfel-consulting.com\/en\/supply-chain-news\/audi-produktionsstaette-bruessel-herausforderungen-11714\/#primaryimage"},"thumbnailUrl":"https:\/\/kloepfel-consulting.com\/wp-content\/uploads\/2025\/08\/Presse_Audi-Bruessel-scaled-1.jpg","articleSection":["Supply Chain News"],"inLanguage":"fr-FR","potentialAction":[{"@type":"CommentAction","name":"Comment","target":["https:\/\/kloepfel-consulting.com\/en\/supply-chain-news\/audi-produktionsstaette-bruessel-herausforderungen-11714\/#respond"]}],"copyrightYear":"2024","copyrightHolder":{"@id":"https:\/\/kloepfel-consulting.com\/fr\/#organization"}},{"@type":"WebPage","@id":"https:\/\/kloepfel-consulting.com\/en\/supply-chain-news\/audi-produktionsstaette-bruessel-herausforderungen-11714\/","url":"https:\/\/kloepfel-consulting.com\/en\/supply-chain-news\/audi-produktionsstaette-bruessel-herausforderungen-11714\/","name":"Audi : le site de production de Bruxelles face \u00e0 des d\u00e9fis","isPartOf":{"@id":"https:\/\/kloepfel-consulting.com\/#website"},"primaryImageOfPage":{"@id":"https:\/\/kloepfel-consulting.com\/en\/supply-chain-news\/audi-produktionsstaette-bruessel-herausforderungen-11714\/#primaryimage"},"image":{"@id":"https:\/\/kloepfel-consulting.com\/en\/supply-chain-news\/audi-produktionsstaette-bruessel-herausforderungen-11714\/#primaryimage"},"thumbnailUrl":"https:\/\/kloepfel-consulting.com\/wp-content\/uploads\/2025\/08\/Presse_Audi-Bruessel-scaled-1.jpg","datePublished":"2024-07-15T07:24:40+00:00","dateModified":"2025-08-27T09:24:40+00:00","description":"Le constructeur automobile Audi produit actuellement sur son site de Bruxelles le mod\u00e8le Q8 e-tron, qui marque l'entr\u00e9e d'Audi dans la","breadcrumb":{"@id":"https:\/\/kloepfel-consulting.com\/en\/supply-chain-news\/audi-produktionsstaette-bruessel-herausforderungen-11714\/#breadcrumb"},"inLanguage":"fr-FR","potentialAction":[{"@type":"ReadAction","target":["https:\/\/kloepfel-consulting.com\/en\/supply-chain-news\/audi-produktionsstaette-bruessel-herausforderungen-11714\/"]}]},{"@type":"ImageObject","inLanguage":"fr-FR","@id":"https:\/\/kloepfel-consulting.com\/en\/supply-chain-news\/audi-produktionsstaette-bruessel-herausforderungen-11714\/#primaryimage","url":"https:\/\/kloepfel-consulting.com\/wp-content\/uploads\/2025\/08\/Presse_Audi-Bruessel-scaled-1.jpg","contentUrl":"https:\/\/kloepfel-consulting.com\/wp-content\/uploads\/2025\/08\/Presse_Audi-Bruessel-scaled-1.jpg","width":2560,"height":1440,"caption":"Luftaufnahme eines Industriegebiets mit Solaranlagen."},{"@type":"BreadcrumbList","@id":"https:\/\/kloepfel-consulting.com\/en\/supply-chain-news\/audi-produktionsstaette-bruessel-herausforderungen-11714\/#breadcrumb","itemListElement":[{"@type":"ListItem","position":1,"name":"Startseite","item":"https:\/\/kloepfel-consulting.com\/"},{"@type":"ListItem","position":2,"name":"Logistikoptimierung","item":"https:\/\/kloepfel-consulting.com\/zuordnung-landingpage\/logistikoptimierung\/"},{"@type":"ListItem","position":3,"name":"Audi: Produktionsst\u00e4tte Br\u00fcssel vor Herausforderungen"}]},{"@type":"WebSite","@id":"https:\/\/kloepfel-consulting.com\/#website","url":"https:\/\/kloepfel-consulting.com\/","name":"KLOEPFEL by EPSA","description":"","publisher":{"@id":"https:\/\/kloepfel-consulting.com\/#organization"},"alternateName":"KLOEPFELbyEPSA","potentialAction":[{"@type":"SearchAction","target":{"@type":"EntryPoint","urlTemplate":"https:\/\/kloepfel-consulting.com\/?s={search_term_string}"},"query-input":{"@type":"PropertyValueSpecification","valueRequired":true,"valueName":"search_term_string"}}],"inLanguage":"fr-FR"},{"@type":"Organization","@id":"https:\/\/kloepfel-consulting.com\/#organization","name":"KLOEPFEL by EPSA","alternateName":"KLOEPFELbyEPSA","url":"https:\/\/kloepfel-consulting.com\/","logo":{"@type":"ImageObject","inLanguage":"fr-FR","@id":"https:\/\/kloepfel-consulting.com\/#\/schema\/logo\/image\/","url":"https:\/\/kloepfel-consulting.com\/wp-content\/uploads\/2025\/04\/logo.webp","contentUrl":"https:\/\/kloepfel-consulting.com\/wp-content\/uploads\/2025\/04\/logo.webp","width":616,"height":284,"caption":"KLOEPFEL by EPSA"},"image":{"@id":"https:\/\/kloepfel-consulting.com\/#\/schema\/logo\/image\/"},"sameAs":["https:\/\/www.facebook.com\/KloepfelGroup","https:\/\/www.linkedin.com\/company\/kloepfel-consulting-gmbh","https:\/\/www.instagram.com\/kloepfel_by_epsa\/"],"description":"Conseil d'achat pour l'approvisionnement, la logistique et la cha\u00eene d'approvisionnement","email":"info@kloepfel-consulting.com","telephone":"+4921194198433","legalName":"Kloepfel Consulting GmbH","foundingDate":"2007-02-01","vatID":"DE254132249","numberOfEmployees":{"@type":"QuantitativeValue","minValue":"51","maxValue":"200"}},{"@type":"Person","@id":"https:\/\/kloepfel-consulting.com\/#\/schema\/person\/2691163984d9670e417622b00a4c0f26","name":"Toujours le droit","image":{"@type":"ImageObject","inLanguage":"fr-FR","@id":"https:\/\/secure.gravatar.com\/avatar\/878f3ddb8fa2117ffa32d8a3152e4368517da61e3b89dd9bbfe39501477bf1f1?s=96&d=mm&r=g","url":"https:\/\/secure.gravatar.com\/avatar\/878f3ddb8fa2117ffa32d8a3152e4368517da61e3b89dd9bbfe39501477bf1f1?s=96&d=mm&r=g","contentUrl":"https:\/\/secure.gravatar.com\/avatar\/878f3ddb8fa2117ffa32d8a3152e4368517da61e3b89dd9bbfe39501477bf1f1?s=96&d=mm&r=g","caption":"semprediritto"},"sameAs":["https:\/\/kloepfel.sempre-diritto.de"]}]}},"_links":{"self":[{"href":"https:\/\/kloepfel-consulting.com\/fr\/wp-json\/wp\/v2\/posts\/11714","targetHints":{"allow":["GET"]}}],"collection":[{"href":"https:\/\/kloepfel-consulting.com\/fr\/wp-json\/wp\/v2\/posts"}],"about":[{"href":"https:\/\/kloepfel-consulting.com\/fr\/wp-json\/wp\/v2\/types\/post"}],"author":[{"embeddable":true,"href":"https:\/\/kloepfel-consulting.com\/fr\/wp-json\/wp\/v2\/users\/1"}],"replies":[{"embeddable":true,"href":"https:\/\/kloepfel-consulting.com\/fr\/wp-json\/wp\/v2\/comments?post=11714"}],"version-history":[{"count":2,"href":"https:\/\/kloepfel-consulting.com\/fr\/wp-json\/wp\/v2\/posts\/11714\/revisions"}],"predecessor-version":[{"id":14653,"href":"https:\/\/kloepfel-consulting.com\/fr\/wp-json\/wp\/v2\/posts\/11714\/revisions\/14653"}],"wp:featuredmedia":[{"embeddable":true,"href":"https:\/\/kloepfel-consulting.com\/fr\/wp-json\/wp\/v2\/media\/11715"}],"wp:attachment":[{"href":"https:\/\/kloepfel-consulting.com\/fr\/wp-json\/wp\/v2\/media?parent=11714"}],"wp:term":[{"taxonomy":"category","embeddable":true,"href":"https:\/\/kloepfel-consulting.com\/fr\/wp-json\/wp\/v2\/categories?post=11714"},{"taxonomy":"post_tag","embeddable":true,"href":"https:\/\/kloepfel-consulting.com\/fr\/wp-json\/wp\/v2\/tags?post=11714"},{"taxonomy":"referenzkategorie","embeddable":true,"href":"https:\/\/kloepfel-consulting.com\/fr\/wp-json\/wp\/v2\/referenzkategorie?post=11714"}],"curies":[{"name":"wp","href":"https:\/\/api.w.org\/{rel}","templated":true}]}}