{"id":11731,"date":"2024-07-24T09:24:42","date_gmt":"2024-07-24T07:24:42","guid":{"rendered":"https:\/\/kloepfel.sempre-diritto.de\/2024\/07\/24\/theo-mueller-investiert-aretsried\/"},"modified":"2025-08-27T11:24:42","modified_gmt":"2025-08-27T09:24:42","slug":"theo-mueller-investit-a-aretsried","status":"publish","type":"post","link":"https:\/\/kloepfel-consulting.com\/fr\/supply-chain-news\/theo-mueller-investiert-aretsried-11731\/","title":{"rendered":"Theo M\u00fcller investit \u00e0 Aretsried"},"content":{"rendered":"<h2>B\u00e2timent de production de yaourt en verre<\/h2>\n<p>Le groupe d'entreprises <a href=\"https:\/\/kloepfel-consulting.com\/fr\/actualites-de-la-chaine-dapprovisionnement\/chaine-dapprovisionnement\/culina-group-kauft-greenwhitestar-2747659\/\" rel=\"noopener\" target=\"_blank\">Th\u00e9o M\u00fclle<\/a>r construit \u00e0 Aretsried, en Souabe, un nouveau <em>B\u00e2timent de production<\/em>. La laiterie Alois M\u00fcller GmbH, qui appartient au groupe, est situ\u00e9e dans cette localit\u00e9.<\/p>\n<p>Selon le communiqu\u00e9 de presse de Theo M\u00fcller, la nouvelle usine devrait permettre de r\u00e9duire les co\u00fbts de production. <strong>Capacit\u00e9s de production<\/strong> pour le yaourt a \u00e9t\u00e9 consid\u00e9rablement \u00e9largie.<\/p>\n<h3>B\u00e2timent d'environ 4.500 m\u00e8tres carr\u00e9s<\/h3>\n<p>Le groupe pr\u00e9voit l'ach\u00e8vement de l'immeuble pour l'\u00e9t\u00e9 2025. Selon l'entreprise, la surface totale du b\u00e2timent sera d'environ 4.500 m\u00e8tres carr\u00e9s. On y trouvera des installations modernes pour le remplissage, le tri et le lavage des verres r\u00e9utilisables, peut-on lire dans le communiqu\u00e9 de presse.<\/p>\n<p>Selon le groupe alimentaire, cinquante nouveaux postes seront cr\u00e9\u00e9s sur le site. La production devrait d\u00e9buter au premier semestre 2026. <\/p>\n<h3>140 millions d'euros pour le site d'Aretsried<\/h3>\n<p>Au cours des dix derni\u00e8res ann\u00e9es, le groupe Theo M\u00fcller a investi, selon ses propres dires, un total d'environ 140 millions d'euros dans le site d'Aretsried. Cela a notamment permis de cr\u00e9er un entrep\u00f4t de stockage en hauteur. En outre, le b\u00e2timent administratif a \u00e9t\u00e9 agrandi et le nouveau b\u00e2timent de production est maintenant en cours de construction.<\/p>\n<p>Christian Goldammer, responsable des op\u00e9rations pour le site de production : \u201eLes investissements dans la production sont toujours un moment fort, y compris pour les collaborateurs, car ils sont li\u00e9s \u00e0 un d\u00e9veloppement de l'ensemble du site. C'est \u00e9galement le cas cette fois-ci. Nous sommes donc tr\u00e8s heureux de mettre en service pour la premi\u00e8re fois chez nous, dans l'usine 2026, une ligne de remplissage pour yaourts en bocaux r\u00e9utilisables\u201c.\u201c<\/p>","protected":false},"excerpt":{"rendered":"<p>Produktionsgeb\u00e4ude f\u00fcr Joghurt im Glas Die Unternehmensgruppe Theo M\u00fcller baut im schw\u00e4bischen Aretsried ein neues Produktionsgeb\u00e4ude. In dem Ort hat die zum Konzern geh\u00f6rende Molkerei Alois M\u00fcller GmbH ihren Standort. Dort sollen durch das neue Werk laut der Pressemitteilung von Theo M\u00fcller die Herstellkapazit\u00e4ten f\u00fcr Joghurt deutlich erweitert werden. Geb\u00e4ude mit rund 4.500 Quadratmetern Fl\u00e4che [&hellip;]<\/p>\n","protected":false},"author":1,"featured_media":11732,"comment_status":"open","ping_status":"open","sticky":false,"template":"","format":"standard","meta":{"_acf_changed":false,"footnotes":""},"categories":[88],"tags":[],"referenzkategorie":[],"class_list":["post-11731","post","type-post","status-publish","format-standard","has-post-thumbnail","hentry","category-supply-chain-news"],"acf":[],"yoast_head":"<!-- This site is optimized with the Yoast SEO Premium plugin v27.5 (Yoast SEO v27.5) - https:\/\/yoast.com\/product\/yoast-seo-premium-wordpress\/ -->\n<title>Theo M\u00fcller investiert in Aretsried<\/title>\n<meta name=\"description\" content=\"Die Unternehmensgruppe Theo M\u00fcller baut im schw\u00e4bischen Aretsried ein neues Produktionsgeb\u00e4ude. In dem Ort hat die zum Konzern geh\u00f6rende Mol\" \/>\n<meta name=\"robots\" content=\"index, follow, max-snippet:-1, max-image-preview:large, max-video-preview:-1\" \/>\n<link rel=\"canonical\" href=\"https:\/\/kloepfel-consulting.com\/fr\/actualites-de-la-chaine-dapprovisionnement\/theo-mueller-investit-a-aretzried-1-1731\/\" \/>\n<meta property=\"og:locale\" content=\"fr_FR\" \/>\n<meta property=\"og:type\" content=\"article\" \/>\n<meta property=\"og:title\" content=\"Theo M\u00fcller investiert in Aretsried\" \/>\n<meta property=\"og:description\" content=\"Die Unternehmensgruppe Theo M\u00fcller baut im schw\u00e4bischen Aretsried ein neues Produktionsgeb\u00e4ude. In dem Ort hat die zum Konzern geh\u00f6rende Molkerei Alois M\u00fcller GmbH ihren Standort.\" \/>\n<meta property=\"og:url\" content=\"https:\/\/kloepfel-consulting.com\/fr\/actualites-de-la-chaine-dapprovisionnement\/theo-mueller-investit-a-aretzried-1-1731\/\" \/>\n<meta property=\"og:site_name\" content=\"KLOEPFEL by EPSA\" \/>\n<meta property=\"article:publisher\" content=\"https:\/\/www.facebook.com\/KloepfelGroup\" \/>\n<meta property=\"article:published_time\" content=\"2024-07-24T07:24:42+00:00\" \/>\n<meta property=\"article:modified_time\" content=\"2025-08-27T09:24:42+00:00\" \/>\n<meta property=\"og:image\" content=\"https:\/\/kloepfel-consulting.com\/wp-content\/uploads\/2025\/07\/kloepfelgroup.webp\" \/>\n\t<meta property=\"og:image:width\" content=\"2200\" \/>\n\t<meta property=\"og:image:height\" content=\"1608\" \/>\n\t<meta property=\"og:image:type\" content=\"image\/webp\" \/>\n<meta name=\"author\" content=\"semprediritto\" \/>\n<meta name=\"twitter:card\" content=\"summary_large_image\" \/>\n<meta name=\"twitter:title\" content=\"Theo M\u00fcller investiert in Aretsried: Neues Werk\" \/>\n<meta name=\"twitter:description\" content=\"Erfahren Sie mehr \u00fcber die neuen Stellen und Investitionen in Aretsried.\" \/>\n<meta name=\"twitter:label1\" content=\"\u00c9crit par\" \/>\n\t<meta name=\"twitter:data1\" content=\"semprediritto\" \/>\n\t<meta name=\"twitter:label2\" content=\"Dur\u00e9e de lecture estim\u00e9e\" \/>\n\t<meta name=\"twitter:data2\" content=\"2 minutes\" \/>\n<script type=\"application\/ld+json\" class=\"yoast-schema-graph\">{\"@context\":\"https:\\\/\\\/schema.org\",\"@graph\":[{\"@type\":\"Article\",\"@id\":\"https:\\\/\\\/kloepfel-consulting.com\\\/supply-chain-news\\\/theo-mueller-investiert-aretsried-11731\\\/#article\",\"isPartOf\":{\"@id\":\"https:\\\/\\\/kloepfel-consulting.com\\\/supply-chain-news\\\/theo-mueller-investiert-aretsried-11731\\\/\"},\"author\":{\"name\":\"semprediritto\",\"@id\":\"https:\\\/\\\/kloepfel-consulting.com\\\/#\\\/schema\\\/person\\\/2691163984d9670e417622b00a4c0f26\"},\"headline\":\"Theo M\u00fcller investiert in Aretsried\",\"datePublished\":\"2024-07-24T07:24:42+00:00\",\"dateModified\":\"2025-08-27T09:24:42+00:00\",\"mainEntityOfPage\":{\"@id\":\"https:\\\/\\\/kloepfel-consulting.com\\\/supply-chain-news\\\/theo-mueller-investiert-aretsried-11731\\\/\"},\"wordCount\":250,\"commentCount\":0,\"publisher\":{\"@id\":\"https:\\\/\\\/kloepfel-consulting.com\\\/#organization\"},\"image\":{\"@id\":\"https:\\\/\\\/kloepfel-consulting.com\\\/supply-chain-news\\\/theo-mueller-investiert-aretsried-11731\\\/#primaryimage\"},\"thumbnailUrl\":\"https:\\\/\\\/kloepfel-consulting.com\\\/wp-content\\\/uploads\\\/2025\\\/08\\\/Theo-Mueller-Molkerei-Alois-Mueller-csm_AR_Milchsammelw_b9c9ad2ccb.webp\",\"articleSection\":[\"Supply Chain News\"],\"inLanguage\":\"fr-FR\",\"potentialAction\":[{\"@type\":\"CommentAction\",\"name\":\"Comment\",\"target\":[\"https:\\\/\\\/kloepfel-consulting.com\\\/supply-chain-news\\\/theo-mueller-investiert-aretsried-11731\\\/#respond\"]}],\"copyrightYear\":\"2024\",\"copyrightHolder\":{\"@id\":\"https:\\\/\\\/kloepfel-consulting.com\\\/fr\\\/#organization\"}},{\"@type\":\"WebPage\",\"@id\":\"https:\\\/\\\/kloepfel-consulting.com\\\/supply-chain-news\\\/theo-mueller-investiert-aretsried-11731\\\/\",\"url\":\"https:\\\/\\\/kloepfel-consulting.com\\\/supply-chain-news\\\/theo-mueller-investiert-aretsried-11731\\\/\",\"name\":\"Theo M\u00fcller investiert in Aretsried\",\"isPartOf\":{\"@id\":\"https:\\\/\\\/kloepfel-consulting.com\\\/#website\"},\"primaryImageOfPage\":{\"@id\":\"https:\\\/\\\/kloepfel-consulting.com\\\/supply-chain-news\\\/theo-mueller-investiert-aretsried-11731\\\/#primaryimage\"},\"image\":{\"@id\":\"https:\\\/\\\/kloepfel-consulting.com\\\/supply-chain-news\\\/theo-mueller-investiert-aretsried-11731\\\/#primaryimage\"},\"thumbnailUrl\":\"https:\\\/\\\/kloepfel-consulting.com\\\/wp-content\\\/uploads\\\/2025\\\/08\\\/Theo-Mueller-Molkerei-Alois-Mueller-csm_AR_Milchsammelw_b9c9ad2ccb.webp\",\"datePublished\":\"2024-07-24T07:24:42+00:00\",\"dateModified\":\"2025-08-27T09:24:42+00:00\",\"description\":\"Die Unternehmensgruppe Theo M\u00fcller baut im schw\u00e4bischen Aretsried ein neues Produktionsgeb\u00e4ude. In dem Ort hat die zum Konzern geh\u00f6rende Mol\",\"breadcrumb\":{\"@id\":\"https:\\\/\\\/kloepfel-consulting.com\\\/supply-chain-news\\\/theo-mueller-investiert-aretsried-11731\\\/#breadcrumb\"},\"inLanguage\":\"fr-FR\",\"potentialAction\":[{\"@type\":\"ReadAction\",\"target\":[\"https:\\\/\\\/kloepfel-consulting.com\\\/supply-chain-news\\\/theo-mueller-investiert-aretsried-11731\\\/\"]}]},{\"@type\":\"ImageObject\",\"inLanguage\":\"fr-FR\",\"@id\":\"https:\\\/\\\/kloepfel-consulting.com\\\/supply-chain-news\\\/theo-mueller-investiert-aretsried-11731\\\/#primaryimage\",\"url\":\"https:\\\/\\\/kloepfel-consulting.com\\\/wp-content\\\/uploads\\\/2025\\\/08\\\/Theo-Mueller-Molkerei-Alois-Mueller-csm_AR_Milchsammelw_b9c9ad2ccb.webp\",\"contentUrl\":\"https:\\\/\\\/kloepfel-consulting.com\\\/wp-content\\\/uploads\\\/2025\\\/08\\\/Theo-Mueller-Molkerei-Alois-Mueller-csm_AR_Milchsammelw_b9c9ad2ccb.webp\",\"width\":1760,\"height\":1174,\"caption\":\"Milchsammelwagen von M\u00fcller an einer Stra\u00dfe.\"},{\"@type\":\"BreadcrumbList\",\"@id\":\"https:\\\/\\\/kloepfel-consulting.com\\\/supply-chain-news\\\/theo-mueller-investiert-aretsried-11731\\\/#breadcrumb\",\"itemListElement\":[{\"@type\":\"ListItem\",\"position\":1,\"name\":\"Startseite\",\"item\":\"https:\\\/\\\/kloepfel-consulting.com\\\/\"},{\"@type\":\"ListItem\",\"position\":2,\"name\":\"Logistikoptimierung\",\"item\":\"https:\\\/\\\/kloepfel-consulting.com\\\/zuordnung-landingpage\\\/logistikoptimierung\\\/\"},{\"@type\":\"ListItem\",\"position\":3,\"name\":\"Theo M\u00fcller investiert in Aretsried\"}]},{\"@type\":\"WebSite\",\"@id\":\"https:\\\/\\\/kloepfel-consulting.com\\\/#website\",\"url\":\"https:\\\/\\\/kloepfel-consulting.com\\\/\",\"name\":\"KLOEPFEL by EPSA\",\"description\":\"\",\"publisher\":{\"@id\":\"https:\\\/\\\/kloepfel-consulting.com\\\/#organization\"},\"alternateName\":\"KLOEPFELbyEPSA\",\"potentialAction\":[{\"@type\":\"SearchAction\",\"target\":{\"@type\":\"EntryPoint\",\"urlTemplate\":\"https:\\\/\\\/kloepfel-consulting.com\\\/?s={search_term_string}\"},\"query-input\":{\"@type\":\"PropertyValueSpecification\",\"valueRequired\":true,\"valueName\":\"search_term_string\"}}],\"inLanguage\":\"fr-FR\"},{\"@type\":\"Organization\",\"@id\":\"https:\\\/\\\/kloepfel-consulting.com\\\/#organization\",\"name\":\"KLOEPFEL by EPSA\",\"alternateName\":\"KLOEPFELbyEPSA\",\"url\":\"https:\\\/\\\/kloepfel-consulting.com\\\/\",\"logo\":{\"@type\":\"ImageObject\",\"inLanguage\":\"fr-FR\",\"@id\":\"https:\\\/\\\/kloepfel-consulting.com\\\/#\\\/schema\\\/logo\\\/image\\\/\",\"url\":\"https:\\\/\\\/kloepfel-consulting.com\\\/wp-content\\\/uploads\\\/2025\\\/04\\\/logo.webp\",\"contentUrl\":\"https:\\\/\\\/kloepfel-consulting.com\\\/wp-content\\\/uploads\\\/2025\\\/04\\\/logo.webp\",\"width\":616,\"height\":284,\"caption\":\"KLOEPFEL by EPSA\"},\"image\":{\"@id\":\"https:\\\/\\\/kloepfel-consulting.com\\\/#\\\/schema\\\/logo\\\/image\\\/\"},\"sameAs\":[\"https:\\\/\\\/www.facebook.com\\\/KloepfelGroup\",\"https:\\\/\\\/www.linkedin.com\\\/company\\\/kloepfel-consulting-gmbh\",\"https:\\\/\\\/www.instagram.com\\\/kloepfel_by_epsa\\\/\"],\"description\":\"Einkaufsberatung f\u00fcr Einkauf, Logistik und Supply Chain\",\"email\":\"info@kloepfel-consulting.com\",\"telephone\":\"+4921194198433\",\"legalName\":\"Kloepfel Consulting GmbH\",\"foundingDate\":\"2007-02-01\",\"vatID\":\"DE254132249\",\"numberOfEmployees\":{\"@type\":\"QuantitativeValue\",\"minValue\":\"51\",\"maxValue\":\"200\"}},{\"@type\":\"Person\",\"@id\":\"https:\\\/\\\/kloepfel-consulting.com\\\/#\\\/schema\\\/person\\\/2691163984d9670e417622b00a4c0f26\",\"name\":\"semprediritto\",\"image\":{\"@type\":\"ImageObject\",\"inLanguage\":\"fr-FR\",\"@id\":\"https:\\\/\\\/secure.gravatar.com\\\/avatar\\\/878f3ddb8fa2117ffa32d8a3152e4368517da61e3b89dd9bbfe39501477bf1f1?s=96&d=mm&r=g\",\"url\":\"https:\\\/\\\/secure.gravatar.com\\\/avatar\\\/878f3ddb8fa2117ffa32d8a3152e4368517da61e3b89dd9bbfe39501477bf1f1?s=96&d=mm&r=g\",\"contentUrl\":\"https:\\\/\\\/secure.gravatar.com\\\/avatar\\\/878f3ddb8fa2117ffa32d8a3152e4368517da61e3b89dd9bbfe39501477bf1f1?s=96&d=mm&r=g\",\"caption\":\"semprediritto\"},\"sameAs\":[\"https:\\\/\\\/kloepfel.sempre-diritto.de\"]}]}<\/script>\n<!-- \/ Yoast SEO Premium plugin. -->","yoast_head_json":{"title":"Theo M\u00fcller investit \u00e0 Aretsried","description":"Le groupe Theo M\u00fcller construit un nouveau b\u00e2timent de production \u00e0 Aretsried, en Souabe. Dans cette localit\u00e9, la soci\u00e9t\u00e9 Mol","robots":{"index":"index","follow":"follow","max-snippet":"max-snippet:-1","max-image-preview":"max-image-preview:large","max-video-preview":"max-video-preview:-1"},"canonical":"https:\/\/kloepfel-consulting.com\/fr\/actualites-de-la-chaine-dapprovisionnement\/theo-mueller-investit-a-aretzried-1-1731\/","og_locale":"fr_FR","og_type":"article","og_title":"Theo M\u00fcller investiert in Aretsried","og_description":"Die Unternehmensgruppe Theo M\u00fcller baut im schw\u00e4bischen Aretsried ein neues Produktionsgeb\u00e4ude. In dem Ort hat die zum Konzern geh\u00f6rende Molkerei Alois M\u00fcller GmbH ihren Standort.","og_url":"https:\/\/kloepfel-consulting.com\/fr\/actualites-de-la-chaine-dapprovisionnement\/theo-mueller-investit-a-aretzried-1-1731\/","og_site_name":"KLOEPFEL by EPSA","article_publisher":"https:\/\/www.facebook.com\/KloepfelGroup","article_published_time":"2024-07-24T07:24:42+00:00","article_modified_time":"2025-08-27T09:24:42+00:00","og_image":[{"width":2200,"height":1608,"url":"https:\/\/kloepfel-consulting.com\/wp-content\/uploads\/2025\/07\/kloepfelgroup.webp","type":"image\/webp"}],"author":"semprediritto","twitter_card":"summary_large_image","twitter_title":"Theo M\u00fcller investiert in Aretsried: Neues Werk","twitter_description":"Erfahren Sie mehr \u00fcber die neuen Stellen und Investitionen in Aretsried.","twitter_misc":{"\u00c9crit par":"semprediritto","Dur\u00e9e de lecture estim\u00e9e":"2 minutes"},"schema":{"@context":"https:\/\/schema.org","@graph":[{"@type":"Article","@id":"https:\/\/kloepfel-consulting.com\/supply-chain-news\/theo-mueller-investiert-aretsried-11731\/#article","isPartOf":{"@id":"https:\/\/kloepfel-consulting.com\/supply-chain-news\/theo-mueller-investiert-aretsried-11731\/"},"author":{"name":"semprediritto","@id":"https:\/\/kloepfel-consulting.com\/#\/schema\/person\/2691163984d9670e417622b00a4c0f26"},"headline":"Theo M\u00fcller investiert in Aretsried","datePublished":"2024-07-24T07:24:42+00:00","dateModified":"2025-08-27T09:24:42+00:00","mainEntityOfPage":{"@id":"https:\/\/kloepfel-consulting.com\/supply-chain-news\/theo-mueller-investiert-aretsried-11731\/"},"wordCount":250,"commentCount":0,"publisher":{"@id":"https:\/\/kloepfel-consulting.com\/#organization"},"image":{"@id":"https:\/\/kloepfel-consulting.com\/supply-chain-news\/theo-mueller-investiert-aretsried-11731\/#primaryimage"},"thumbnailUrl":"https:\/\/kloepfel-consulting.com\/wp-content\/uploads\/2025\/08\/Theo-Mueller-Molkerei-Alois-Mueller-csm_AR_Milchsammelw_b9c9ad2ccb.webp","articleSection":["Supply Chain News"],"inLanguage":"fr-FR","potentialAction":[{"@type":"CommentAction","name":"Comment","target":["https:\/\/kloepfel-consulting.com\/supply-chain-news\/theo-mueller-investiert-aretsried-11731\/#respond"]}],"copyrightYear":"2024","copyrightHolder":{"@id":"https:\/\/kloepfel-consulting.com\/fr\/#organization"}},{"@type":"WebPage","@id":"https:\/\/kloepfel-consulting.com\/supply-chain-news\/theo-mueller-investiert-aretsried-11731\/","url":"https:\/\/kloepfel-consulting.com\/supply-chain-news\/theo-mueller-investiert-aretsried-11731\/","name":"Theo M\u00fcller investit \u00e0 Aretsried","isPartOf":{"@id":"https:\/\/kloepfel-consulting.com\/#website"},"primaryImageOfPage":{"@id":"https:\/\/kloepfel-consulting.com\/supply-chain-news\/theo-mueller-investiert-aretsried-11731\/#primaryimage"},"image":{"@id":"https:\/\/kloepfel-consulting.com\/supply-chain-news\/theo-mueller-investiert-aretsried-11731\/#primaryimage"},"thumbnailUrl":"https:\/\/kloepfel-consulting.com\/wp-content\/uploads\/2025\/08\/Theo-Mueller-Molkerei-Alois-Mueller-csm_AR_Milchsammelw_b9c9ad2ccb.webp","datePublished":"2024-07-24T07:24:42+00:00","dateModified":"2025-08-27T09:24:42+00:00","description":"Le groupe Theo M\u00fcller construit un nouveau b\u00e2timent de production \u00e0 Aretsried, en Souabe. Dans cette localit\u00e9, la soci\u00e9t\u00e9 Mol","breadcrumb":{"@id":"https:\/\/kloepfel-consulting.com\/supply-chain-news\/theo-mueller-investiert-aretsried-11731\/#breadcrumb"},"inLanguage":"fr-FR","potentialAction":[{"@type":"ReadAction","target":["https:\/\/kloepfel-consulting.com\/supply-chain-news\/theo-mueller-investiert-aretsried-11731\/"]}]},{"@type":"ImageObject","inLanguage":"fr-FR","@id":"https:\/\/kloepfel-consulting.com\/supply-chain-news\/theo-mueller-investiert-aretsried-11731\/#primaryimage","url":"https:\/\/kloepfel-consulting.com\/wp-content\/uploads\/2025\/08\/Theo-Mueller-Molkerei-Alois-Mueller-csm_AR_Milchsammelw_b9c9ad2ccb.webp","contentUrl":"https:\/\/kloepfel-consulting.com\/wp-content\/uploads\/2025\/08\/Theo-Mueller-Molkerei-Alois-Mueller-csm_AR_Milchsammelw_b9c9ad2ccb.webp","width":1760,"height":1174,"caption":"Milchsammelwagen von M\u00fcller an einer Stra\u00dfe."},{"@type":"BreadcrumbList","@id":"https:\/\/kloepfel-consulting.com\/supply-chain-news\/theo-mueller-investiert-aretsried-11731\/#breadcrumb","itemListElement":[{"@type":"ListItem","position":1,"name":"Startseite","item":"https:\/\/kloepfel-consulting.com\/"},{"@type":"ListItem","position":2,"name":"Logistikoptimierung","item":"https:\/\/kloepfel-consulting.com\/zuordnung-landingpage\/logistikoptimierung\/"},{"@type":"ListItem","position":3,"name":"Theo M\u00fcller investiert in Aretsried"}]},{"@type":"WebSite","@id":"https:\/\/kloepfel-consulting.com\/#website","url":"https:\/\/kloepfel-consulting.com\/","name":"KLOEPFEL by EPSA","description":"","publisher":{"@id":"https:\/\/kloepfel-consulting.com\/#organization"},"alternateName":"KLOEPFELbyEPSA","potentialAction":[{"@type":"SearchAction","target":{"@type":"EntryPoint","urlTemplate":"https:\/\/kloepfel-consulting.com\/?s={search_term_string}"},"query-input":{"@type":"PropertyValueSpecification","valueRequired":true,"valueName":"search_term_string"}}],"inLanguage":"fr-FR"},{"@type":"Organization","@id":"https:\/\/kloepfel-consulting.com\/#organization","name":"KLOEPFEL by EPSA","alternateName":"KLOEPFELbyEPSA","url":"https:\/\/kloepfel-consulting.com\/","logo":{"@type":"ImageObject","inLanguage":"fr-FR","@id":"https:\/\/kloepfel-consulting.com\/#\/schema\/logo\/image\/","url":"https:\/\/kloepfel-consulting.com\/wp-content\/uploads\/2025\/04\/logo.webp","contentUrl":"https:\/\/kloepfel-consulting.com\/wp-content\/uploads\/2025\/04\/logo.webp","width":616,"height":284,"caption":"KLOEPFEL by EPSA"},"image":{"@id":"https:\/\/kloepfel-consulting.com\/#\/schema\/logo\/image\/"},"sameAs":["https:\/\/www.facebook.com\/KloepfelGroup","https:\/\/www.linkedin.com\/company\/kloepfel-consulting-gmbh","https:\/\/www.instagram.com\/kloepfel_by_epsa\/"],"description":"Conseil d'achat pour l'approvisionnement, la logistique et la cha\u00eene d'approvisionnement","email":"info@kloepfel-consulting.com","telephone":"+4921194198433","legalName":"Kloepfel Consulting GmbH","foundingDate":"2007-02-01","vatID":"DE254132249","numberOfEmployees":{"@type":"QuantitativeValue","minValue":"51","maxValue":"200"}},{"@type":"Person","@id":"https:\/\/kloepfel-consulting.com\/#\/schema\/person\/2691163984d9670e417622b00a4c0f26","name":"Toujours le droit","image":{"@type":"ImageObject","inLanguage":"fr-FR","@id":"https:\/\/secure.gravatar.com\/avatar\/878f3ddb8fa2117ffa32d8a3152e4368517da61e3b89dd9bbfe39501477bf1f1?s=96&d=mm&r=g","url":"https:\/\/secure.gravatar.com\/avatar\/878f3ddb8fa2117ffa32d8a3152e4368517da61e3b89dd9bbfe39501477bf1f1?s=96&d=mm&r=g","contentUrl":"https:\/\/secure.gravatar.com\/avatar\/878f3ddb8fa2117ffa32d8a3152e4368517da61e3b89dd9bbfe39501477bf1f1?s=96&d=mm&r=g","caption":"semprediritto"},"sameAs":["https:\/\/kloepfel.sempre-diritto.de"]}]}},"_links":{"self":[{"href":"https:\/\/kloepfel-consulting.com\/fr\/wp-json\/wp\/v2\/posts\/11731","targetHints":{"allow":["GET"]}}],"collection":[{"href":"https:\/\/kloepfel-consulting.com\/fr\/wp-json\/wp\/v2\/posts"}],"about":[{"href":"https:\/\/kloepfel-consulting.com\/fr\/wp-json\/wp\/v2\/types\/post"}],"author":[{"embeddable":true,"href":"https:\/\/kloepfel-consulting.com\/fr\/wp-json\/wp\/v2\/users\/1"}],"replies":[{"embeddable":true,"href":"https:\/\/kloepfel-consulting.com\/fr\/wp-json\/wp\/v2\/comments?post=11731"}],"version-history":[{"count":2,"href":"https:\/\/kloepfel-consulting.com\/fr\/wp-json\/wp\/v2\/posts\/11731\/revisions"}],"predecessor-version":[{"id":14659,"href":"https:\/\/kloepfel-consulting.com\/fr\/wp-json\/wp\/v2\/posts\/11731\/revisions\/14659"}],"wp:featuredmedia":[{"embeddable":true,"href":"https:\/\/kloepfel-consulting.com\/fr\/wp-json\/wp\/v2\/media\/11732"}],"wp:attachment":[{"href":"https:\/\/kloepfel-consulting.com\/fr\/wp-json\/wp\/v2\/media?parent=11731"}],"wp:term":[{"taxonomy":"category","embeddable":true,"href":"https:\/\/kloepfel-consulting.com\/fr\/wp-json\/wp\/v2\/categories?post=11731"},{"taxonomy":"post_tag","embeddable":true,"href":"https:\/\/kloepfel-consulting.com\/fr\/wp-json\/wp\/v2\/tags?post=11731"},{"taxonomy":"referenzkategorie","embeddable":true,"href":"https:\/\/kloepfel-consulting.com\/fr\/wp-json\/wp\/v2\/referenzkategorie?post=11731"}],"curies":[{"name":"wp","href":"https:\/\/api.w.org\/{rel}","templated":true}]}}