{"id":11790,"date":"2024-08-26T09:24:48","date_gmt":"2024-08-26T07:24:48","guid":{"rendered":"https:\/\/kloepfel.sempre-diritto.de\/2024\/08\/26\/lufthansa-cargo-nachhaltige-luftfracht\/"},"modified":"2025-08-27T11:24:48","modified_gmt":"2025-08-27T09:24:48","slug":"lufthansa-cargo-fret-aerien-durable","status":"publish","type":"post","link":"https:\/\/kloepfel-consulting.com\/fr\/supply-chain-news\/lufthansa-cargo-nachhaltige-luftfracht-11790\/","title":{"rendered":"Lufthansa Cargo : organisation durable du fret a\u00e9rien"},"content":{"rendered":"<h2>Mise en service du 18e cargo long-courrier<\/h2>\n<p>Un des leaders mondiaux dans le transport de <strong>Fret a\u00e9rien<\/strong>, <a href=\"https:\/\/kloepfel-consulting.com\/fr\/actualites-de-la-chaine-dapprovisionnement\/unternehmen\/lufthansa-cargo-asiatisches-streckennetzwerk-8955593\/\" rel=\"noopener\" target=\"_blank\">Lufthansa Cargo<\/a>, a eu 18 ans le 17 ao\u00fbt 2024. <em>Cargo long-courrier<\/em> a \u00e9t\u00e9 mis en service. Celui-ci fait partie de la flotte des \u201ecargos B777\u201c. <\/p>\n<p>Selon les informations fournies par l'entreprise, le cargo provient de l'usine Boeing d'Everett aux Etats-Unis. Il a \u00e9t\u00e9 transf\u00e9r\u00e9 \u00e0 l'a\u00e9roport de Francfort, le plus grand hub de la compagnie a\u00e9rienne de fret.<\/p>\n<p>Ashwin Bhat, pr\u00e9sident du conseil d'administration de Lufthansa Cargo, explique : \u201eNous sommes tr\u00e8s heureux d'accueillir un autre avion cargo efficace dans notre flotte. Celui-ci nous permet de mettre des capacit\u00e9s suppl\u00e9mentaires \u00e0 la disposition de nos clients, de poursuivre notre croissance sur le march\u00e9 du fret a\u00e9rien et de faciliter le commerce mondial\u201c.\u201c <\/p>\n<p>Lufthansa Cargo peut ainsi adapter son r\u00e9seau de mani\u00e8re encore plus cibl\u00e9e aux exigences de ses clients et r\u00e9agir \u00e0 court terme aux changements du march\u00e9. Le B777F est, selon l'entreprise, l'avion cargo le plus efficace et le plus avanc\u00e9 de sa cat\u00e9gorie. Avec ce nouvel avion, Lufthansa Cargo r\u00e9alise donc un nouvel investissement important dans sa flotte long-courrier moderne et contribue \u00e0 une organisation plus durable du fret a\u00e9rien.<\/p>\n<h3>7.000 vols hebdomadaires, 350 destinations<\/h3>\n<p>Lufthansa Cargo exploite actuellement une flotte exclusivement long-courrier de douze de ses propres avions B777F. En outre, six avions-cargos B777 d'AeroLogic, une entreprise commune de DHL et Lufthansa Cargo, sont utilis\u00e9s. <\/p>\n<p>Le r\u00e9seau mondial s'enrichit \u00e9galement de quatre avions-cargos A321 pour les courts et moyens courriers. D\u00e8s cet \u00e9t\u00e9, ces avions seront int\u00e9gr\u00e9s au r\u00e9seau de fret non seulement \u00e0 Francfort, mais aussi directement \u00e0 la plate-forme de Munich.<\/p>\n<p>En outre, Lufthansa Cargo utilise les capacit\u00e9s de fret de Lufthansa, Discover, Brussels Airlines, Austrian Airlines et SunExpress. Cela permet d'assurer jusqu'\u00e0 7.000 vols par semaine vers plus de 350 destinations dans le monde.<\/p>","protected":false},"excerpt":{"rendered":"<p>Inbetriebnahme des 18. Langstreckenfrachters Eines der weltweit f\u00fchrenden Unternehmen im Transport von Luftfracht, Lufthansa Cargo, hat am 17. August 2024 seinen 18. Langstreckenfrachter in Betrieb genommen. Dieser geh\u00f6rt zur Flotte der \u201eB777-Frachter\u201c. Den Angaben des Unternehmens zufolge stammt der Frachter aus dem Boeing-Werk in Everett in den USA. Nun wurde dieser zum gr\u00f6\u00dften Hub der [&hellip;]<\/p>\n","protected":false},"author":1,"featured_media":11791,"comment_status":"open","ping_status":"open","sticky":false,"template":"","format":"standard","meta":{"_acf_changed":false,"footnotes":""},"categories":[88],"tags":[],"referenzkategorie":[],"class_list":["post-11790","post","type-post","status-publish","format-standard","has-post-thumbnail","hentry","category-supply-chain-news"],"acf":[],"yoast_head":"<!-- This site is optimized with the Yoast SEO Premium plugin v27.5 (Yoast SEO v27.5) - https:\/\/yoast.com\/product\/yoast-seo-premium-wordpress\/ -->\n<title>Lufthansa Cargo: Nachhaltige Gestaltung der Luftfracht<\/title>\n<meta name=\"description\" content=\"Eines der weltweit f\u00fchrenden Unternehmen im Transport von Luftfracht, Lufthansa Cargo, hat am 17. August 2024 seinen 18. Langstreckenfrachter\" \/>\n<meta name=\"robots\" content=\"index, follow, max-snippet:-1, max-image-preview:large, max-video-preview:-1\" \/>\n<link rel=\"canonical\" href=\"https:\/\/kloepfel-consulting.com\/fr\/actualites-de-la-chaine-dapprovisionnement\/lufthansa-cargo-fret-aerien-durable-11790\/\" \/>\n<meta property=\"og:locale\" content=\"fr_FR\" \/>\n<meta property=\"og:type\" content=\"article\" \/>\n<meta property=\"og:title\" content=\"Lufthansa Cargo: Nachhaltige Gestaltung der Luftfracht\" \/>\n<meta property=\"og:description\" content=\"Eines der weltweit f\u00fchrenden Unternehmen im Transport von Luftfracht, Lufthansa Cargo, hat am 17. August 2024 seinen 18. Langstreckenfrachter in Betrieb genommen. Dieser geh\u00f6rt zur Flotte der \u201eB777-Frachter\u201c.\" \/>\n<meta property=\"og:url\" content=\"https:\/\/kloepfel-consulting.com\/fr\/actualites-de-la-chaine-dapprovisionnement\/lufthansa-cargo-fret-aerien-durable-11790\/\" \/>\n<meta property=\"og:site_name\" content=\"KLOEPFEL by EPSA\" \/>\n<meta property=\"article:publisher\" content=\"https:\/\/www.facebook.com\/KloepfelGroup\" \/>\n<meta property=\"article:published_time\" content=\"2024-08-26T07:24:48+00:00\" \/>\n<meta property=\"article:modified_time\" content=\"2025-08-27T09:24:48+00:00\" \/>\n<meta property=\"og:image\" content=\"https:\/\/kloepfel-consulting.com\/wp-content\/uploads\/2025\/07\/kloepfelgroup.webp\" \/>\n\t<meta property=\"og:image:width\" content=\"2200\" \/>\n\t<meta property=\"og:image:height\" content=\"1608\" \/>\n\t<meta property=\"og:image:type\" content=\"image\/webp\" \/>\n<meta name=\"author\" content=\"semprediritto\" \/>\n<meta name=\"twitter:card\" content=\"summary_large_image\" \/>\n<meta name=\"twitter:title\" content=\"Lufthansa Cargo: Neuer B777-Frachter gestartet\" \/>\n<meta name=\"twitter:description\" content=\"Lufthansa Cargo erweitert seine Flotte mit einem neuen B777-Frachter. Informieren Sie sich \u00fcber die nachhaltige Luftfrachtgestaltung.\" \/>\n<meta name=\"twitter:label1\" content=\"\u00c9crit par\" \/>\n\t<meta name=\"twitter:data1\" content=\"semprediritto\" \/>\n\t<meta name=\"twitter:label2\" content=\"Dur\u00e9e de lecture estim\u00e9e\" \/>\n\t<meta name=\"twitter:data2\" content=\"1 minute\" \/>\n<script type=\"application\/ld+json\" class=\"yoast-schema-graph\">{\"@context\":\"https:\\\/\\\/schema.org\",\"@graph\":[{\"@type\":\"Article\",\"@id\":\"https:\\\/\\\/kloepfel-consulting.com\\\/supply-chain-news\\\/lufthansa-cargo-nachhaltige-luftfracht-11790\\\/#article\",\"isPartOf\":{\"@id\":\"https:\\\/\\\/kloepfel-consulting.com\\\/supply-chain-news\\\/lufthansa-cargo-nachhaltige-luftfracht-11790\\\/\"},\"author\":{\"name\":\"semprediritto\",\"@id\":\"https:\\\/\\\/kloepfel-consulting.com\\\/#\\\/schema\\\/person\\\/2691163984d9670e417622b00a4c0f26\"},\"headline\":\"Lufthansa Cargo: Nachhaltige Gestaltung der Luftfracht\",\"datePublished\":\"2024-08-26T07:24:48+00:00\",\"dateModified\":\"2025-08-27T09:24:48+00:00\",\"mainEntityOfPage\":{\"@id\":\"https:\\\/\\\/kloepfel-consulting.com\\\/supply-chain-news\\\/lufthansa-cargo-nachhaltige-luftfracht-11790\\\/\"},\"wordCount\":282,\"commentCount\":0,\"publisher\":{\"@id\":\"https:\\\/\\\/kloepfel-consulting.com\\\/#organization\"},\"image\":{\"@id\":\"https:\\\/\\\/kloepfel-consulting.com\\\/supply-chain-news\\\/lufthansa-cargo-nachhaltige-luftfracht-11790\\\/#primaryimage\"},\"thumbnailUrl\":\"https:\\\/\\\/kloepfel-consulting.com\\\/wp-content\\\/uploads\\\/2025\\\/08\\\/Presse_Lufthansa-Cargo-scaled-1.jpg\",\"articleSection\":[\"Supply Chain News\"],\"inLanguage\":\"fr-FR\",\"potentialAction\":[{\"@type\":\"CommentAction\",\"name\":\"Comment\",\"target\":[\"https:\\\/\\\/kloepfel-consulting.com\\\/supply-chain-news\\\/lufthansa-cargo-nachhaltige-luftfracht-11790\\\/#respond\"]}],\"copyrightYear\":\"2024\",\"copyrightHolder\":{\"@id\":\"https:\\\/\\\/kloepfel-consulting.com\\\/fr\\\/#organization\"}},{\"@type\":\"WebPage\",\"@id\":\"https:\\\/\\\/kloepfel-consulting.com\\\/supply-chain-news\\\/lufthansa-cargo-nachhaltige-luftfracht-11790\\\/\",\"url\":\"https:\\\/\\\/kloepfel-consulting.com\\\/supply-chain-news\\\/lufthansa-cargo-nachhaltige-luftfracht-11790\\\/\",\"name\":\"Lufthansa Cargo: Nachhaltige Gestaltung der Luftfracht\",\"isPartOf\":{\"@id\":\"https:\\\/\\\/kloepfel-consulting.com\\\/#website\"},\"primaryImageOfPage\":{\"@id\":\"https:\\\/\\\/kloepfel-consulting.com\\\/supply-chain-news\\\/lufthansa-cargo-nachhaltige-luftfracht-11790\\\/#primaryimage\"},\"image\":{\"@id\":\"https:\\\/\\\/kloepfel-consulting.com\\\/supply-chain-news\\\/lufthansa-cargo-nachhaltige-luftfracht-11790\\\/#primaryimage\"},\"thumbnailUrl\":\"https:\\\/\\\/kloepfel-consulting.com\\\/wp-content\\\/uploads\\\/2025\\\/08\\\/Presse_Lufthansa-Cargo-scaled-1.jpg\",\"datePublished\":\"2024-08-26T07:24:48+00:00\",\"dateModified\":\"2025-08-27T09:24:48+00:00\",\"description\":\"Eines der weltweit f\u00fchrenden Unternehmen im Transport von Luftfracht, Lufthansa Cargo, hat am 17. August 2024 seinen 18. Langstreckenfrachter\",\"breadcrumb\":{\"@id\":\"https:\\\/\\\/kloepfel-consulting.com\\\/supply-chain-news\\\/lufthansa-cargo-nachhaltige-luftfracht-11790\\\/#breadcrumb\"},\"inLanguage\":\"fr-FR\",\"potentialAction\":[{\"@type\":\"ReadAction\",\"target\":[\"https:\\\/\\\/kloepfel-consulting.com\\\/supply-chain-news\\\/lufthansa-cargo-nachhaltige-luftfracht-11790\\\/\"]}]},{\"@type\":\"ImageObject\",\"inLanguage\":\"fr-FR\",\"@id\":\"https:\\\/\\\/kloepfel-consulting.com\\\/supply-chain-news\\\/lufthansa-cargo-nachhaltige-luftfracht-11790\\\/#primaryimage\",\"url\":\"https:\\\/\\\/kloepfel-consulting.com\\\/wp-content\\\/uploads\\\/2025\\\/08\\\/Presse_Lufthansa-Cargo-scaled-1.jpg\",\"contentUrl\":\"https:\\\/\\\/kloepfel-consulting.com\\\/wp-content\\\/uploads\\\/2025\\\/08\\\/Presse_Lufthansa-Cargo-scaled-1.jpg\",\"width\":2560,\"height\":1707,\"caption\":\"Lufthansa Cargo Flugzeug mit Fracht auf dem Flughafen.\"},{\"@type\":\"BreadcrumbList\",\"@id\":\"https:\\\/\\\/kloepfel-consulting.com\\\/supply-chain-news\\\/lufthansa-cargo-nachhaltige-luftfracht-11790\\\/#breadcrumb\",\"itemListElement\":[{\"@type\":\"ListItem\",\"position\":1,\"name\":\"Startseite\",\"item\":\"https:\\\/\\\/kloepfel-consulting.com\\\/\"},{\"@type\":\"ListItem\",\"position\":2,\"name\":\"Logistikoptimierung\",\"item\":\"https:\\\/\\\/kloepfel-consulting.com\\\/zuordnung-landingpage\\\/logistikoptimierung\\\/\"},{\"@type\":\"ListItem\",\"position\":3,\"name\":\"Lufthansa Cargo: Nachhaltige Gestaltung der Luftfracht\"}]},{\"@type\":\"WebSite\",\"@id\":\"https:\\\/\\\/kloepfel-consulting.com\\\/#website\",\"url\":\"https:\\\/\\\/kloepfel-consulting.com\\\/\",\"name\":\"KLOEPFEL by EPSA\",\"description\":\"\",\"publisher\":{\"@id\":\"https:\\\/\\\/kloepfel-consulting.com\\\/#organization\"},\"alternateName\":\"KLOEPFELbyEPSA\",\"potentialAction\":[{\"@type\":\"SearchAction\",\"target\":{\"@type\":\"EntryPoint\",\"urlTemplate\":\"https:\\\/\\\/kloepfel-consulting.com\\\/?s={search_term_string}\"},\"query-input\":{\"@type\":\"PropertyValueSpecification\",\"valueRequired\":true,\"valueName\":\"search_term_string\"}}],\"inLanguage\":\"fr-FR\"},{\"@type\":\"Organization\",\"@id\":\"https:\\\/\\\/kloepfel-consulting.com\\\/#organization\",\"name\":\"KLOEPFEL by EPSA\",\"alternateName\":\"KLOEPFELbyEPSA\",\"url\":\"https:\\\/\\\/kloepfel-consulting.com\\\/\",\"logo\":{\"@type\":\"ImageObject\",\"inLanguage\":\"fr-FR\",\"@id\":\"https:\\\/\\\/kloepfel-consulting.com\\\/#\\\/schema\\\/logo\\\/image\\\/\",\"url\":\"https:\\\/\\\/kloepfel-consulting.com\\\/wp-content\\\/uploads\\\/2025\\\/04\\\/logo.webp\",\"contentUrl\":\"https:\\\/\\\/kloepfel-consulting.com\\\/wp-content\\\/uploads\\\/2025\\\/04\\\/logo.webp\",\"width\":616,\"height\":284,\"caption\":\"KLOEPFEL by EPSA\"},\"image\":{\"@id\":\"https:\\\/\\\/kloepfel-consulting.com\\\/#\\\/schema\\\/logo\\\/image\\\/\"},\"sameAs\":[\"https:\\\/\\\/www.facebook.com\\\/KloepfelGroup\",\"https:\\\/\\\/www.linkedin.com\\\/company\\\/kloepfel-consulting-gmbh\",\"https:\\\/\\\/www.instagram.com\\\/kloepfel_by_epsa\\\/\"],\"description\":\"Einkaufsberatung f\u00fcr Einkauf, Logistik und Supply Chain\",\"email\":\"info@kloepfel-consulting.com\",\"telephone\":\"+4921194198433\",\"legalName\":\"Kloepfel Consulting GmbH\",\"foundingDate\":\"2007-02-01\",\"vatID\":\"DE254132249\",\"numberOfEmployees\":{\"@type\":\"QuantitativeValue\",\"minValue\":\"51\",\"maxValue\":\"200\"}},{\"@type\":\"Person\",\"@id\":\"https:\\\/\\\/kloepfel-consulting.com\\\/#\\\/schema\\\/person\\\/2691163984d9670e417622b00a4c0f26\",\"name\":\"semprediritto\",\"image\":{\"@type\":\"ImageObject\",\"inLanguage\":\"fr-FR\",\"@id\":\"https:\\\/\\\/secure.gravatar.com\\\/avatar\\\/878f3ddb8fa2117ffa32d8a3152e4368517da61e3b89dd9bbfe39501477bf1f1?s=96&d=mm&r=g\",\"url\":\"https:\\\/\\\/secure.gravatar.com\\\/avatar\\\/878f3ddb8fa2117ffa32d8a3152e4368517da61e3b89dd9bbfe39501477bf1f1?s=96&d=mm&r=g\",\"contentUrl\":\"https:\\\/\\\/secure.gravatar.com\\\/avatar\\\/878f3ddb8fa2117ffa32d8a3152e4368517da61e3b89dd9bbfe39501477bf1f1?s=96&d=mm&r=g\",\"caption\":\"semprediritto\"},\"sameAs\":[\"https:\\\/\\\/kloepfel.sempre-diritto.de\"]}]}<\/script>\n<!-- \/ Yoast SEO Premium plugin. -->","yoast_head_json":{"title":"Lufthansa Cargo : organisation durable du fret a\u00e9rien","description":"L'un des leaders mondiaux du transport de fret a\u00e9rien, Lufthansa Cargo, a inaugur\u00e9 le 17 ao\u00fbt 2024 son 18e avion-cargo long courrier.","robots":{"index":"index","follow":"follow","max-snippet":"max-snippet:-1","max-image-preview":"max-image-preview:large","max-video-preview":"max-video-preview:-1"},"canonical":"https:\/\/kloepfel-consulting.com\/fr\/actualites-de-la-chaine-dapprovisionnement\/lufthansa-cargo-fret-aerien-durable-11790\/","og_locale":"fr_FR","og_type":"article","og_title":"Lufthansa Cargo: Nachhaltige Gestaltung der Luftfracht","og_description":"Eines der weltweit f\u00fchrenden Unternehmen im Transport von Luftfracht, Lufthansa Cargo, hat am 17. August 2024 seinen 18. Langstreckenfrachter in Betrieb genommen. Dieser geh\u00f6rt zur Flotte der \u201eB777-Frachter\u201c.","og_url":"https:\/\/kloepfel-consulting.com\/fr\/actualites-de-la-chaine-dapprovisionnement\/lufthansa-cargo-fret-aerien-durable-11790\/","og_site_name":"KLOEPFEL by EPSA","article_publisher":"https:\/\/www.facebook.com\/KloepfelGroup","article_published_time":"2024-08-26T07:24:48+00:00","article_modified_time":"2025-08-27T09:24:48+00:00","og_image":[{"width":2200,"height":1608,"url":"https:\/\/kloepfel-consulting.com\/wp-content\/uploads\/2025\/07\/kloepfelgroup.webp","type":"image\/webp"}],"author":"semprediritto","twitter_card":"summary_large_image","twitter_title":"Lufthansa Cargo: Neuer B777-Frachter gestartet","twitter_description":"Lufthansa Cargo erweitert seine Flotte mit einem neuen B777-Frachter. Informieren Sie sich \u00fcber die nachhaltige Luftfrachtgestaltung.","twitter_misc":{"\u00c9crit par":"semprediritto","Dur\u00e9e de lecture estim\u00e9e":"1 minute"},"schema":{"@context":"https:\/\/schema.org","@graph":[{"@type":"Article","@id":"https:\/\/kloepfel-consulting.com\/supply-chain-news\/lufthansa-cargo-nachhaltige-luftfracht-11790\/#article","isPartOf":{"@id":"https:\/\/kloepfel-consulting.com\/supply-chain-news\/lufthansa-cargo-nachhaltige-luftfracht-11790\/"},"author":{"name":"semprediritto","@id":"https:\/\/kloepfel-consulting.com\/#\/schema\/person\/2691163984d9670e417622b00a4c0f26"},"headline":"Lufthansa Cargo: Nachhaltige Gestaltung der Luftfracht","datePublished":"2024-08-26T07:24:48+00:00","dateModified":"2025-08-27T09:24:48+00:00","mainEntityOfPage":{"@id":"https:\/\/kloepfel-consulting.com\/supply-chain-news\/lufthansa-cargo-nachhaltige-luftfracht-11790\/"},"wordCount":282,"commentCount":0,"publisher":{"@id":"https:\/\/kloepfel-consulting.com\/#organization"},"image":{"@id":"https:\/\/kloepfel-consulting.com\/supply-chain-news\/lufthansa-cargo-nachhaltige-luftfracht-11790\/#primaryimage"},"thumbnailUrl":"https:\/\/kloepfel-consulting.com\/wp-content\/uploads\/2025\/08\/Presse_Lufthansa-Cargo-scaled-1.jpg","articleSection":["Supply Chain News"],"inLanguage":"fr-FR","potentialAction":[{"@type":"CommentAction","name":"Comment","target":["https:\/\/kloepfel-consulting.com\/supply-chain-news\/lufthansa-cargo-nachhaltige-luftfracht-11790\/#respond"]}],"copyrightYear":"2024","copyrightHolder":{"@id":"https:\/\/kloepfel-consulting.com\/fr\/#organization"}},{"@type":"WebPage","@id":"https:\/\/kloepfel-consulting.com\/supply-chain-news\/lufthansa-cargo-nachhaltige-luftfracht-11790\/","url":"https:\/\/kloepfel-consulting.com\/supply-chain-news\/lufthansa-cargo-nachhaltige-luftfracht-11790\/","name":"Lufthansa Cargo : organisation durable du fret a\u00e9rien","isPartOf":{"@id":"https:\/\/kloepfel-consulting.com\/#website"},"primaryImageOfPage":{"@id":"https:\/\/kloepfel-consulting.com\/supply-chain-news\/lufthansa-cargo-nachhaltige-luftfracht-11790\/#primaryimage"},"image":{"@id":"https:\/\/kloepfel-consulting.com\/supply-chain-news\/lufthansa-cargo-nachhaltige-luftfracht-11790\/#primaryimage"},"thumbnailUrl":"https:\/\/kloepfel-consulting.com\/wp-content\/uploads\/2025\/08\/Presse_Lufthansa-Cargo-scaled-1.jpg","datePublished":"2024-08-26T07:24:48+00:00","dateModified":"2025-08-27T09:24:48+00:00","description":"L'un des leaders mondiaux du transport de fret a\u00e9rien, Lufthansa Cargo, a inaugur\u00e9 le 17 ao\u00fbt 2024 son 18e avion-cargo long courrier.","breadcrumb":{"@id":"https:\/\/kloepfel-consulting.com\/supply-chain-news\/lufthansa-cargo-nachhaltige-luftfracht-11790\/#breadcrumb"},"inLanguage":"fr-FR","potentialAction":[{"@type":"ReadAction","target":["https:\/\/kloepfel-consulting.com\/supply-chain-news\/lufthansa-cargo-nachhaltige-luftfracht-11790\/"]}]},{"@type":"ImageObject","inLanguage":"fr-FR","@id":"https:\/\/kloepfel-consulting.com\/supply-chain-news\/lufthansa-cargo-nachhaltige-luftfracht-11790\/#primaryimage","url":"https:\/\/kloepfel-consulting.com\/wp-content\/uploads\/2025\/08\/Presse_Lufthansa-Cargo-scaled-1.jpg","contentUrl":"https:\/\/kloepfel-consulting.com\/wp-content\/uploads\/2025\/08\/Presse_Lufthansa-Cargo-scaled-1.jpg","width":2560,"height":1707,"caption":"Lufthansa Cargo Flugzeug mit Fracht auf dem Flughafen."},{"@type":"BreadcrumbList","@id":"https:\/\/kloepfel-consulting.com\/supply-chain-news\/lufthansa-cargo-nachhaltige-luftfracht-11790\/#breadcrumb","itemListElement":[{"@type":"ListItem","position":1,"name":"Startseite","item":"https:\/\/kloepfel-consulting.com\/"},{"@type":"ListItem","position":2,"name":"Logistikoptimierung","item":"https:\/\/kloepfel-consulting.com\/zuordnung-landingpage\/logistikoptimierung\/"},{"@type":"ListItem","position":3,"name":"Lufthansa Cargo: Nachhaltige Gestaltung der Luftfracht"}]},{"@type":"WebSite","@id":"https:\/\/kloepfel-consulting.com\/#website","url":"https:\/\/kloepfel-consulting.com\/","name":"KLOEPFEL by EPSA","description":"","publisher":{"@id":"https:\/\/kloepfel-consulting.com\/#organization"},"alternateName":"KLOEPFELbyEPSA","potentialAction":[{"@type":"SearchAction","target":{"@type":"EntryPoint","urlTemplate":"https:\/\/kloepfel-consulting.com\/?s={search_term_string}"},"query-input":{"@type":"PropertyValueSpecification","valueRequired":true,"valueName":"search_term_string"}}],"inLanguage":"fr-FR"},{"@type":"Organization","@id":"https:\/\/kloepfel-consulting.com\/#organization","name":"KLOEPFEL by EPSA","alternateName":"KLOEPFELbyEPSA","url":"https:\/\/kloepfel-consulting.com\/","logo":{"@type":"ImageObject","inLanguage":"fr-FR","@id":"https:\/\/kloepfel-consulting.com\/#\/schema\/logo\/image\/","url":"https:\/\/kloepfel-consulting.com\/wp-content\/uploads\/2025\/04\/logo.webp","contentUrl":"https:\/\/kloepfel-consulting.com\/wp-content\/uploads\/2025\/04\/logo.webp","width":616,"height":284,"caption":"KLOEPFEL by EPSA"},"image":{"@id":"https:\/\/kloepfel-consulting.com\/#\/schema\/logo\/image\/"},"sameAs":["https:\/\/www.facebook.com\/KloepfelGroup","https:\/\/www.linkedin.com\/company\/kloepfel-consulting-gmbh","https:\/\/www.instagram.com\/kloepfel_by_epsa\/"],"description":"Conseil d'achat pour l'approvisionnement, la logistique et la cha\u00eene d'approvisionnement","email":"info@kloepfel-consulting.com","telephone":"+4921194198433","legalName":"Kloepfel Consulting GmbH","foundingDate":"2007-02-01","vatID":"DE254132249","numberOfEmployees":{"@type":"QuantitativeValue","minValue":"51","maxValue":"200"}},{"@type":"Person","@id":"https:\/\/kloepfel-consulting.com\/#\/schema\/person\/2691163984d9670e417622b00a4c0f26","name":"Toujours le droit","image":{"@type":"ImageObject","inLanguage":"fr-FR","@id":"https:\/\/secure.gravatar.com\/avatar\/878f3ddb8fa2117ffa32d8a3152e4368517da61e3b89dd9bbfe39501477bf1f1?s=96&d=mm&r=g","url":"https:\/\/secure.gravatar.com\/avatar\/878f3ddb8fa2117ffa32d8a3152e4368517da61e3b89dd9bbfe39501477bf1f1?s=96&d=mm&r=g","contentUrl":"https:\/\/secure.gravatar.com\/avatar\/878f3ddb8fa2117ffa32d8a3152e4368517da61e3b89dd9bbfe39501477bf1f1?s=96&d=mm&r=g","caption":"semprediritto"},"sameAs":["https:\/\/kloepfel.sempre-diritto.de"]}]}},"_links":{"self":[{"href":"https:\/\/kloepfel-consulting.com\/fr\/wp-json\/wp\/v2\/posts\/11790","targetHints":{"allow":["GET"]}}],"collection":[{"href":"https:\/\/kloepfel-consulting.com\/fr\/wp-json\/wp\/v2\/posts"}],"about":[{"href":"https:\/\/kloepfel-consulting.com\/fr\/wp-json\/wp\/v2\/types\/post"}],"author":[{"embeddable":true,"href":"https:\/\/kloepfel-consulting.com\/fr\/wp-json\/wp\/v2\/users\/1"}],"replies":[{"embeddable":true,"href":"https:\/\/kloepfel-consulting.com\/fr\/wp-json\/wp\/v2\/comments?post=11790"}],"version-history":[{"count":2,"href":"https:\/\/kloepfel-consulting.com\/fr\/wp-json\/wp\/v2\/posts\/11790\/revisions"}],"predecessor-version":[{"id":14677,"href":"https:\/\/kloepfel-consulting.com\/fr\/wp-json\/wp\/v2\/posts\/11790\/revisions\/14677"}],"wp:featuredmedia":[{"embeddable":true,"href":"https:\/\/kloepfel-consulting.com\/fr\/wp-json\/wp\/v2\/media\/11791"}],"wp:attachment":[{"href":"https:\/\/kloepfel-consulting.com\/fr\/wp-json\/wp\/v2\/media?parent=11790"}],"wp:term":[{"taxonomy":"category","embeddable":true,"href":"https:\/\/kloepfel-consulting.com\/fr\/wp-json\/wp\/v2\/categories?post=11790"},{"taxonomy":"post_tag","embeddable":true,"href":"https:\/\/kloepfel-consulting.com\/fr\/wp-json\/wp\/v2\/tags?post=11790"},{"taxonomy":"referenzkategorie","embeddable":true,"href":"https:\/\/kloepfel-consulting.com\/fr\/wp-json\/wp\/v2\/referenzkategorie?post=11790"}],"curies":[{"name":"wp","href":"https:\/\/api.w.org\/{rel}","templated":true}]}}