{"id":11812,"date":"2024-09-09T09:24:49","date_gmt":"2024-09-09T07:24:49","guid":{"rendered":"https:\/\/kloepfel.sempre-diritto.de\/2024\/09\/09\/daimler-truck-neue-vorstandsvorsitzende\/"},"modified":"2025-08-27T11:24:49","modified_gmt":"2025-08-27T09:24:49","slug":"nouveau-president-de-daimler-truck","status":"publish","type":"post","link":"https:\/\/kloepfel-consulting.com\/fr\/supply-chain-news\/daimler-truck-neue-vorstandsvorsitzende-11812\/","title":{"rendered":"Daimler Truck : nouvelle pr\u00e9sidente du directoire"},"content":{"rendered":"<h2>Successeur de Martin Daum<\/h2>\n<p>Lors de la <a href=\"https:\/\/kloepfel-consulting.com\/fr\/actualites-de-la-chaine-dapprovisionnement\/chaine-dapprovisionnement\/daimler-truck-baut-logistikzentrum-in-halberstadt-5839347\/\" rel=\"noopener\" target=\"_blank\">Daimler Truck Holding AG<\/a> Karin R\u00e5dstr\u00f6m remplacera l'actuel PDG Martin Daum. Le conseil de surveillance a nomm\u00e9 R\u00e5dstr\u00f6m comme nouvelle pr\u00e9sidente du directoire jusqu'au 31 janvier 2029.<\/p>\n<p>R\u00e5dstr\u00f6m occupera ce poste \u00e0 partir du 1er octobre de cette ann\u00e9e. Jusqu'au 31 d\u00e9cembre, Martin Daum continuera \u00e0 travailler pour le constructeur de v\u00e9hicules utilitaires en tant que membre ordinaire du conseil d'administration. Il contribuera ainsi \u00e0 une transition en douceur, \u00e9crit l'entreprise dans son communiqu\u00e9 de presse.<\/p>\n<p>En ce qui concerne le travail effectu\u00e9 jusqu'\u00e0 pr\u00e9sent par Daum, Daimler Truck a indiqu\u00e9 que, sous sa direction, l'entreprise avait am\u00e9lior\u00e9 la technologie de ses v\u00e9hicules. <strong>Transformation<\/strong> avec des moteurs \u00e9lectriques \u00e0 batterie et des moteurs \u00e0 hydrog\u00e8ne.<\/p>\n<p>Le pr\u00e9sident du conseil de surveillance de Daimler Truck Holding AG, Joe Kaeser, a d\u00e9clar\u00e9 que Martin Daum avait men\u00e9 l'entreprise avec succ\u00e8s \u00e0 travers l'une des p\u00e9riodes les plus mouvement\u00e9es de son histoire r\u00e9cente. Selon lui, l'entreprise transmise par Daum est bien pr\u00e9par\u00e9e \u00e0 relever les d\u00e9fis \u00e0 venir.<\/p>\n<h3>Ing\u00e9nieur avec exp\u00e9rience dans les v\u00e9hicules utilitaires<\/h3>\n<p>Selon les informations de l'entreprise, Karin R\u00e5dstr\u00f6m est membre du directoire de Daimler Truck depuis 2021. Depuis, elle est responsable de Mercedes-Benz Trucks.<\/p>\n<p>Selon le communiqu\u00e9 de presse, cette ing\u00e9nieure de formation a r\u00e9ussi \u00e0 augmenter la rentabilit\u00e9 du segment en peu de temps. En outre, elle a fait avancer la transformation vers la durabilit\u00e9.<\/p>\n<p>Auparavant, R\u00e5dstr\u00f6m travaillait chez Scania. Elle y a notamment dirig\u00e9 le d\u00e9partement Ventes &amp; Marketing en tant que membre du conseil d'administration.<\/p>\n<p>Joe Kaeser a d\u00e9clar\u00e9 \u00e0 propos de R\u00e5dstr\u00f6m \u201eNous sommes heureux d'avoir gagn\u00e9 Karin R\u00e5dstr\u00f6m, avec ses comp\u00e9tences exceptionnelles en mati\u00e8re de secteur et de direction, comme nouvelle pr\u00e9sidente du directoire de Daimler Truck Holding AG. Elle a prouv\u00e9 qu'elle pouvait mener \u00e0 bien la transformation d'une marque tout en ma\u00eetrisant un environnement externe plein de d\u00e9fis\u201c.\u201c<\/p>","protected":false},"excerpt":{"rendered":"<p>Nachfolgerin von Martin Daum Bei der Daimler Truck Holding AG wird Karin R\u00e5dstr\u00f6m den bisherigen CEO Martin Daum abl\u00f6sen. Der Aufsichtsrat hat R\u00e5dstr\u00f6m bis zum 31. Januar 2029 als neue Vorstandsvorsitzende bestellt. Diese Position wird R\u00e5dstr\u00f6m am 1. Oktober dieses Jahres \u00fcbernehmen. Bis zum 31. Dezember wird Martin Daum noch als ordentliches Vorstandsmitglied f\u00fcr den [&hellip;]<\/p>\n","protected":false},"author":1,"featured_media":11813,"comment_status":"open","ping_status":"open","sticky":false,"template":"","format":"standard","meta":{"_acf_changed":false,"footnotes":""},"categories":[88],"tags":[],"referenzkategorie":[],"class_list":["post-11812","post","type-post","status-publish","format-standard","has-post-thumbnail","hentry","category-supply-chain-news"],"acf":[],"yoast_head":"<!-- This site is optimized with the Yoast SEO Premium plugin v27.5 (Yoast SEO v27.5) - https:\/\/yoast.com\/product\/yoast-seo-premium-wordpress\/ -->\n<title>Daimler Truck: Neue Vorstandsvorsitzende<\/title>\n<meta name=\"description\" content=\"Bei der Daimler Truck Holding AG wird Karin R\u00e5dstr\u00f6m den bisherigen CEO Martin Daum abl\u00f6sen. Der Aufsichtsrat hat R\u00e5dstr\u00f6m bis zum 31\" \/>\n<meta name=\"robots\" content=\"index, follow, max-snippet:-1, max-image-preview:large, max-video-preview:-1\" \/>\n<link rel=\"canonical\" href=\"https:\/\/kloepfel-consulting.com\/fr\/actualites-de-la-chaine-dapprovisionnement\/daimler-truck-nouveau-president-du-conseil-dadministration-11812\/\" \/>\n<meta property=\"og:locale\" content=\"fr_FR\" \/>\n<meta property=\"og:type\" content=\"article\" \/>\n<meta property=\"og:title\" content=\"Daimler Truck: Neue Vorstandsvorsitzende\" \/>\n<meta property=\"og:description\" content=\"Bei der Daimler Truck Holding AG wird Karin R\u00e5dstr\u00f6m den bisherigen CEO Martin Daum abl\u00f6sen. Der Aufsichtsrat hat R\u00e5dstr\u00f6m bis zum 31. Januar 2029 als neue Vorstandsvorsitzende bestellt.\" \/>\n<meta property=\"og:url\" content=\"https:\/\/kloepfel-consulting.com\/fr\/actualites-de-la-chaine-dapprovisionnement\/daimler-truck-nouveau-president-du-conseil-dadministration-11812\/\" \/>\n<meta property=\"og:site_name\" content=\"KLOEPFEL by EPSA\" \/>\n<meta property=\"article:publisher\" content=\"https:\/\/www.facebook.com\/KloepfelGroup\" \/>\n<meta property=\"article:published_time\" content=\"2024-09-09T07:24:49+00:00\" \/>\n<meta property=\"article:modified_time\" content=\"2025-08-27T09:24:49+00:00\" \/>\n<meta property=\"og:image\" content=\"https:\/\/kloepfel-consulting.com\/wp-content\/uploads\/2025\/07\/kloepfelgroup.webp\" \/>\n\t<meta property=\"og:image:width\" content=\"2200\" \/>\n\t<meta property=\"og:image:height\" content=\"1608\" \/>\n\t<meta property=\"og:image:type\" content=\"image\/webp\" \/>\n<meta name=\"author\" content=\"semprediritto\" \/>\n<meta name=\"twitter:card\" content=\"summary_large_image\" \/>\n<meta name=\"twitter:title\" content=\"Daimler Truck: Neue CEO Karin R\u00e5dstr\u00f6m\" \/>\n<meta name=\"twitter:description\" content=\"Karin R\u00e5dstr\u00f6m wird neue Vorstandsvorsitzende. Erfahren Sie mehr \u00fcber den F\u00fchrungswechsel!\" \/>\n<meta name=\"twitter:label1\" content=\"\u00c9crit par\" \/>\n\t<meta name=\"twitter:data1\" content=\"semprediritto\" \/>\n\t<meta name=\"twitter:label2\" content=\"Dur\u00e9e de lecture estim\u00e9e\" \/>\n\t<meta name=\"twitter:data2\" content=\"2 minutes\" \/>\n<script type=\"application\/ld+json\" class=\"yoast-schema-graph\">{\"@context\":\"https:\\\/\\\/schema.org\",\"@graph\":[{\"@type\":\"Article\",\"@id\":\"https:\\\/\\\/kloepfel-consulting.com\\\/supply-chain-news\\\/daimler-truck-neue-vorstandsvorsitzende-11812\\\/#article\",\"isPartOf\":{\"@id\":\"https:\\\/\\\/kloepfel-consulting.com\\\/supply-chain-news\\\/daimler-truck-neue-vorstandsvorsitzende-11812\\\/\"},\"author\":{\"name\":\"semprediritto\",\"@id\":\"https:\\\/\\\/kloepfel-consulting.com\\\/#\\\/schema\\\/person\\\/2691163984d9670e417622b00a4c0f26\"},\"headline\":\"Daimler Truck: Neue Vorstandsvorsitzende\",\"datePublished\":\"2024-09-09T07:24:49+00:00\",\"dateModified\":\"2025-08-27T09:24:49+00:00\",\"mainEntityOfPage\":{\"@id\":\"https:\\\/\\\/kloepfel-consulting.com\\\/supply-chain-news\\\/daimler-truck-neue-vorstandsvorsitzende-11812\\\/\"},\"wordCount\":276,\"commentCount\":0,\"publisher\":{\"@id\":\"https:\\\/\\\/kloepfel-consulting.com\\\/#organization\"},\"image\":{\"@id\":\"https:\\\/\\\/kloepfel-consulting.com\\\/supply-chain-news\\\/daimler-truck-neue-vorstandsvorsitzende-11812\\\/#primaryimage\"},\"thumbnailUrl\":\"https:\\\/\\\/kloepfel-consulting.com\\\/wp-content\\\/uploads\\\/2025\\\/08\\\/Daimler-Truck-scaled-e1725613699500.jpg\",\"articleSection\":[\"Supply Chain News\"],\"inLanguage\":\"fr-FR\",\"potentialAction\":[{\"@type\":\"CommentAction\",\"name\":\"Comment\",\"target\":[\"https:\\\/\\\/kloepfel-consulting.com\\\/supply-chain-news\\\/daimler-truck-neue-vorstandsvorsitzende-11812\\\/#respond\"]}],\"copyrightYear\":\"2024\",\"copyrightHolder\":{\"@id\":\"https:\\\/\\\/kloepfel-consulting.com\\\/fr\\\/#organization\"}},{\"@type\":\"WebPage\",\"@id\":\"https:\\\/\\\/kloepfel-consulting.com\\\/supply-chain-news\\\/daimler-truck-neue-vorstandsvorsitzende-11812\\\/\",\"url\":\"https:\\\/\\\/kloepfel-consulting.com\\\/supply-chain-news\\\/daimler-truck-neue-vorstandsvorsitzende-11812\\\/\",\"name\":\"Daimler Truck: Neue Vorstandsvorsitzende\",\"isPartOf\":{\"@id\":\"https:\\\/\\\/kloepfel-consulting.com\\\/#website\"},\"primaryImageOfPage\":{\"@id\":\"https:\\\/\\\/kloepfel-consulting.com\\\/supply-chain-news\\\/daimler-truck-neue-vorstandsvorsitzende-11812\\\/#primaryimage\"},\"image\":{\"@id\":\"https:\\\/\\\/kloepfel-consulting.com\\\/supply-chain-news\\\/daimler-truck-neue-vorstandsvorsitzende-11812\\\/#primaryimage\"},\"thumbnailUrl\":\"https:\\\/\\\/kloepfel-consulting.com\\\/wp-content\\\/uploads\\\/2025\\\/08\\\/Daimler-Truck-scaled-e1725613699500.jpg\",\"datePublished\":\"2024-09-09T07:24:49+00:00\",\"dateModified\":\"2025-08-27T09:24:49+00:00\",\"description\":\"Bei der Daimler Truck Holding AG wird Karin R\u00e5dstr\u00f6m den bisherigen CEO Martin Daum abl\u00f6sen. Der Aufsichtsrat hat R\u00e5dstr\u00f6m bis zum 31\",\"breadcrumb\":{\"@id\":\"https:\\\/\\\/kloepfel-consulting.com\\\/supply-chain-news\\\/daimler-truck-neue-vorstandsvorsitzende-11812\\\/#breadcrumb\"},\"inLanguage\":\"fr-FR\",\"potentialAction\":[{\"@type\":\"ReadAction\",\"target\":[\"https:\\\/\\\/kloepfel-consulting.com\\\/supply-chain-news\\\/daimler-truck-neue-vorstandsvorsitzende-11812\\\/\"]}]},{\"@type\":\"ImageObject\",\"inLanguage\":\"fr-FR\",\"@id\":\"https:\\\/\\\/kloepfel-consulting.com\\\/supply-chain-news\\\/daimler-truck-neue-vorstandsvorsitzende-11812\\\/#primaryimage\",\"url\":\"https:\\\/\\\/kloepfel-consulting.com\\\/wp-content\\\/uploads\\\/2025\\\/08\\\/Daimler-Truck-scaled-e1725613699500.jpg\",\"contentUrl\":\"https:\\\/\\\/kloepfel-consulting.com\\\/wp-content\\\/uploads\\\/2025\\\/08\\\/Daimler-Truck-scaled-e1725613699500.jpg\",\"width\":1842,\"height\":1110,\"caption\":\"Fassade des Daimler Truck Geb\u00e4udes mit sichtbarem Schriftzug.\"},{\"@type\":\"BreadcrumbList\",\"@id\":\"https:\\\/\\\/kloepfel-consulting.com\\\/supply-chain-news\\\/daimler-truck-neue-vorstandsvorsitzende-11812\\\/#breadcrumb\",\"itemListElement\":[{\"@type\":\"ListItem\",\"position\":1,\"name\":\"Startseite\",\"item\":\"https:\\\/\\\/kloepfel-consulting.com\\\/\"},{\"@type\":\"ListItem\",\"position\":2,\"name\":\"Logistikoptimierung\",\"item\":\"https:\\\/\\\/kloepfel-consulting.com\\\/zuordnung-landingpage\\\/logistikoptimierung\\\/\"},{\"@type\":\"ListItem\",\"position\":3,\"name\":\"Daimler Truck: Neue Vorstandsvorsitzende\"}]},{\"@type\":\"WebSite\",\"@id\":\"https:\\\/\\\/kloepfel-consulting.com\\\/#website\",\"url\":\"https:\\\/\\\/kloepfel-consulting.com\\\/\",\"name\":\"KLOEPFEL by EPSA\",\"description\":\"\",\"publisher\":{\"@id\":\"https:\\\/\\\/kloepfel-consulting.com\\\/#organization\"},\"alternateName\":\"KLOEPFELbyEPSA\",\"potentialAction\":[{\"@type\":\"SearchAction\",\"target\":{\"@type\":\"EntryPoint\",\"urlTemplate\":\"https:\\\/\\\/kloepfel-consulting.com\\\/?s={search_term_string}\"},\"query-input\":{\"@type\":\"PropertyValueSpecification\",\"valueRequired\":true,\"valueName\":\"search_term_string\"}}],\"inLanguage\":\"fr-FR\"},{\"@type\":\"Organization\",\"@id\":\"https:\\\/\\\/kloepfel-consulting.com\\\/#organization\",\"name\":\"KLOEPFEL by EPSA\",\"alternateName\":\"KLOEPFELbyEPSA\",\"url\":\"https:\\\/\\\/kloepfel-consulting.com\\\/\",\"logo\":{\"@type\":\"ImageObject\",\"inLanguage\":\"fr-FR\",\"@id\":\"https:\\\/\\\/kloepfel-consulting.com\\\/#\\\/schema\\\/logo\\\/image\\\/\",\"url\":\"https:\\\/\\\/kloepfel-consulting.com\\\/wp-content\\\/uploads\\\/2025\\\/04\\\/logo.webp\",\"contentUrl\":\"https:\\\/\\\/kloepfel-consulting.com\\\/wp-content\\\/uploads\\\/2025\\\/04\\\/logo.webp\",\"width\":616,\"height\":284,\"caption\":\"KLOEPFEL by EPSA\"},\"image\":{\"@id\":\"https:\\\/\\\/kloepfel-consulting.com\\\/#\\\/schema\\\/logo\\\/image\\\/\"},\"sameAs\":[\"https:\\\/\\\/www.facebook.com\\\/KloepfelGroup\",\"https:\\\/\\\/www.linkedin.com\\\/company\\\/kloepfel-consulting-gmbh\",\"https:\\\/\\\/www.instagram.com\\\/kloepfel_by_epsa\\\/\"],\"description\":\"Einkaufsberatung f\u00fcr Einkauf, Logistik und Supply Chain\",\"email\":\"info@kloepfel-consulting.com\",\"telephone\":\"+4921194198433\",\"legalName\":\"Kloepfel Consulting GmbH\",\"foundingDate\":\"2007-02-01\",\"vatID\":\"DE254132249\",\"numberOfEmployees\":{\"@type\":\"QuantitativeValue\",\"minValue\":\"51\",\"maxValue\":\"200\"}},{\"@type\":\"Person\",\"@id\":\"https:\\\/\\\/kloepfel-consulting.com\\\/#\\\/schema\\\/person\\\/2691163984d9670e417622b00a4c0f26\",\"name\":\"semprediritto\",\"image\":{\"@type\":\"ImageObject\",\"inLanguage\":\"fr-FR\",\"@id\":\"https:\\\/\\\/secure.gravatar.com\\\/avatar\\\/878f3ddb8fa2117ffa32d8a3152e4368517da61e3b89dd9bbfe39501477bf1f1?s=96&d=mm&r=g\",\"url\":\"https:\\\/\\\/secure.gravatar.com\\\/avatar\\\/878f3ddb8fa2117ffa32d8a3152e4368517da61e3b89dd9bbfe39501477bf1f1?s=96&d=mm&r=g\",\"contentUrl\":\"https:\\\/\\\/secure.gravatar.com\\\/avatar\\\/878f3ddb8fa2117ffa32d8a3152e4368517da61e3b89dd9bbfe39501477bf1f1?s=96&d=mm&r=g\",\"caption\":\"semprediritto\"},\"sameAs\":[\"https:\\\/\\\/kloepfel.sempre-diritto.de\"]}]}<\/script>\n<!-- \/ Yoast SEO Premium plugin. -->","yoast_head_json":{"title":"Daimler Truck : nouvelle pr\u00e9sidente du directoire","description":"Chez Daimler Truck Holding AG, Karin R\u00e5dstr\u00f6m remplacera l'actuel CEO Martin Daum. Le conseil de surveillance a nomm\u00e9 R\u00e5dstr\u00f6m jusqu'au 31 d\u00e9cembre 2010.","robots":{"index":"index","follow":"follow","max-snippet":"max-snippet:-1","max-image-preview":"max-image-preview:large","max-video-preview":"max-video-preview:-1"},"canonical":"https:\/\/kloepfel-consulting.com\/fr\/actualites-de-la-chaine-dapprovisionnement\/daimler-truck-nouveau-president-du-conseil-dadministration-11812\/","og_locale":"fr_FR","og_type":"article","og_title":"Daimler Truck: Neue Vorstandsvorsitzende","og_description":"Bei der Daimler Truck Holding AG wird Karin R\u00e5dstr\u00f6m den bisherigen CEO Martin Daum abl\u00f6sen. Der Aufsichtsrat hat R\u00e5dstr\u00f6m bis zum 31. Januar 2029 als neue Vorstandsvorsitzende bestellt.","og_url":"https:\/\/kloepfel-consulting.com\/fr\/actualites-de-la-chaine-dapprovisionnement\/daimler-truck-nouveau-president-du-conseil-dadministration-11812\/","og_site_name":"KLOEPFEL by EPSA","article_publisher":"https:\/\/www.facebook.com\/KloepfelGroup","article_published_time":"2024-09-09T07:24:49+00:00","article_modified_time":"2025-08-27T09:24:49+00:00","og_image":[{"width":2200,"height":1608,"url":"https:\/\/kloepfel-consulting.com\/wp-content\/uploads\/2025\/07\/kloepfelgroup.webp","type":"image\/webp"}],"author":"semprediritto","twitter_card":"summary_large_image","twitter_title":"Daimler Truck: Neue CEO Karin R\u00e5dstr\u00f6m","twitter_description":"Karin R\u00e5dstr\u00f6m wird neue Vorstandsvorsitzende. Erfahren Sie mehr \u00fcber den F\u00fchrungswechsel!","twitter_misc":{"\u00c9crit par":"semprediritto","Dur\u00e9e de lecture estim\u00e9e":"2 minutes"},"schema":{"@context":"https:\/\/schema.org","@graph":[{"@type":"Article","@id":"https:\/\/kloepfel-consulting.com\/supply-chain-news\/daimler-truck-neue-vorstandsvorsitzende-11812\/#article","isPartOf":{"@id":"https:\/\/kloepfel-consulting.com\/supply-chain-news\/daimler-truck-neue-vorstandsvorsitzende-11812\/"},"author":{"name":"semprediritto","@id":"https:\/\/kloepfel-consulting.com\/#\/schema\/person\/2691163984d9670e417622b00a4c0f26"},"headline":"Daimler Truck: Neue Vorstandsvorsitzende","datePublished":"2024-09-09T07:24:49+00:00","dateModified":"2025-08-27T09:24:49+00:00","mainEntityOfPage":{"@id":"https:\/\/kloepfel-consulting.com\/supply-chain-news\/daimler-truck-neue-vorstandsvorsitzende-11812\/"},"wordCount":276,"commentCount":0,"publisher":{"@id":"https:\/\/kloepfel-consulting.com\/#organization"},"image":{"@id":"https:\/\/kloepfel-consulting.com\/supply-chain-news\/daimler-truck-neue-vorstandsvorsitzende-11812\/#primaryimage"},"thumbnailUrl":"https:\/\/kloepfel-consulting.com\/wp-content\/uploads\/2025\/08\/Daimler-Truck-scaled-e1725613699500.jpg","articleSection":["Supply Chain News"],"inLanguage":"fr-FR","potentialAction":[{"@type":"CommentAction","name":"Comment","target":["https:\/\/kloepfel-consulting.com\/supply-chain-news\/daimler-truck-neue-vorstandsvorsitzende-11812\/#respond"]}],"copyrightYear":"2024","copyrightHolder":{"@id":"https:\/\/kloepfel-consulting.com\/fr\/#organization"}},{"@type":"WebPage","@id":"https:\/\/kloepfel-consulting.com\/supply-chain-news\/daimler-truck-neue-vorstandsvorsitzende-11812\/","url":"https:\/\/kloepfel-consulting.com\/supply-chain-news\/daimler-truck-neue-vorstandsvorsitzende-11812\/","name":"Daimler Truck : nouvelle pr\u00e9sidente du directoire","isPartOf":{"@id":"https:\/\/kloepfel-consulting.com\/#website"},"primaryImageOfPage":{"@id":"https:\/\/kloepfel-consulting.com\/supply-chain-news\/daimler-truck-neue-vorstandsvorsitzende-11812\/#primaryimage"},"image":{"@id":"https:\/\/kloepfel-consulting.com\/supply-chain-news\/daimler-truck-neue-vorstandsvorsitzende-11812\/#primaryimage"},"thumbnailUrl":"https:\/\/kloepfel-consulting.com\/wp-content\/uploads\/2025\/08\/Daimler-Truck-scaled-e1725613699500.jpg","datePublished":"2024-09-09T07:24:49+00:00","dateModified":"2025-08-27T09:24:49+00:00","description":"Chez Daimler Truck Holding AG, Karin R\u00e5dstr\u00f6m remplacera l'actuel CEO Martin Daum. Le conseil de surveillance a nomm\u00e9 R\u00e5dstr\u00f6m jusqu'au 31 d\u00e9cembre 2010.","breadcrumb":{"@id":"https:\/\/kloepfel-consulting.com\/supply-chain-news\/daimler-truck-neue-vorstandsvorsitzende-11812\/#breadcrumb"},"inLanguage":"fr-FR","potentialAction":[{"@type":"ReadAction","target":["https:\/\/kloepfel-consulting.com\/supply-chain-news\/daimler-truck-neue-vorstandsvorsitzende-11812\/"]}]},{"@type":"ImageObject","inLanguage":"fr-FR","@id":"https:\/\/kloepfel-consulting.com\/supply-chain-news\/daimler-truck-neue-vorstandsvorsitzende-11812\/#primaryimage","url":"https:\/\/kloepfel-consulting.com\/wp-content\/uploads\/2025\/08\/Daimler-Truck-scaled-e1725613699500.jpg","contentUrl":"https:\/\/kloepfel-consulting.com\/wp-content\/uploads\/2025\/08\/Daimler-Truck-scaled-e1725613699500.jpg","width":1842,"height":1110,"caption":"Fassade des Daimler Truck Geb\u00e4udes mit sichtbarem Schriftzug."},{"@type":"BreadcrumbList","@id":"https:\/\/kloepfel-consulting.com\/supply-chain-news\/daimler-truck-neue-vorstandsvorsitzende-11812\/#breadcrumb","itemListElement":[{"@type":"ListItem","position":1,"name":"Startseite","item":"https:\/\/kloepfel-consulting.com\/"},{"@type":"ListItem","position":2,"name":"Logistikoptimierung","item":"https:\/\/kloepfel-consulting.com\/zuordnung-landingpage\/logistikoptimierung\/"},{"@type":"ListItem","position":3,"name":"Daimler Truck: Neue Vorstandsvorsitzende"}]},{"@type":"WebSite","@id":"https:\/\/kloepfel-consulting.com\/#website","url":"https:\/\/kloepfel-consulting.com\/","name":"KLOEPFEL by EPSA","description":"","publisher":{"@id":"https:\/\/kloepfel-consulting.com\/#organization"},"alternateName":"KLOEPFELbyEPSA","potentialAction":[{"@type":"SearchAction","target":{"@type":"EntryPoint","urlTemplate":"https:\/\/kloepfel-consulting.com\/?s={search_term_string}"},"query-input":{"@type":"PropertyValueSpecification","valueRequired":true,"valueName":"search_term_string"}}],"inLanguage":"fr-FR"},{"@type":"Organization","@id":"https:\/\/kloepfel-consulting.com\/#organization","name":"KLOEPFEL by EPSA","alternateName":"KLOEPFELbyEPSA","url":"https:\/\/kloepfel-consulting.com\/","logo":{"@type":"ImageObject","inLanguage":"fr-FR","@id":"https:\/\/kloepfel-consulting.com\/#\/schema\/logo\/image\/","url":"https:\/\/kloepfel-consulting.com\/wp-content\/uploads\/2025\/04\/logo.webp","contentUrl":"https:\/\/kloepfel-consulting.com\/wp-content\/uploads\/2025\/04\/logo.webp","width":616,"height":284,"caption":"KLOEPFEL by EPSA"},"image":{"@id":"https:\/\/kloepfel-consulting.com\/#\/schema\/logo\/image\/"},"sameAs":["https:\/\/www.facebook.com\/KloepfelGroup","https:\/\/www.linkedin.com\/company\/kloepfel-consulting-gmbh","https:\/\/www.instagram.com\/kloepfel_by_epsa\/"],"description":"Conseil d'achat pour l'approvisionnement, la logistique et la cha\u00eene d'approvisionnement","email":"info@kloepfel-consulting.com","telephone":"+4921194198433","legalName":"Kloepfel Consulting GmbH","foundingDate":"2007-02-01","vatID":"DE254132249","numberOfEmployees":{"@type":"QuantitativeValue","minValue":"51","maxValue":"200"}},{"@type":"Person","@id":"https:\/\/kloepfel-consulting.com\/#\/schema\/person\/2691163984d9670e417622b00a4c0f26","name":"Toujours le droit","image":{"@type":"ImageObject","inLanguage":"fr-FR","@id":"https:\/\/secure.gravatar.com\/avatar\/878f3ddb8fa2117ffa32d8a3152e4368517da61e3b89dd9bbfe39501477bf1f1?s=96&d=mm&r=g","url":"https:\/\/secure.gravatar.com\/avatar\/878f3ddb8fa2117ffa32d8a3152e4368517da61e3b89dd9bbfe39501477bf1f1?s=96&d=mm&r=g","contentUrl":"https:\/\/secure.gravatar.com\/avatar\/878f3ddb8fa2117ffa32d8a3152e4368517da61e3b89dd9bbfe39501477bf1f1?s=96&d=mm&r=g","caption":"semprediritto"},"sameAs":["https:\/\/kloepfel.sempre-diritto.de"]}]}},"_links":{"self":[{"href":"https:\/\/kloepfel-consulting.com\/fr\/wp-json\/wp\/v2\/posts\/11812","targetHints":{"allow":["GET"]}}],"collection":[{"href":"https:\/\/kloepfel-consulting.com\/fr\/wp-json\/wp\/v2\/posts"}],"about":[{"href":"https:\/\/kloepfel-consulting.com\/fr\/wp-json\/wp\/v2\/types\/post"}],"author":[{"embeddable":true,"href":"https:\/\/kloepfel-consulting.com\/fr\/wp-json\/wp\/v2\/users\/1"}],"replies":[{"embeddable":true,"href":"https:\/\/kloepfel-consulting.com\/fr\/wp-json\/wp\/v2\/comments?post=11812"}],"version-history":[{"count":2,"href":"https:\/\/kloepfel-consulting.com\/fr\/wp-json\/wp\/v2\/posts\/11812\/revisions"}],"predecessor-version":[{"id":14679,"href":"https:\/\/kloepfel-consulting.com\/fr\/wp-json\/wp\/v2\/posts\/11812\/revisions\/14679"}],"wp:featuredmedia":[{"embeddable":true,"href":"https:\/\/kloepfel-consulting.com\/fr\/wp-json\/wp\/v2\/media\/11813"}],"wp:attachment":[{"href":"https:\/\/kloepfel-consulting.com\/fr\/wp-json\/wp\/v2\/media?parent=11812"}],"wp:term":[{"taxonomy":"category","embeddable":true,"href":"https:\/\/kloepfel-consulting.com\/fr\/wp-json\/wp\/v2\/categories?post=11812"},{"taxonomy":"post_tag","embeddable":true,"href":"https:\/\/kloepfel-consulting.com\/fr\/wp-json\/wp\/v2\/tags?post=11812"},{"taxonomy":"referenzkategorie","embeddable":true,"href":"https:\/\/kloepfel-consulting.com\/fr\/wp-json\/wp\/v2\/referenzkategorie?post=11812"}],"curies":[{"name":"wp","href":"https:\/\/api.w.org\/{rel}","templated":true}]}}