{"id":11821,"date":"2024-09-12T09:24:50","date_gmt":"2024-09-12T07:24:50","guid":{"rendered":"https:\/\/kloepfel.sempre-diritto.de\/2024\/09\/12\/bmw-senkt-erwartungen\/"},"modified":"2025-08-27T11:24:50","modified_gmt":"2025-08-27T09:24:50","slug":"bmw-abaisse-ses-previsions","status":"publish","type":"post","link":"https:\/\/kloepfel-consulting.com\/fr\/supply-chain-news\/bmw-senkt-erwartungen-11821\/","title":{"rendered":"BMW revoit ses pr\u00e9visions \u00e0 la baisse"},"content":{"rendered":"<h2>Le groupe automobile adapte ses pr\u00e9visions annuelles pour 2024<\/h2>\n<p>Le <a href=\"https:\/\/kloepfel-consulting.com\/fr\/actualites-de-la-chaine-dapprovisionnement\/unternehmen\/bmw-meilenstein-autonomen-fahren-8851858\/\" rel=\"noopener\" target=\"_blank\">BMW SA<\/a> se montre d\u00e9sormais un peu moins optimiste et a donc revu ses pr\u00e9visions \u00e0 la baisse. <strong>Pr\u00e9visions<\/strong> pour 2024 a \u00e9t\u00e9 abaiss\u00e9.<\/p>\n<p>L'\u00e9l\u00e9ment d\u00e9clencheur de cet ajustement des pr\u00e9visions serait des blocages de livraison et des rappels concernant le syst\u00e8me de freinage int\u00e9gr\u00e9 (IBS). Le groupe munichois parle \u00e0 ce sujet de charges suppl\u00e9mentaires dans le segment automobile. En raison de <em>Interdictions d'extradition<\/em> Selon les explications de BMW, il y aura des effets n\u00e9gatifs sur les ventes au deuxi\u00e8me semestre. De m\u00eame, le constructeur automobile s'attend \u00e0 des co\u00fbts de garantie suppl\u00e9mentaires \u00e9lev\u00e9s au troisi\u00e8me trimestre en rapport avec l'IBS.<\/p>\n<p>Par ailleurs, BMW mentionne la baisse de la demande en Chine. Celle-ci a un impact suppl\u00e9mentaire sur le volume des ventes dans ce pays. Comme le montre le constructeur automobile, il existe en Chine une r\u00e9ticence persistante \u00e0 acheter malgr\u00e9 les mesures de soutien prises par le gouvernement.<\/p>\n<h3>Nette baisse du r\u00e9sultat consolid\u00e9 avant imp\u00f4ts attendue<\/h3>\n<p>Ainsi, sur la base des \u00e9volutions d\u00e9crites dans le communiqu\u00e9 de presse, le groupe a modifi\u00e9 ses pr\u00e9visions.<\/p>\n<p>Pour le segment automobile, BMW donne donc les perspectives suivantes : <\/p>\n<p>Les livraisons aux clients ne devraient d\u00e9sormais plus augmenter par rapport \u00e0 l'ann\u00e9e pr\u00e9c\u00e9dente, mais diminuer l\u00e9g\u00e8rement.<\/p>\n<p>En ce qui concerne la marge EBIT pour 2024, BMW indique une fourchette de 6 \u00e0 7 pour cent. Jusqu'\u00e0 pr\u00e9sent, les pr\u00e9visions tablaient sur une fourchette de 8 \u00e0 10 %. <\/p>\n<p>En ce qui concerne le r\u00e9sultat consolid\u00e9 avant imp\u00f4ts, BMW s'attend, selon son communiqu\u00e9 de presse, \u00e0 un net recul.<\/p>","protected":false},"excerpt":{"rendered":"<p>Autokonzern passt Jahresprognose 2024 an Die BMW AG zeigt sich inzwischen etwas weniger optimistisch und hat entsprechend ihre Prognose f\u00fcr 2024 gesenkt. Ausl\u00f6ser f\u00fcr diese Prognoseanpassung seien Auslieferungssperren und R\u00fcckrufe bez\u00fcglich des integrierten Bremssystems (IBS). Der M\u00fcnchner Konzern spricht diesbez\u00fcglich von zus\u00e4tzlichen Belastungen im Segment Automobile. Aufgrund von Auslieferungssperren kommt es den Erl\u00e4uterungen von BMW [&hellip;]<\/p>\n","protected":false},"author":1,"featured_media":11822,"comment_status":"open","ping_status":"open","sticky":false,"template":"","format":"standard","meta":{"_acf_changed":false,"footnotes":""},"categories":[88],"tags":[],"referenzkategorie":[],"class_list":["post-11821","post","type-post","status-publish","format-standard","has-post-thumbnail","hentry","category-supply-chain-news"],"acf":[],"yoast_head":"<!-- This site is optimized with the Yoast SEO Premium plugin v27.5 (Yoast SEO v27.5) - https:\/\/yoast.com\/product\/yoast-seo-premium-wordpress\/ -->\n<title>BMW senkt Erwartungen<\/title>\n<meta name=\"description\" content=\"Die BMW AG zeigt sich inzwischen etwas weniger optimistisch und hat entsprechend ihre Prognose f\u00fcr 2024 gesenkt.\" \/>\n<meta name=\"robots\" content=\"index, follow, max-snippet:-1, max-image-preview:large, max-video-preview:-1\" \/>\n<link rel=\"canonical\" href=\"https:\/\/kloepfel-consulting.com\/fr\/actualites-de-la-chaine-dapprovisionnement\/bmw-abaisse-ses-previsions-2\/\" \/>\n<meta property=\"og:locale\" content=\"fr_FR\" \/>\n<meta property=\"og:type\" content=\"article\" \/>\n<meta property=\"og:title\" content=\"BMW senkt Erwartungen\" \/>\n<meta property=\"og:description\" content=\"Die BMW AG zeigt sich inzwischen etwas weniger optimistisch und hat entsprechend ihre Prognose f\u00fcr 2024 gesenkt.\" \/>\n<meta property=\"og:url\" content=\"https:\/\/kloepfel-consulting.com\/fr\/actualites-de-la-chaine-dapprovisionnement\/bmw-abaisse-ses-previsions-2\/\" \/>\n<meta property=\"og:site_name\" content=\"KLOEPFEL by EPSA\" \/>\n<meta property=\"article:publisher\" content=\"https:\/\/www.facebook.com\/KloepfelGroup\" \/>\n<meta property=\"article:published_time\" content=\"2024-09-12T07:24:50+00:00\" \/>\n<meta property=\"article:modified_time\" content=\"2025-08-27T09:24:50+00:00\" \/>\n<meta property=\"og:image\" content=\"https:\/\/kloepfel-consulting.com\/wp-content\/uploads\/2025\/07\/kloepfelgroup.webp\" \/>\n\t<meta property=\"og:image:width\" content=\"2200\" \/>\n\t<meta property=\"og:image:height\" content=\"1608\" \/>\n\t<meta property=\"og:image:type\" content=\"image\/webp\" \/>\n<meta name=\"author\" content=\"semprediritto\" \/>\n<meta name=\"twitter:card\" content=\"summary_large_image\" \/>\n<meta name=\"twitter:title\" content=\"BMW senkt Erwartungen f\u00fcr 2024\" \/>\n<meta name=\"twitter:description\" content=\"Erfahren Sie mehr \u00fcber die Prognoseanpassung von BMW und deren Auswirkungen.\" \/>\n<meta name=\"twitter:label1\" content=\"\u00c9crit par\" \/>\n\t<meta name=\"twitter:data1\" content=\"semprediritto\" \/>\n\t<meta name=\"twitter:label2\" content=\"Dur\u00e9e de lecture estim\u00e9e\" \/>\n\t<meta name=\"twitter:data2\" content=\"2 minutes\" \/>\n<script type=\"application\/ld+json\" class=\"yoast-schema-graph\">{\"@context\":\"https:\\\/\\\/schema.org\",\"@graph\":[{\"@type\":\"Article\",\"@id\":\"https:\\\/\\\/kloepfel-consulting.com\\\/supply-chain-news\\\/bmw-senkt-erwartungen-11821\\\/#article\",\"isPartOf\":{\"@id\":\"https:\\\/\\\/kloepfel-consulting.com\\\/supply-chain-news\\\/bmw-senkt-erwartungen-11821\\\/\"},\"author\":{\"name\":\"semprediritto\",\"@id\":\"https:\\\/\\\/kloepfel-consulting.com\\\/#\\\/schema\\\/person\\\/2691163984d9670e417622b00a4c0f26\"},\"headline\":\"BMW senkt Erwartungen\",\"datePublished\":\"2024-09-12T07:24:50+00:00\",\"dateModified\":\"2025-08-27T09:24:50+00:00\",\"mainEntityOfPage\":{\"@id\":\"https:\\\/\\\/kloepfel-consulting.com\\\/supply-chain-news\\\/bmw-senkt-erwartungen-11821\\\/\"},\"wordCount\":222,\"commentCount\":0,\"publisher\":{\"@id\":\"https:\\\/\\\/kloepfel-consulting.com\\\/#organization\"},\"image\":{\"@id\":\"https:\\\/\\\/kloepfel-consulting.com\\\/supply-chain-news\\\/bmw-senkt-erwartungen-11821\\\/#primaryimage\"},\"thumbnailUrl\":\"https:\\\/\\\/kloepfel-consulting.com\\\/wp-content\\\/uploads\\\/2025\\\/08\\\/BMW-Group-Konzernzentrale.jpg\",\"articleSection\":[\"Supply Chain News\"],\"inLanguage\":\"fr-FR\",\"potentialAction\":[{\"@type\":\"CommentAction\",\"name\":\"Comment\",\"target\":[\"https:\\\/\\\/kloepfel-consulting.com\\\/supply-chain-news\\\/bmw-senkt-erwartungen-11821\\\/#respond\"]}],\"copyrightYear\":\"2024\",\"copyrightHolder\":{\"@id\":\"https:\\\/\\\/kloepfel-consulting.com\\\/fr\\\/#organization\"}},{\"@type\":\"WebPage\",\"@id\":\"https:\\\/\\\/kloepfel-consulting.com\\\/supply-chain-news\\\/bmw-senkt-erwartungen-11821\\\/\",\"url\":\"https:\\\/\\\/kloepfel-consulting.com\\\/supply-chain-news\\\/bmw-senkt-erwartungen-11821\\\/\",\"name\":\"BMW senkt Erwartungen\",\"isPartOf\":{\"@id\":\"https:\\\/\\\/kloepfel-consulting.com\\\/#website\"},\"primaryImageOfPage\":{\"@id\":\"https:\\\/\\\/kloepfel-consulting.com\\\/supply-chain-news\\\/bmw-senkt-erwartungen-11821\\\/#primaryimage\"},\"image\":{\"@id\":\"https:\\\/\\\/kloepfel-consulting.com\\\/supply-chain-news\\\/bmw-senkt-erwartungen-11821\\\/#primaryimage\"},\"thumbnailUrl\":\"https:\\\/\\\/kloepfel-consulting.com\\\/wp-content\\\/uploads\\\/2025\\\/08\\\/BMW-Group-Konzernzentrale.jpg\",\"datePublished\":\"2024-09-12T07:24:50+00:00\",\"dateModified\":\"2025-08-27T09:24:50+00:00\",\"description\":\"Die BMW AG zeigt sich inzwischen etwas weniger optimistisch und hat entsprechend ihre Prognose f\u00fcr 2024 gesenkt.\",\"breadcrumb\":{\"@id\":\"https:\\\/\\\/kloepfel-consulting.com\\\/supply-chain-news\\\/bmw-senkt-erwartungen-11821\\\/#breadcrumb\"},\"inLanguage\":\"fr-FR\",\"potentialAction\":[{\"@type\":\"ReadAction\",\"target\":[\"https:\\\/\\\/kloepfel-consulting.com\\\/supply-chain-news\\\/bmw-senkt-erwartungen-11821\\\/\"]}]},{\"@type\":\"ImageObject\",\"inLanguage\":\"fr-FR\",\"@id\":\"https:\\\/\\\/kloepfel-consulting.com\\\/supply-chain-news\\\/bmw-senkt-erwartungen-11821\\\/#primaryimage\",\"url\":\"https:\\\/\\\/kloepfel-consulting.com\\\/wp-content\\\/uploads\\\/2025\\\/08\\\/BMW-Group-Konzernzentrale.jpg\",\"contentUrl\":\"https:\\\/\\\/kloepfel-consulting.com\\\/wp-content\\\/uploads\\\/2025\\\/08\\\/BMW-Group-Konzernzentrale.jpg\",\"width\":1920,\"height\":1080,\"caption\":\"Die BMW Konzernzentrale in M\u00fcnchen, sichtbar durch eine moderne Struktur.\"},{\"@type\":\"BreadcrumbList\",\"@id\":\"https:\\\/\\\/kloepfel-consulting.com\\\/supply-chain-news\\\/bmw-senkt-erwartungen-11821\\\/#breadcrumb\",\"itemListElement\":[{\"@type\":\"ListItem\",\"position\":1,\"name\":\"Startseite\",\"item\":\"https:\\\/\\\/kloepfel-consulting.com\\\/\"},{\"@type\":\"ListItem\",\"position\":2,\"name\":\"Logistikoptimierung\",\"item\":\"https:\\\/\\\/kloepfel-consulting.com\\\/zuordnung-landingpage\\\/logistikoptimierung\\\/\"},{\"@type\":\"ListItem\",\"position\":3,\"name\":\"BMW senkt Erwartungen\"}]},{\"@type\":\"WebSite\",\"@id\":\"https:\\\/\\\/kloepfel-consulting.com\\\/#website\",\"url\":\"https:\\\/\\\/kloepfel-consulting.com\\\/\",\"name\":\"KLOEPFEL by EPSA\",\"description\":\"\",\"publisher\":{\"@id\":\"https:\\\/\\\/kloepfel-consulting.com\\\/#organization\"},\"alternateName\":\"KLOEPFELbyEPSA\",\"potentialAction\":[{\"@type\":\"SearchAction\",\"target\":{\"@type\":\"EntryPoint\",\"urlTemplate\":\"https:\\\/\\\/kloepfel-consulting.com\\\/?s={search_term_string}\"},\"query-input\":{\"@type\":\"PropertyValueSpecification\",\"valueRequired\":true,\"valueName\":\"search_term_string\"}}],\"inLanguage\":\"fr-FR\"},{\"@type\":\"Organization\",\"@id\":\"https:\\\/\\\/kloepfel-consulting.com\\\/#organization\",\"name\":\"KLOEPFEL by EPSA\",\"alternateName\":\"KLOEPFELbyEPSA\",\"url\":\"https:\\\/\\\/kloepfel-consulting.com\\\/\",\"logo\":{\"@type\":\"ImageObject\",\"inLanguage\":\"fr-FR\",\"@id\":\"https:\\\/\\\/kloepfel-consulting.com\\\/#\\\/schema\\\/logo\\\/image\\\/\",\"url\":\"https:\\\/\\\/kloepfel-consulting.com\\\/wp-content\\\/uploads\\\/2025\\\/04\\\/logo.webp\",\"contentUrl\":\"https:\\\/\\\/kloepfel-consulting.com\\\/wp-content\\\/uploads\\\/2025\\\/04\\\/logo.webp\",\"width\":616,\"height\":284,\"caption\":\"KLOEPFEL by EPSA\"},\"image\":{\"@id\":\"https:\\\/\\\/kloepfel-consulting.com\\\/#\\\/schema\\\/logo\\\/image\\\/\"},\"sameAs\":[\"https:\\\/\\\/www.facebook.com\\\/KloepfelGroup\",\"https:\\\/\\\/www.linkedin.com\\\/company\\\/kloepfel-consulting-gmbh\",\"https:\\\/\\\/www.instagram.com\\\/kloepfel_by_epsa\\\/\"],\"description\":\"Einkaufsberatung f\u00fcr Einkauf, Logistik und Supply Chain\",\"email\":\"info@kloepfel-consulting.com\",\"telephone\":\"+4921194198433\",\"legalName\":\"Kloepfel Consulting GmbH\",\"foundingDate\":\"2007-02-01\",\"vatID\":\"DE254132249\",\"numberOfEmployees\":{\"@type\":\"QuantitativeValue\",\"minValue\":\"51\",\"maxValue\":\"200\"}},{\"@type\":\"Person\",\"@id\":\"https:\\\/\\\/kloepfel-consulting.com\\\/#\\\/schema\\\/person\\\/2691163984d9670e417622b00a4c0f26\",\"name\":\"semprediritto\",\"image\":{\"@type\":\"ImageObject\",\"inLanguage\":\"fr-FR\",\"@id\":\"https:\\\/\\\/secure.gravatar.com\\\/avatar\\\/878f3ddb8fa2117ffa32d8a3152e4368517da61e3b89dd9bbfe39501477bf1f1?s=96&d=mm&r=g\",\"url\":\"https:\\\/\\\/secure.gravatar.com\\\/avatar\\\/878f3ddb8fa2117ffa32d8a3152e4368517da61e3b89dd9bbfe39501477bf1f1?s=96&d=mm&r=g\",\"contentUrl\":\"https:\\\/\\\/secure.gravatar.com\\\/avatar\\\/878f3ddb8fa2117ffa32d8a3152e4368517da61e3b89dd9bbfe39501477bf1f1?s=96&d=mm&r=g\",\"caption\":\"semprediritto\"},\"sameAs\":[\"https:\\\/\\\/kloepfel.sempre-diritto.de\"]}]}<\/script>\n<!-- \/ Yoast SEO Premium plugin. -->","yoast_head_json":{"title":"BMW revoit ses pr\u00e9visions \u00e0 la baisse","description":"Entre-temps, BMW AG se montre un peu moins optimiste et a donc revu \u00e0 la baisse ses pr\u00e9visions pour 2024.","robots":{"index":"index","follow":"follow","max-snippet":"max-snippet:-1","max-image-preview":"max-image-preview:large","max-video-preview":"max-video-preview:-1"},"canonical":"https:\/\/kloepfel-consulting.com\/fr\/actualites-de-la-chaine-dapprovisionnement\/bmw-abaisse-ses-previsions-2\/","og_locale":"fr_FR","og_type":"article","og_title":"BMW senkt Erwartungen","og_description":"Die BMW AG zeigt sich inzwischen etwas weniger optimistisch und hat entsprechend ihre Prognose f\u00fcr 2024 gesenkt.","og_url":"https:\/\/kloepfel-consulting.com\/fr\/actualites-de-la-chaine-dapprovisionnement\/bmw-abaisse-ses-previsions-2\/","og_site_name":"KLOEPFEL by EPSA","article_publisher":"https:\/\/www.facebook.com\/KloepfelGroup","article_published_time":"2024-09-12T07:24:50+00:00","article_modified_time":"2025-08-27T09:24:50+00:00","og_image":[{"width":2200,"height":1608,"url":"https:\/\/kloepfel-consulting.com\/wp-content\/uploads\/2025\/07\/kloepfelgroup.webp","type":"image\/webp"}],"author":"semprediritto","twitter_card":"summary_large_image","twitter_title":"BMW senkt Erwartungen f\u00fcr 2024","twitter_description":"Erfahren Sie mehr \u00fcber die Prognoseanpassung von BMW und deren Auswirkungen.","twitter_misc":{"\u00c9crit par":"semprediritto","Dur\u00e9e de lecture estim\u00e9e":"2 minutes"},"schema":{"@context":"https:\/\/schema.org","@graph":[{"@type":"Article","@id":"https:\/\/kloepfel-consulting.com\/supply-chain-news\/bmw-senkt-erwartungen-11821\/#article","isPartOf":{"@id":"https:\/\/kloepfel-consulting.com\/supply-chain-news\/bmw-senkt-erwartungen-11821\/"},"author":{"name":"semprediritto","@id":"https:\/\/kloepfel-consulting.com\/#\/schema\/person\/2691163984d9670e417622b00a4c0f26"},"headline":"BMW senkt Erwartungen","datePublished":"2024-09-12T07:24:50+00:00","dateModified":"2025-08-27T09:24:50+00:00","mainEntityOfPage":{"@id":"https:\/\/kloepfel-consulting.com\/supply-chain-news\/bmw-senkt-erwartungen-11821\/"},"wordCount":222,"commentCount":0,"publisher":{"@id":"https:\/\/kloepfel-consulting.com\/#organization"},"image":{"@id":"https:\/\/kloepfel-consulting.com\/supply-chain-news\/bmw-senkt-erwartungen-11821\/#primaryimage"},"thumbnailUrl":"https:\/\/kloepfel-consulting.com\/wp-content\/uploads\/2025\/08\/BMW-Group-Konzernzentrale.jpg","articleSection":["Supply Chain News"],"inLanguage":"fr-FR","potentialAction":[{"@type":"CommentAction","name":"Comment","target":["https:\/\/kloepfel-consulting.com\/supply-chain-news\/bmw-senkt-erwartungen-11821\/#respond"]}],"copyrightYear":"2024","copyrightHolder":{"@id":"https:\/\/kloepfel-consulting.com\/fr\/#organization"}},{"@type":"WebPage","@id":"https:\/\/kloepfel-consulting.com\/supply-chain-news\/bmw-senkt-erwartungen-11821\/","url":"https:\/\/kloepfel-consulting.com\/supply-chain-news\/bmw-senkt-erwartungen-11821\/","name":"BMW revoit ses pr\u00e9visions \u00e0 la baisse","isPartOf":{"@id":"https:\/\/kloepfel-consulting.com\/#website"},"primaryImageOfPage":{"@id":"https:\/\/kloepfel-consulting.com\/supply-chain-news\/bmw-senkt-erwartungen-11821\/#primaryimage"},"image":{"@id":"https:\/\/kloepfel-consulting.com\/supply-chain-news\/bmw-senkt-erwartungen-11821\/#primaryimage"},"thumbnailUrl":"https:\/\/kloepfel-consulting.com\/wp-content\/uploads\/2025\/08\/BMW-Group-Konzernzentrale.jpg","datePublished":"2024-09-12T07:24:50+00:00","dateModified":"2025-08-27T09:24:50+00:00","description":"Entre-temps, BMW AG se montre un peu moins optimiste et a donc revu \u00e0 la baisse ses pr\u00e9visions pour 2024.","breadcrumb":{"@id":"https:\/\/kloepfel-consulting.com\/supply-chain-news\/bmw-senkt-erwartungen-11821\/#breadcrumb"},"inLanguage":"fr-FR","potentialAction":[{"@type":"ReadAction","target":["https:\/\/kloepfel-consulting.com\/supply-chain-news\/bmw-senkt-erwartungen-11821\/"]}]},{"@type":"ImageObject","inLanguage":"fr-FR","@id":"https:\/\/kloepfel-consulting.com\/supply-chain-news\/bmw-senkt-erwartungen-11821\/#primaryimage","url":"https:\/\/kloepfel-consulting.com\/wp-content\/uploads\/2025\/08\/BMW-Group-Konzernzentrale.jpg","contentUrl":"https:\/\/kloepfel-consulting.com\/wp-content\/uploads\/2025\/08\/BMW-Group-Konzernzentrale.jpg","width":1920,"height":1080,"caption":"Die BMW Konzernzentrale in M\u00fcnchen, sichtbar durch eine moderne Struktur."},{"@type":"BreadcrumbList","@id":"https:\/\/kloepfel-consulting.com\/supply-chain-news\/bmw-senkt-erwartungen-11821\/#breadcrumb","itemListElement":[{"@type":"ListItem","position":1,"name":"Startseite","item":"https:\/\/kloepfel-consulting.com\/"},{"@type":"ListItem","position":2,"name":"Logistikoptimierung","item":"https:\/\/kloepfel-consulting.com\/zuordnung-landingpage\/logistikoptimierung\/"},{"@type":"ListItem","position":3,"name":"BMW senkt Erwartungen"}]},{"@type":"WebSite","@id":"https:\/\/kloepfel-consulting.com\/#website","url":"https:\/\/kloepfel-consulting.com\/","name":"KLOEPFEL by EPSA","description":"","publisher":{"@id":"https:\/\/kloepfel-consulting.com\/#organization"},"alternateName":"KLOEPFELbyEPSA","potentialAction":[{"@type":"SearchAction","target":{"@type":"EntryPoint","urlTemplate":"https:\/\/kloepfel-consulting.com\/?s={search_term_string}"},"query-input":{"@type":"PropertyValueSpecification","valueRequired":true,"valueName":"search_term_string"}}],"inLanguage":"fr-FR"},{"@type":"Organization","@id":"https:\/\/kloepfel-consulting.com\/#organization","name":"KLOEPFEL by EPSA","alternateName":"KLOEPFELbyEPSA","url":"https:\/\/kloepfel-consulting.com\/","logo":{"@type":"ImageObject","inLanguage":"fr-FR","@id":"https:\/\/kloepfel-consulting.com\/#\/schema\/logo\/image\/","url":"https:\/\/kloepfel-consulting.com\/wp-content\/uploads\/2025\/04\/logo.webp","contentUrl":"https:\/\/kloepfel-consulting.com\/wp-content\/uploads\/2025\/04\/logo.webp","width":616,"height":284,"caption":"KLOEPFEL by EPSA"},"image":{"@id":"https:\/\/kloepfel-consulting.com\/#\/schema\/logo\/image\/"},"sameAs":["https:\/\/www.facebook.com\/KloepfelGroup","https:\/\/www.linkedin.com\/company\/kloepfel-consulting-gmbh","https:\/\/www.instagram.com\/kloepfel_by_epsa\/"],"description":"Conseil d'achat pour l'approvisionnement, la logistique et la cha\u00eene d'approvisionnement","email":"info@kloepfel-consulting.com","telephone":"+4921194198433","legalName":"Kloepfel Consulting GmbH","foundingDate":"2007-02-01","vatID":"DE254132249","numberOfEmployees":{"@type":"QuantitativeValue","minValue":"51","maxValue":"200"}},{"@type":"Person","@id":"https:\/\/kloepfel-consulting.com\/#\/schema\/person\/2691163984d9670e417622b00a4c0f26","name":"Toujours le droit","image":{"@type":"ImageObject","inLanguage":"fr-FR","@id":"https:\/\/secure.gravatar.com\/avatar\/878f3ddb8fa2117ffa32d8a3152e4368517da61e3b89dd9bbfe39501477bf1f1?s=96&d=mm&r=g","url":"https:\/\/secure.gravatar.com\/avatar\/878f3ddb8fa2117ffa32d8a3152e4368517da61e3b89dd9bbfe39501477bf1f1?s=96&d=mm&r=g","contentUrl":"https:\/\/secure.gravatar.com\/avatar\/878f3ddb8fa2117ffa32d8a3152e4368517da61e3b89dd9bbfe39501477bf1f1?s=96&d=mm&r=g","caption":"semprediritto"},"sameAs":["https:\/\/kloepfel.sempre-diritto.de"]}]}},"_links":{"self":[{"href":"https:\/\/kloepfel-consulting.com\/fr\/wp-json\/wp\/v2\/posts\/11821","targetHints":{"allow":["GET"]}}],"collection":[{"href":"https:\/\/kloepfel-consulting.com\/fr\/wp-json\/wp\/v2\/posts"}],"about":[{"href":"https:\/\/kloepfel-consulting.com\/fr\/wp-json\/wp\/v2\/types\/post"}],"author":[{"embeddable":true,"href":"https:\/\/kloepfel-consulting.com\/fr\/wp-json\/wp\/v2\/users\/1"}],"replies":[{"embeddable":true,"href":"https:\/\/kloepfel-consulting.com\/fr\/wp-json\/wp\/v2\/comments?post=11821"}],"version-history":[{"count":2,"href":"https:\/\/kloepfel-consulting.com\/fr\/wp-json\/wp\/v2\/posts\/11821\/revisions"}],"predecessor-version":[{"id":14682,"href":"https:\/\/kloepfel-consulting.com\/fr\/wp-json\/wp\/v2\/posts\/11821\/revisions\/14682"}],"wp:featuredmedia":[{"embeddable":true,"href":"https:\/\/kloepfel-consulting.com\/fr\/wp-json\/wp\/v2\/media\/11822"}],"wp:attachment":[{"href":"https:\/\/kloepfel-consulting.com\/fr\/wp-json\/wp\/v2\/media?parent=11821"}],"wp:term":[{"taxonomy":"category","embeddable":true,"href":"https:\/\/kloepfel-consulting.com\/fr\/wp-json\/wp\/v2\/categories?post=11821"},{"taxonomy":"post_tag","embeddable":true,"href":"https:\/\/kloepfel-consulting.com\/fr\/wp-json\/wp\/v2\/tags?post=11821"},{"taxonomy":"referenzkategorie","embeddable":true,"href":"https:\/\/kloepfel-consulting.com\/fr\/wp-json\/wp\/v2\/referenzkategorie?post=11821"}],"curies":[{"name":"wp","href":"https:\/\/api.w.org\/{rel}","templated":true}]}}