{"id":11833,"date":"2024-09-17T09:24:50","date_gmt":"2024-09-17T07:24:50","guid":{"rendered":"https:\/\/kloepfel.sempre-diritto.de\/2024\/09\/17\/voith-bekommt-neuen-chef\/"},"modified":"2025-08-27T11:24:50","modified_gmt":"2025-08-27T09:24:50","slug":"voith-a-un-nouveau-patron","status":"publish","type":"post","link":"https:\/\/kloepfel-consulting.com\/fr\/supply-chain-news\/voith-bekommt-neuen-chef-11833\/","title":{"rendered":"Voith a un nouveau chef"},"content":{"rendered":"<h2>Un expert en num\u00e9risation comme CEO<\/h2>\n<p>Chez le groupe technologique <a href=\"https:\/\/kloepfel-consulting.com\/fr\/actualites-de-la-chaine-dapprovisionnement\/unternehmen\/voith-ueberzeugt-automobilhersteller-mit-hochelastischen-kupplungen-21844\/\" rel=\"noopener\" target=\"_blank\">Voith<\/a> Dirk Hoke succ\u00e9dera \u00e0 Toralf Haag au printemps de l'ann\u00e9e prochaine.<\/p>\n<p>Comme Haag a d\u00e9j\u00e0 quitt\u00e9 l'entreprise le 31 ao\u00fbt et que Hoke ne pourra reprendre le poste qu'au 1er avril 2025, c'est Andreas Endters qui assurera dans un premier temps la direction int\u00e9rimaire du Groupe Voith. Parall\u00e8lement, Endters continuera d'exercer les fonctions de CEO de Voith Papers.<\/p>\n<h3>De Volocopter \u00e0 Voith<\/h3>\n<p>Selon Voith, Dirk Hoke a maintenant 30 ans d'exp\u00e9rience professionnelle. Durant cette p\u00e9riode, il a occup\u00e9 des fonctions de direction dans les secteurs de l'a\u00e9ronautique, de l'automobile et de la technologie. Selon Voith, Hoke a mis l'accent sur les points suivants <strong>Num\u00e9risation<\/strong>. <\/p>\n<p>Actuellement, Dirk Hoke est CEO pour la <a href=\"https:\/\/kloepfel-consulting.com\/fr\/actualites-de-la-chaine-dapprovisionnement\/chaine-dapprovisionnement\/volocopter-db-schenker-entwickeln-betriebsplan-frachtdrohne-2756283\/\" rel=\"noopener\" target=\"_blank\">Volocopter GmbH<\/a> de la soci\u00e9t\u00e9. Selon le communiqu\u00e9 de presse de Voith, Hoke est en outre membre du Conseil de l'avenir du chancelier f\u00e9d\u00e9ral. Selon le groupe technologique, ce conseil s'occupe de la force d'innovation du site \u00e9conomique allemand.<\/p>\n<p>\u201eAvec Dirk Hoke, nous avons pu gagner une personnalit\u00e9 dirigeante confirm\u00e9e pour Voith. Gr\u00e2ce \u00e0 sa vaste exp\u00e9rience industrielle et \u00e0 ses comp\u00e9tences interculturelles exceptionnelles, Dirk Hoke orientera r\u00e9solument l'entreprise vers l'avenir, augmentera encore la rentabilit\u00e9 et renforcera le positionnement de Voith en tant qu'entreprise technologique d'envergure mondiale\u201c, explique Siegfried Russwurm, pr\u00e9sident du conseil de surveillance de Voith GmbH &amp; Co. KGaA et du comit\u00e9 des actionnaires de Voith Management GmbH.<\/p>","protected":false},"excerpt":{"rendered":"<p>Digitalisierungsexperte als CEO Beim Technologiekonzern Voith wird Dirk Hoke im Fr\u00fchjahr kommenden Jahres die Nachfolge von Toralf Haag antreten. Da Haag schon zum 31. August das Unternehmen verlassen hat und Hoke erst zum 1. April 2025 die Position \u00fcbernehmen kann, wird vorerst Andreas Endters die kommissarische Leitung des Voith-Konzerns \u00fcbernehmen. Parallel dazu wird Endters weiterhin [&hellip;]<\/p>\n","protected":false},"author":1,"featured_media":11834,"comment_status":"open","ping_status":"open","sticky":false,"template":"","format":"standard","meta":{"_acf_changed":false,"footnotes":""},"categories":[88],"tags":[],"referenzkategorie":[],"class_list":["post-11833","post","type-post","status-publish","format-standard","has-post-thumbnail","hentry","category-supply-chain-news"],"acf":[],"yoast_head":"<!-- This site is optimized with the Yoast SEO Premium plugin v27.5 (Yoast SEO v27.5) - https:\/\/yoast.com\/product\/yoast-seo-premium-wordpress\/ -->\n<title>Voith bekommt neuen Chef<\/title>\n<meta name=\"description\" content=\"Beim Technologiekonzern Voith wird Dirk Hoke im Fr\u00fchjahr kommenden Jahres die Nachfolge von Toralf Haag antreten.\" \/>\n<meta name=\"robots\" content=\"index, follow, max-snippet:-1, max-image-preview:large, max-video-preview:-1\" \/>\n<link rel=\"canonical\" href=\"https:\/\/kloepfel-consulting.com\/fr\/actualites-de-la-chaine-dapprovisionnement\/voith-a-un-nouveau-patron-11833\/\" \/>\n<meta property=\"og:locale\" content=\"fr_FR\" \/>\n<meta property=\"og:type\" content=\"article\" \/>\n<meta property=\"og:title\" content=\"Voith bekommt neuen Chef\" \/>\n<meta property=\"og:description\" content=\"Beim Technologiekonzern Voith wird Dirk Hoke im Fr\u00fchjahr kommenden Jahres die Nachfolge von Toralf Haag antreten.\" \/>\n<meta property=\"og:url\" content=\"https:\/\/kloepfel-consulting.com\/fr\/actualites-de-la-chaine-dapprovisionnement\/voith-a-un-nouveau-patron-11833\/\" \/>\n<meta property=\"og:site_name\" content=\"KLOEPFEL by EPSA\" \/>\n<meta property=\"article:publisher\" content=\"https:\/\/www.facebook.com\/KloepfelGroup\" \/>\n<meta property=\"article:published_time\" content=\"2024-09-17T07:24:50+00:00\" \/>\n<meta property=\"article:modified_time\" content=\"2025-08-27T09:24:50+00:00\" \/>\n<meta property=\"og:image\" content=\"https:\/\/kloepfel-consulting.com\/wp-content\/uploads\/2025\/07\/kloepfelgroup.webp\" \/>\n\t<meta property=\"og:image:width\" content=\"2200\" \/>\n\t<meta property=\"og:image:height\" content=\"1608\" \/>\n\t<meta property=\"og:image:type\" content=\"image\/webp\" \/>\n<meta name=\"author\" content=\"semprediritto\" \/>\n<meta name=\"twitter:card\" content=\"summary_large_image\" \/>\n<meta name=\"twitter:title\" content=\"Voith bekommt neuen CEO: Dirk Hoke\" \/>\n<meta name=\"twitter:description\" content=\"Dirk Hoke \u00fcbernimmt die F\u00fchrung bei Voith. Erfahren Sie mehr \u00fcber seine Pl\u00e4ne!\" \/>\n<meta name=\"twitter:label1\" content=\"\u00c9crit par\" \/>\n\t<meta name=\"twitter:data1\" content=\"semprediritto\" \/>\n\t<meta name=\"twitter:label2\" content=\"Dur\u00e9e de lecture estim\u00e9e\" \/>\n\t<meta name=\"twitter:data2\" content=\"2 minutes\" \/>\n<script type=\"application\/ld+json\" class=\"yoast-schema-graph\">{\"@context\":\"https:\\\/\\\/schema.org\",\"@graph\":[{\"@type\":\"Article\",\"@id\":\"https:\\\/\\\/kloepfel-consulting.com\\\/supply-chain-news\\\/voith-bekommt-neuen-chef-11833\\\/#article\",\"isPartOf\":{\"@id\":\"https:\\\/\\\/kloepfel-consulting.com\\\/supply-chain-news\\\/voith-bekommt-neuen-chef-11833\\\/\"},\"author\":{\"name\":\"semprediritto\",\"@id\":\"https:\\\/\\\/kloepfel-consulting.com\\\/#\\\/schema\\\/person\\\/2691163984d9670e417622b00a4c0f26\"},\"headline\":\"Voith bekommt neuen Chef\",\"datePublished\":\"2024-09-17T07:24:50+00:00\",\"dateModified\":\"2025-08-27T09:24:50+00:00\",\"mainEntityOfPage\":{\"@id\":\"https:\\\/\\\/kloepfel-consulting.com\\\/supply-chain-news\\\/voith-bekommt-neuen-chef-11833\\\/\"},\"wordCount\":213,\"commentCount\":0,\"publisher\":{\"@id\":\"https:\\\/\\\/kloepfel-consulting.com\\\/#organization\"},\"image\":{\"@id\":\"https:\\\/\\\/kloepfel-consulting.com\\\/supply-chain-news\\\/voith-bekommt-neuen-chef-11833\\\/#primaryimage\"},\"thumbnailUrl\":\"https:\\\/\\\/kloepfel-consulting.com\\\/wp-content\\\/uploads\\\/2025\\\/08\\\/Voith-scaled-1.jpg\",\"articleSection\":[\"Supply Chain News\"],\"inLanguage\":\"fr-FR\",\"potentialAction\":[{\"@type\":\"CommentAction\",\"name\":\"Comment\",\"target\":[\"https:\\\/\\\/kloepfel-consulting.com\\\/supply-chain-news\\\/voith-bekommt-neuen-chef-11833\\\/#respond\"]}],\"copyrightYear\":\"2024\",\"copyrightHolder\":{\"@id\":\"https:\\\/\\\/kloepfel-consulting.com\\\/fr\\\/#organization\"}},{\"@type\":\"WebPage\",\"@id\":\"https:\\\/\\\/kloepfel-consulting.com\\\/supply-chain-news\\\/voith-bekommt-neuen-chef-11833\\\/\",\"url\":\"https:\\\/\\\/kloepfel-consulting.com\\\/supply-chain-news\\\/voith-bekommt-neuen-chef-11833\\\/\",\"name\":\"Voith bekommt neuen Chef\",\"isPartOf\":{\"@id\":\"https:\\\/\\\/kloepfel-consulting.com\\\/#website\"},\"primaryImageOfPage\":{\"@id\":\"https:\\\/\\\/kloepfel-consulting.com\\\/supply-chain-news\\\/voith-bekommt-neuen-chef-11833\\\/#primaryimage\"},\"image\":{\"@id\":\"https:\\\/\\\/kloepfel-consulting.com\\\/supply-chain-news\\\/voith-bekommt-neuen-chef-11833\\\/#primaryimage\"},\"thumbnailUrl\":\"https:\\\/\\\/kloepfel-consulting.com\\\/wp-content\\\/uploads\\\/2025\\\/08\\\/Voith-scaled-1.jpg\",\"datePublished\":\"2024-09-17T07:24:50+00:00\",\"dateModified\":\"2025-08-27T09:24:50+00:00\",\"description\":\"Beim Technologiekonzern Voith wird Dirk Hoke im Fr\u00fchjahr kommenden Jahres die Nachfolge von Toralf Haag antreten.\",\"breadcrumb\":{\"@id\":\"https:\\\/\\\/kloepfel-consulting.com\\\/supply-chain-news\\\/voith-bekommt-neuen-chef-11833\\\/#breadcrumb\"},\"inLanguage\":\"fr-FR\",\"potentialAction\":[{\"@type\":\"ReadAction\",\"target\":[\"https:\\\/\\\/kloepfel-consulting.com\\\/supply-chain-news\\\/voith-bekommt-neuen-chef-11833\\\/\"]}]},{\"@type\":\"ImageObject\",\"inLanguage\":\"fr-FR\",\"@id\":\"https:\\\/\\\/kloepfel-consulting.com\\\/supply-chain-news\\\/voith-bekommt-neuen-chef-11833\\\/#primaryimage\",\"url\":\"https:\\\/\\\/kloepfel-consulting.com\\\/wp-content\\\/uploads\\\/2025\\\/08\\\/Voith-scaled-1.jpg\",\"contentUrl\":\"https:\\\/\\\/kloepfel-consulting.com\\\/wp-content\\\/uploads\\\/2025\\\/08\\\/Voith-scaled-1.jpg\",\"width\":2560,\"height\":1655,\"caption\":\"Ein Elektrobus vor dem modernen Voith Geb\u00e4ude.\"},{\"@type\":\"BreadcrumbList\",\"@id\":\"https:\\\/\\\/kloepfel-consulting.com\\\/supply-chain-news\\\/voith-bekommt-neuen-chef-11833\\\/#breadcrumb\",\"itemListElement\":[{\"@type\":\"ListItem\",\"position\":1,\"name\":\"Startseite\",\"item\":\"https:\\\/\\\/kloepfel-consulting.com\\\/\"},{\"@type\":\"ListItem\",\"position\":2,\"name\":\"Logistikoptimierung\",\"item\":\"https:\\\/\\\/kloepfel-consulting.com\\\/zuordnung-landingpage\\\/logistikoptimierung\\\/\"},{\"@type\":\"ListItem\",\"position\":3,\"name\":\"Voith bekommt neuen Chef\"}]},{\"@type\":\"WebSite\",\"@id\":\"https:\\\/\\\/kloepfel-consulting.com\\\/#website\",\"url\":\"https:\\\/\\\/kloepfel-consulting.com\\\/\",\"name\":\"KLOEPFEL by EPSA\",\"description\":\"\",\"publisher\":{\"@id\":\"https:\\\/\\\/kloepfel-consulting.com\\\/#organization\"},\"alternateName\":\"KLOEPFELbyEPSA\",\"potentialAction\":[{\"@type\":\"SearchAction\",\"target\":{\"@type\":\"EntryPoint\",\"urlTemplate\":\"https:\\\/\\\/kloepfel-consulting.com\\\/?s={search_term_string}\"},\"query-input\":{\"@type\":\"PropertyValueSpecification\",\"valueRequired\":true,\"valueName\":\"search_term_string\"}}],\"inLanguage\":\"fr-FR\"},{\"@type\":\"Organization\",\"@id\":\"https:\\\/\\\/kloepfel-consulting.com\\\/#organization\",\"name\":\"KLOEPFEL by EPSA\",\"alternateName\":\"KLOEPFELbyEPSA\",\"url\":\"https:\\\/\\\/kloepfel-consulting.com\\\/\",\"logo\":{\"@type\":\"ImageObject\",\"inLanguage\":\"fr-FR\",\"@id\":\"https:\\\/\\\/kloepfel-consulting.com\\\/#\\\/schema\\\/logo\\\/image\\\/\",\"url\":\"https:\\\/\\\/kloepfel-consulting.com\\\/wp-content\\\/uploads\\\/2025\\\/04\\\/logo.webp\",\"contentUrl\":\"https:\\\/\\\/kloepfel-consulting.com\\\/wp-content\\\/uploads\\\/2025\\\/04\\\/logo.webp\",\"width\":616,\"height\":284,\"caption\":\"KLOEPFEL by EPSA\"},\"image\":{\"@id\":\"https:\\\/\\\/kloepfel-consulting.com\\\/#\\\/schema\\\/logo\\\/image\\\/\"},\"sameAs\":[\"https:\\\/\\\/www.facebook.com\\\/KloepfelGroup\",\"https:\\\/\\\/www.linkedin.com\\\/company\\\/kloepfel-consulting-gmbh\",\"https:\\\/\\\/www.instagram.com\\\/kloepfel_by_epsa\\\/\"],\"description\":\"Einkaufsberatung f\u00fcr Einkauf, Logistik und Supply Chain\",\"email\":\"info@kloepfel-consulting.com\",\"telephone\":\"+4921194198433\",\"legalName\":\"Kloepfel Consulting GmbH\",\"foundingDate\":\"2007-02-01\",\"vatID\":\"DE254132249\",\"numberOfEmployees\":{\"@type\":\"QuantitativeValue\",\"minValue\":\"51\",\"maxValue\":\"200\"}},{\"@type\":\"Person\",\"@id\":\"https:\\\/\\\/kloepfel-consulting.com\\\/#\\\/schema\\\/person\\\/2691163984d9670e417622b00a4c0f26\",\"name\":\"semprediritto\",\"image\":{\"@type\":\"ImageObject\",\"inLanguage\":\"fr-FR\",\"@id\":\"https:\\\/\\\/secure.gravatar.com\\\/avatar\\\/878f3ddb8fa2117ffa32d8a3152e4368517da61e3b89dd9bbfe39501477bf1f1?s=96&d=mm&r=g\",\"url\":\"https:\\\/\\\/secure.gravatar.com\\\/avatar\\\/878f3ddb8fa2117ffa32d8a3152e4368517da61e3b89dd9bbfe39501477bf1f1?s=96&d=mm&r=g\",\"contentUrl\":\"https:\\\/\\\/secure.gravatar.com\\\/avatar\\\/878f3ddb8fa2117ffa32d8a3152e4368517da61e3b89dd9bbfe39501477bf1f1?s=96&d=mm&r=g\",\"caption\":\"semprediritto\"},\"sameAs\":[\"https:\\\/\\\/kloepfel.sempre-diritto.de\"]}]}<\/script>\n<!-- \/ Yoast SEO Premium plugin. -->","yoast_head_json":{"title":"Voith a un nouveau chef","description":"Au sein du groupe technologique Voith, Dirk Hoke prendra la succession de Toralf Haag au printemps prochain.","robots":{"index":"index","follow":"follow","max-snippet":"max-snippet:-1","max-image-preview":"max-image-preview:large","max-video-preview":"max-video-preview:-1"},"canonical":"https:\/\/kloepfel-consulting.com\/fr\/actualites-de-la-chaine-dapprovisionnement\/voith-a-un-nouveau-patron-11833\/","og_locale":"fr_FR","og_type":"article","og_title":"Voith bekommt neuen Chef","og_description":"Beim Technologiekonzern Voith wird Dirk Hoke im Fr\u00fchjahr kommenden Jahres die Nachfolge von Toralf Haag antreten.","og_url":"https:\/\/kloepfel-consulting.com\/fr\/actualites-de-la-chaine-dapprovisionnement\/voith-a-un-nouveau-patron-11833\/","og_site_name":"KLOEPFEL by EPSA","article_publisher":"https:\/\/www.facebook.com\/KloepfelGroup","article_published_time":"2024-09-17T07:24:50+00:00","article_modified_time":"2025-08-27T09:24:50+00:00","og_image":[{"width":2200,"height":1608,"url":"https:\/\/kloepfel-consulting.com\/wp-content\/uploads\/2025\/07\/kloepfelgroup.webp","type":"image\/webp"}],"author":"semprediritto","twitter_card":"summary_large_image","twitter_title":"Voith bekommt neuen CEO: Dirk Hoke","twitter_description":"Dirk Hoke \u00fcbernimmt die F\u00fchrung bei Voith. Erfahren Sie mehr \u00fcber seine Pl\u00e4ne!","twitter_misc":{"\u00c9crit par":"semprediritto","Dur\u00e9e de lecture estim\u00e9e":"2 minutes"},"schema":{"@context":"https:\/\/schema.org","@graph":[{"@type":"Article","@id":"https:\/\/kloepfel-consulting.com\/supply-chain-news\/voith-bekommt-neuen-chef-11833\/#article","isPartOf":{"@id":"https:\/\/kloepfel-consulting.com\/supply-chain-news\/voith-bekommt-neuen-chef-11833\/"},"author":{"name":"semprediritto","@id":"https:\/\/kloepfel-consulting.com\/#\/schema\/person\/2691163984d9670e417622b00a4c0f26"},"headline":"Voith bekommt neuen Chef","datePublished":"2024-09-17T07:24:50+00:00","dateModified":"2025-08-27T09:24:50+00:00","mainEntityOfPage":{"@id":"https:\/\/kloepfel-consulting.com\/supply-chain-news\/voith-bekommt-neuen-chef-11833\/"},"wordCount":213,"commentCount":0,"publisher":{"@id":"https:\/\/kloepfel-consulting.com\/#organization"},"image":{"@id":"https:\/\/kloepfel-consulting.com\/supply-chain-news\/voith-bekommt-neuen-chef-11833\/#primaryimage"},"thumbnailUrl":"https:\/\/kloepfel-consulting.com\/wp-content\/uploads\/2025\/08\/Voith-scaled-1.jpg","articleSection":["Supply Chain News"],"inLanguage":"fr-FR","potentialAction":[{"@type":"CommentAction","name":"Comment","target":["https:\/\/kloepfel-consulting.com\/supply-chain-news\/voith-bekommt-neuen-chef-11833\/#respond"]}],"copyrightYear":"2024","copyrightHolder":{"@id":"https:\/\/kloepfel-consulting.com\/fr\/#organization"}},{"@type":"WebPage","@id":"https:\/\/kloepfel-consulting.com\/supply-chain-news\/voith-bekommt-neuen-chef-11833\/","url":"https:\/\/kloepfel-consulting.com\/supply-chain-news\/voith-bekommt-neuen-chef-11833\/","name":"Voith a un nouveau chef","isPartOf":{"@id":"https:\/\/kloepfel-consulting.com\/#website"},"primaryImageOfPage":{"@id":"https:\/\/kloepfel-consulting.com\/supply-chain-news\/voith-bekommt-neuen-chef-11833\/#primaryimage"},"image":{"@id":"https:\/\/kloepfel-consulting.com\/supply-chain-news\/voith-bekommt-neuen-chef-11833\/#primaryimage"},"thumbnailUrl":"https:\/\/kloepfel-consulting.com\/wp-content\/uploads\/2025\/08\/Voith-scaled-1.jpg","datePublished":"2024-09-17T07:24:50+00:00","dateModified":"2025-08-27T09:24:50+00:00","description":"Au sein du groupe technologique Voith, Dirk Hoke prendra la succession de Toralf Haag au printemps prochain.","breadcrumb":{"@id":"https:\/\/kloepfel-consulting.com\/supply-chain-news\/voith-bekommt-neuen-chef-11833\/#breadcrumb"},"inLanguage":"fr-FR","potentialAction":[{"@type":"ReadAction","target":["https:\/\/kloepfel-consulting.com\/supply-chain-news\/voith-bekommt-neuen-chef-11833\/"]}]},{"@type":"ImageObject","inLanguage":"fr-FR","@id":"https:\/\/kloepfel-consulting.com\/supply-chain-news\/voith-bekommt-neuen-chef-11833\/#primaryimage","url":"https:\/\/kloepfel-consulting.com\/wp-content\/uploads\/2025\/08\/Voith-scaled-1.jpg","contentUrl":"https:\/\/kloepfel-consulting.com\/wp-content\/uploads\/2025\/08\/Voith-scaled-1.jpg","width":2560,"height":1655,"caption":"Ein Elektrobus vor dem modernen Voith Geb\u00e4ude."},{"@type":"BreadcrumbList","@id":"https:\/\/kloepfel-consulting.com\/supply-chain-news\/voith-bekommt-neuen-chef-11833\/#breadcrumb","itemListElement":[{"@type":"ListItem","position":1,"name":"Startseite","item":"https:\/\/kloepfel-consulting.com\/"},{"@type":"ListItem","position":2,"name":"Logistikoptimierung","item":"https:\/\/kloepfel-consulting.com\/zuordnung-landingpage\/logistikoptimierung\/"},{"@type":"ListItem","position":3,"name":"Voith bekommt neuen Chef"}]},{"@type":"WebSite","@id":"https:\/\/kloepfel-consulting.com\/#website","url":"https:\/\/kloepfel-consulting.com\/","name":"KLOEPFEL by EPSA","description":"","publisher":{"@id":"https:\/\/kloepfel-consulting.com\/#organization"},"alternateName":"KLOEPFELbyEPSA","potentialAction":[{"@type":"SearchAction","target":{"@type":"EntryPoint","urlTemplate":"https:\/\/kloepfel-consulting.com\/?s={search_term_string}"},"query-input":{"@type":"PropertyValueSpecification","valueRequired":true,"valueName":"search_term_string"}}],"inLanguage":"fr-FR"},{"@type":"Organization","@id":"https:\/\/kloepfel-consulting.com\/#organization","name":"KLOEPFEL by EPSA","alternateName":"KLOEPFELbyEPSA","url":"https:\/\/kloepfel-consulting.com\/","logo":{"@type":"ImageObject","inLanguage":"fr-FR","@id":"https:\/\/kloepfel-consulting.com\/#\/schema\/logo\/image\/","url":"https:\/\/kloepfel-consulting.com\/wp-content\/uploads\/2025\/04\/logo.webp","contentUrl":"https:\/\/kloepfel-consulting.com\/wp-content\/uploads\/2025\/04\/logo.webp","width":616,"height":284,"caption":"KLOEPFEL by EPSA"},"image":{"@id":"https:\/\/kloepfel-consulting.com\/#\/schema\/logo\/image\/"},"sameAs":["https:\/\/www.facebook.com\/KloepfelGroup","https:\/\/www.linkedin.com\/company\/kloepfel-consulting-gmbh","https:\/\/www.instagram.com\/kloepfel_by_epsa\/"],"description":"Conseil d'achat pour l'approvisionnement, la logistique et la cha\u00eene d'approvisionnement","email":"info@kloepfel-consulting.com","telephone":"+4921194198433","legalName":"Kloepfel Consulting GmbH","foundingDate":"2007-02-01","vatID":"DE254132249","numberOfEmployees":{"@type":"QuantitativeValue","minValue":"51","maxValue":"200"}},{"@type":"Person","@id":"https:\/\/kloepfel-consulting.com\/#\/schema\/person\/2691163984d9670e417622b00a4c0f26","name":"Toujours le droit","image":{"@type":"ImageObject","inLanguage":"fr-FR","@id":"https:\/\/secure.gravatar.com\/avatar\/878f3ddb8fa2117ffa32d8a3152e4368517da61e3b89dd9bbfe39501477bf1f1?s=96&d=mm&r=g","url":"https:\/\/secure.gravatar.com\/avatar\/878f3ddb8fa2117ffa32d8a3152e4368517da61e3b89dd9bbfe39501477bf1f1?s=96&d=mm&r=g","contentUrl":"https:\/\/secure.gravatar.com\/avatar\/878f3ddb8fa2117ffa32d8a3152e4368517da61e3b89dd9bbfe39501477bf1f1?s=96&d=mm&r=g","caption":"semprediritto"},"sameAs":["https:\/\/kloepfel.sempre-diritto.de"]}]}},"_links":{"self":[{"href":"https:\/\/kloepfel-consulting.com\/fr\/wp-json\/wp\/v2\/posts\/11833","targetHints":{"allow":["GET"]}}],"collection":[{"href":"https:\/\/kloepfel-consulting.com\/fr\/wp-json\/wp\/v2\/posts"}],"about":[{"href":"https:\/\/kloepfel-consulting.com\/fr\/wp-json\/wp\/v2\/types\/post"}],"author":[{"embeddable":true,"href":"https:\/\/kloepfel-consulting.com\/fr\/wp-json\/wp\/v2\/users\/1"}],"replies":[{"embeddable":true,"href":"https:\/\/kloepfel-consulting.com\/fr\/wp-json\/wp\/v2\/comments?post=11833"}],"version-history":[{"count":2,"href":"https:\/\/kloepfel-consulting.com\/fr\/wp-json\/wp\/v2\/posts\/11833\/revisions"}],"predecessor-version":[{"id":14684,"href":"https:\/\/kloepfel-consulting.com\/fr\/wp-json\/wp\/v2\/posts\/11833\/revisions\/14684"}],"wp:featuredmedia":[{"embeddable":true,"href":"https:\/\/kloepfel-consulting.com\/fr\/wp-json\/wp\/v2\/media\/11834"}],"wp:attachment":[{"href":"https:\/\/kloepfel-consulting.com\/fr\/wp-json\/wp\/v2\/media?parent=11833"}],"wp:term":[{"taxonomy":"category","embeddable":true,"href":"https:\/\/kloepfel-consulting.com\/fr\/wp-json\/wp\/v2\/categories?post=11833"},{"taxonomy":"post_tag","embeddable":true,"href":"https:\/\/kloepfel-consulting.com\/fr\/wp-json\/wp\/v2\/tags?post=11833"},{"taxonomy":"referenzkategorie","embeddable":true,"href":"https:\/\/kloepfel-consulting.com\/fr\/wp-json\/wp\/v2\/referenzkategorie?post=11833"}],"curies":[{"name":"wp","href":"https:\/\/api.w.org\/{rel}","templated":true}]}}