{"id":11856,"date":"2024-10-04T09:24:51","date_gmt":"2024-10-04T07:24:51","guid":{"rendered":"https:\/\/kloepfel.sempre-diritto.de\/2024\/10\/04\/maeurer-wirtz-duftlizenz-tom-tailor\/"},"modified":"2025-08-27T11:24:51","modified_gmt":"2025-08-27T09:24:51","slug":"maeurer-wirtz-duftlizenz-tom-tailor","status":"publish","type":"post","link":"https:\/\/kloepfel-consulting.com\/fr\/supply-chain-news\/maeurer-wirtz-duftlizenz-tom-tailor-11856\/","title":{"rendered":"M\u00e4urer &amp; Wirtz : Licence de parfum pour Tom Tailor"},"content":{"rendered":"<h2>Production de parfums pour une marque de mode connue<\/h2>\n<p>M\u00e4urer &amp; Wirtz reprend, \u00e0 partir du 1er janvier 2025, les <strong>Licence de marque<\/strong> pour Tom Tailor Fragrances de la soci\u00e9t\u00e9 Luxess GmbH. L'entreprise, l'un des grands fabricants de parfums en Allemagne, ajoute ainsi une nouvelle marque \u00e0 son portefeuille. Tom Tailor est surtout connu pour la mode dans le segment mainstream.<\/p>\n<p>Selon Stephan Kemen, CE0 de M\u00e4urer &amp; Wirtz, cette acquisition de licence est une \u00e9tape strat\u00e9gique qui soutient l'objectif de compter parmi les leaders mondiaux de la parfumerie d'ici 2030. Parall\u00e8lement, Kemen s'attend \u00e0 un renforcement de la position de l'entreprise sur le march\u00e9, notamment en Europe de l'Est. Selon le communiqu\u00e9 de presse de M\u00e4urer &amp; Wirtz, Kemen cite la somme de 300 millions d'euros comme objectif de chiffre d'affaires. Ce seuil de chiffre d'affaires est \u00e0 port\u00e9e de main en 2025, selon le CEO de l'entreprise familiale.<\/p>\n<p>M\u00e4urer &amp; Wirtz propose d\u00e9j\u00e0 des marques sous licence comme s.Oliver et Baldessarini. Gernot Lenz, CEO de Tom Tailor, se dit ravi de la coop\u00e9ration avec M\u00e4urer &amp; Wirtz. Il loue l'expertise et la proximit\u00e9 du march\u00e9 du fabricant de parfums. Ainsi, selon Lenz, il existe de bonnes conditions pour exploiter pleinement le potentiel de Tom Tailor Fragrances.<\/p>","protected":false},"excerpt":{"rendered":"<p>Duftherstellung f\u00fcr bekannte Modemarke M\u00e4urer &amp; Wirtz \u00fcbernimmt ab dem 1. Januar 2025 die Markenlizenz f\u00fcr Tom Tailor Fragrances von der Luxess GmbH. Damit erweitert das Unternehmen, einer der gro\u00dfen Dufthersteller in Deutschland, sein Portfolio um eine weitere Marke. Tom Tailor ist vor allem bekannt f\u00fcr Mode im Mainstream-Segment. Laut Stephan Kemen, CE0 von M\u00e4urer [&hellip;]<\/p>\n","protected":false},"author":1,"featured_media":11857,"comment_status":"open","ping_status":"open","sticky":false,"template":"","format":"standard","meta":{"_acf_changed":false,"footnotes":""},"categories":[88],"tags":[],"referenzkategorie":[],"class_list":["post-11856","post","type-post","status-publish","format-standard","has-post-thumbnail","hentry","category-supply-chain-news"],"acf":[],"yoast_head":"<!-- This site is optimized with the Yoast SEO Premium plugin v27.5 (Yoast SEO v27.5) - https:\/\/yoast.com\/product\/yoast-seo-premium-wordpress\/ -->\n<title>M\u00e4urer &amp; Wirtz: Duftlizenz f\u00fcr Tom Tailor<\/title>\n<meta name=\"description\" content=\"M\u00e4urer &amp; Wirtz \u00fcbernimmt ab dem 1. Januar 2025 die Markenlizenz f\u00fcr Tom Tailor Fragrances von der Luxess GmbH. Damit erweitert das Unter\" \/>\n<meta name=\"robots\" content=\"index, follow, max-snippet:-1, max-image-preview:large, max-video-preview:-1\" \/>\n<link rel=\"canonical\" href=\"https:\/\/kloepfel-consulting.com\/fr\/actualites-de-la-chaine-dapprovisionnement\/licence-de-parfum-maeurer-wirtz-tom-tailor-11856\/\" \/>\n<meta property=\"og:locale\" content=\"fr_FR\" \/>\n<meta property=\"og:type\" content=\"article\" \/>\n<meta property=\"og:title\" content=\"M\u00e4urer &amp; Wirtz: Duftlizenz f\u00fcr Tom Tailor\" \/>\n<meta property=\"og:description\" content=\"M\u00e4urer &amp; Wirtz \u00fcbernimmt ab dem 1. Januar 2025 die Markenlizenz f\u00fcr Tom Tailor Fragrances von der Luxess GmbH. Damit erweitert das Unternehmen, einer der gro\u00dfen Dufthersteller in Deutschland, sein Portfolio um eine weitere Marke. Tom Tailor ist vor allem bekannt f\u00fcr Mode im Mainstream-Segment.\" \/>\n<meta property=\"og:url\" content=\"https:\/\/kloepfel-consulting.com\/fr\/actualites-de-la-chaine-dapprovisionnement\/licence-de-parfum-maeurer-wirtz-tom-tailor-11856\/\" \/>\n<meta property=\"og:site_name\" content=\"KLOEPFEL by EPSA\" \/>\n<meta property=\"article:publisher\" content=\"https:\/\/www.facebook.com\/KloepfelGroup\" \/>\n<meta property=\"article:published_time\" content=\"2024-10-04T07:24:51+00:00\" \/>\n<meta property=\"article:modified_time\" content=\"2025-08-27T09:24:51+00:00\" \/>\n<meta property=\"og:image\" content=\"https:\/\/kloepfel-consulting.com\/wp-content\/uploads\/2025\/07\/kloepfelgroup.webp\" \/>\n\t<meta property=\"og:image:width\" content=\"2200\" \/>\n\t<meta property=\"og:image:height\" content=\"1608\" \/>\n\t<meta property=\"og:image:type\" content=\"image\/webp\" \/>\n<meta name=\"author\" content=\"semprediritto\" \/>\n<meta name=\"twitter:card\" content=\"summary_large_image\" \/>\n<meta name=\"twitter:title\" content=\"M\u00e4urer &amp; Wirtz sichert sich Tom Tailor Lizenz\" \/>\n<meta name=\"twitter:description\" content=\"Erfahren Sie mehr \u00fcber die neue Lizenz f\u00fcr Tom Tailor Fragrances!\" \/>\n<meta name=\"twitter:label1\" content=\"\u00c9crit par\" \/>\n\t<meta name=\"twitter:data1\" content=\"semprediritto\" \/>\n\t<meta name=\"twitter:label2\" content=\"Dur\u00e9e de lecture estim\u00e9e\" \/>\n\t<meta name=\"twitter:data2\" content=\"2 minutes\" \/>\n<script type=\"application\/ld+json\" class=\"yoast-schema-graph\">{\"@context\":\"https:\\\/\\\/schema.org\",\"@graph\":[{\"@type\":\"Article\",\"@id\":\"https:\\\/\\\/kloepfel-consulting.com\\\/supply-chain-news\\\/maeurer-wirtz-duftlizenz-tom-tailor-11856\\\/#article\",\"isPartOf\":{\"@id\":\"https:\\\/\\\/kloepfel-consulting.com\\\/supply-chain-news\\\/maeurer-wirtz-duftlizenz-tom-tailor-11856\\\/\"},\"author\":{\"name\":\"semprediritto\",\"@id\":\"https:\\\/\\\/kloepfel-consulting.com\\\/#\\\/schema\\\/person\\\/2691163984d9670e417622b00a4c0f26\"},\"headline\":\"M\u00e4urer &#038; Wirtz: Duftlizenz f\u00fcr Tom Tailor\",\"datePublished\":\"2024-10-04T07:24:51+00:00\",\"dateModified\":\"2025-08-27T09:24:51+00:00\",\"mainEntityOfPage\":{\"@id\":\"https:\\\/\\\/kloepfel-consulting.com\\\/supply-chain-news\\\/maeurer-wirtz-duftlizenz-tom-tailor-11856\\\/\"},\"wordCount\":195,\"commentCount\":0,\"publisher\":{\"@id\":\"https:\\\/\\\/kloepfel-consulting.com\\\/#organization\"},\"image\":{\"@id\":\"https:\\\/\\\/kloepfel-consulting.com\\\/supply-chain-news\\\/maeurer-wirtz-duftlizenz-tom-tailor-11856\\\/#primaryimage\"},\"thumbnailUrl\":\"https:\\\/\\\/kloepfel-consulting.com\\\/wp-content\\\/uploads\\\/2025\\\/08\\\/pexels-parfumherstellung.jpg\",\"articleSection\":[\"Supply Chain News\"],\"inLanguage\":\"fr-FR\",\"potentialAction\":[{\"@type\":\"CommentAction\",\"name\":\"Comment\",\"target\":[\"https:\\\/\\\/kloepfel-consulting.com\\\/supply-chain-news\\\/maeurer-wirtz-duftlizenz-tom-tailor-11856\\\/#respond\"]}],\"copyrightYear\":\"2024\",\"copyrightHolder\":{\"@id\":\"https:\\\/\\\/kloepfel-consulting.com\\\/fr\\\/#organization\"}},{\"@type\":\"WebPage\",\"@id\":\"https:\\\/\\\/kloepfel-consulting.com\\\/supply-chain-news\\\/maeurer-wirtz-duftlizenz-tom-tailor-11856\\\/\",\"url\":\"https:\\\/\\\/kloepfel-consulting.com\\\/supply-chain-news\\\/maeurer-wirtz-duftlizenz-tom-tailor-11856\\\/\",\"name\":\"M\u00e4urer & Wirtz: Duftlizenz f\u00fcr Tom Tailor\",\"isPartOf\":{\"@id\":\"https:\\\/\\\/kloepfel-consulting.com\\\/#website\"},\"primaryImageOfPage\":{\"@id\":\"https:\\\/\\\/kloepfel-consulting.com\\\/supply-chain-news\\\/maeurer-wirtz-duftlizenz-tom-tailor-11856\\\/#primaryimage\"},\"image\":{\"@id\":\"https:\\\/\\\/kloepfel-consulting.com\\\/supply-chain-news\\\/maeurer-wirtz-duftlizenz-tom-tailor-11856\\\/#primaryimage\"},\"thumbnailUrl\":\"https:\\\/\\\/kloepfel-consulting.com\\\/wp-content\\\/uploads\\\/2025\\\/08\\\/pexels-parfumherstellung.jpg\",\"datePublished\":\"2024-10-04T07:24:51+00:00\",\"dateModified\":\"2025-08-27T09:24:51+00:00\",\"description\":\"M\u00e4urer & Wirtz \u00fcbernimmt ab dem 1. Januar 2025 die Markenlizenz f\u00fcr Tom Tailor Fragrances von der Luxess GmbH. Damit erweitert das Unter\",\"breadcrumb\":{\"@id\":\"https:\\\/\\\/kloepfel-consulting.com\\\/supply-chain-news\\\/maeurer-wirtz-duftlizenz-tom-tailor-11856\\\/#breadcrumb\"},\"inLanguage\":\"fr-FR\",\"potentialAction\":[{\"@type\":\"ReadAction\",\"target\":[\"https:\\\/\\\/kloepfel-consulting.com\\\/supply-chain-news\\\/maeurer-wirtz-duftlizenz-tom-tailor-11856\\\/\"]}]},{\"@type\":\"ImageObject\",\"inLanguage\":\"fr-FR\",\"@id\":\"https:\\\/\\\/kloepfel-consulting.com\\\/supply-chain-news\\\/maeurer-wirtz-duftlizenz-tom-tailor-11856\\\/#primaryimage\",\"url\":\"https:\\\/\\\/kloepfel-consulting.com\\\/wp-content\\\/uploads\\\/2025\\\/08\\\/pexels-parfumherstellung.jpg\",\"contentUrl\":\"https:\\\/\\\/kloepfel-consulting.com\\\/wp-content\\\/uploads\\\/2025\\\/08\\\/pexels-parfumherstellung.jpg\",\"width\":500,\"height\":333,\"caption\":\"Glasfl\u00e4schchen mit Pflanzenextrakten auf einem Tisch.\"},{\"@type\":\"BreadcrumbList\",\"@id\":\"https:\\\/\\\/kloepfel-consulting.com\\\/supply-chain-news\\\/maeurer-wirtz-duftlizenz-tom-tailor-11856\\\/#breadcrumb\",\"itemListElement\":[{\"@type\":\"ListItem\",\"position\":1,\"name\":\"Startseite\",\"item\":\"https:\\\/\\\/kloepfel-consulting.com\\\/\"},{\"@type\":\"ListItem\",\"position\":2,\"name\":\"Supply Chain News\",\"item\":\"https:\\\/\\\/kloepfel-consulting.com\\\/category\\\/supply-chain-news\\\/\"},{\"@type\":\"ListItem\",\"position\":3,\"name\":\"M\u00e4urer &#038; Wirtz: Duftlizenz f\u00fcr Tom Tailor\"}]},{\"@type\":\"WebSite\",\"@id\":\"https:\\\/\\\/kloepfel-consulting.com\\\/#website\",\"url\":\"https:\\\/\\\/kloepfel-consulting.com\\\/\",\"name\":\"KLOEPFEL by EPSA\",\"description\":\"\",\"publisher\":{\"@id\":\"https:\\\/\\\/kloepfel-consulting.com\\\/#organization\"},\"alternateName\":\"KLOEPFELbyEPSA\",\"potentialAction\":[{\"@type\":\"SearchAction\",\"target\":{\"@type\":\"EntryPoint\",\"urlTemplate\":\"https:\\\/\\\/kloepfel-consulting.com\\\/?s={search_term_string}\"},\"query-input\":{\"@type\":\"PropertyValueSpecification\",\"valueRequired\":true,\"valueName\":\"search_term_string\"}}],\"inLanguage\":\"fr-FR\"},{\"@type\":\"Organization\",\"@id\":\"https:\\\/\\\/kloepfel-consulting.com\\\/#organization\",\"name\":\"KLOEPFEL by EPSA\",\"alternateName\":\"KLOEPFELbyEPSA\",\"url\":\"https:\\\/\\\/kloepfel-consulting.com\\\/\",\"logo\":{\"@type\":\"ImageObject\",\"inLanguage\":\"fr-FR\",\"@id\":\"https:\\\/\\\/kloepfel-consulting.com\\\/#\\\/schema\\\/logo\\\/image\\\/\",\"url\":\"https:\\\/\\\/kloepfel-consulting.com\\\/wp-content\\\/uploads\\\/2025\\\/04\\\/logo.webp\",\"contentUrl\":\"https:\\\/\\\/kloepfel-consulting.com\\\/wp-content\\\/uploads\\\/2025\\\/04\\\/logo.webp\",\"width\":616,\"height\":284,\"caption\":\"KLOEPFEL by EPSA\"},\"image\":{\"@id\":\"https:\\\/\\\/kloepfel-consulting.com\\\/#\\\/schema\\\/logo\\\/image\\\/\"},\"sameAs\":[\"https:\\\/\\\/www.facebook.com\\\/KloepfelGroup\",\"https:\\\/\\\/www.linkedin.com\\\/company\\\/kloepfel-consulting-gmbh\",\"https:\\\/\\\/www.instagram.com\\\/kloepfel_by_epsa\\\/\"],\"description\":\"Einkaufsberatung f\u00fcr Einkauf, Logistik und Supply Chain\",\"email\":\"info@kloepfel-consulting.com\",\"telephone\":\"+4921194198433\",\"legalName\":\"Kloepfel Consulting GmbH\",\"foundingDate\":\"2007-02-01\",\"vatID\":\"DE254132249\",\"numberOfEmployees\":{\"@type\":\"QuantitativeValue\",\"minValue\":\"51\",\"maxValue\":\"200\"}},{\"@type\":\"Person\",\"@id\":\"https:\\\/\\\/kloepfel-consulting.com\\\/#\\\/schema\\\/person\\\/2691163984d9670e417622b00a4c0f26\",\"name\":\"semprediritto\",\"image\":{\"@type\":\"ImageObject\",\"inLanguage\":\"fr-FR\",\"@id\":\"https:\\\/\\\/secure.gravatar.com\\\/avatar\\\/878f3ddb8fa2117ffa32d8a3152e4368517da61e3b89dd9bbfe39501477bf1f1?s=96&d=mm&r=g\",\"url\":\"https:\\\/\\\/secure.gravatar.com\\\/avatar\\\/878f3ddb8fa2117ffa32d8a3152e4368517da61e3b89dd9bbfe39501477bf1f1?s=96&d=mm&r=g\",\"contentUrl\":\"https:\\\/\\\/secure.gravatar.com\\\/avatar\\\/878f3ddb8fa2117ffa32d8a3152e4368517da61e3b89dd9bbfe39501477bf1f1?s=96&d=mm&r=g\",\"caption\":\"semprediritto\"},\"sameAs\":[\"https:\\\/\\\/kloepfel.sempre-diritto.de\"]}]}<\/script>\n<!-- \/ Yoast SEO Premium plugin. -->","yoast_head_json":{"title":"M\u00e4urer &amp; Wirtz : Licence de parfum pour Tom Tailor","description":"\u00c0 partir du 1er janvier 2025, M\u00e4urer &amp; Wirtz reprend la licence de marque pour Tom Tailor Fragrances de Luxess GmbH. L'entreprise \u00e9largit ainsi son champ d'action.","robots":{"index":"index","follow":"follow","max-snippet":"max-snippet:-1","max-image-preview":"max-image-preview:large","max-video-preview":"max-video-preview:-1"},"canonical":"https:\/\/kloepfel-consulting.com\/fr\/actualites-de-la-chaine-dapprovisionnement\/licence-de-parfum-maeurer-wirtz-tom-tailor-11856\/","og_locale":"fr_FR","og_type":"article","og_title":"M\u00e4urer & Wirtz: Duftlizenz f\u00fcr Tom Tailor","og_description":"M\u00e4urer & Wirtz \u00fcbernimmt ab dem 1. Januar 2025 die Markenlizenz f\u00fcr Tom Tailor Fragrances von der Luxess GmbH. Damit erweitert das Unternehmen, einer der gro\u00dfen Dufthersteller in Deutschland, sein Portfolio um eine weitere Marke. Tom Tailor ist vor allem bekannt f\u00fcr Mode im Mainstream-Segment.","og_url":"https:\/\/kloepfel-consulting.com\/fr\/actualites-de-la-chaine-dapprovisionnement\/licence-de-parfum-maeurer-wirtz-tom-tailor-11856\/","og_site_name":"KLOEPFEL by EPSA","article_publisher":"https:\/\/www.facebook.com\/KloepfelGroup","article_published_time":"2024-10-04T07:24:51+00:00","article_modified_time":"2025-08-27T09:24:51+00:00","og_image":[{"width":2200,"height":1608,"url":"https:\/\/kloepfel-consulting.com\/wp-content\/uploads\/2025\/07\/kloepfelgroup.webp","type":"image\/webp"}],"author":"semprediritto","twitter_card":"summary_large_image","twitter_title":"M\u00e4urer &amp; Wirtz sichert sich Tom Tailor Lizenz","twitter_description":"Erfahren Sie mehr \u00fcber die neue Lizenz f\u00fcr Tom Tailor Fragrances!","twitter_misc":{"\u00c9crit par":"semprediritto","Dur\u00e9e de lecture estim\u00e9e":"2 minutes"},"schema":{"@context":"https:\/\/schema.org","@graph":[{"@type":"Article","@id":"https:\/\/kloepfel-consulting.com\/supply-chain-news\/maeurer-wirtz-duftlizenz-tom-tailor-11856\/#article","isPartOf":{"@id":"https:\/\/kloepfel-consulting.com\/supply-chain-news\/maeurer-wirtz-duftlizenz-tom-tailor-11856\/"},"author":{"name":"semprediritto","@id":"https:\/\/kloepfel-consulting.com\/#\/schema\/person\/2691163984d9670e417622b00a4c0f26"},"headline":"M\u00e4urer &#038; Wirtz: Duftlizenz f\u00fcr Tom Tailor","datePublished":"2024-10-04T07:24:51+00:00","dateModified":"2025-08-27T09:24:51+00:00","mainEntityOfPage":{"@id":"https:\/\/kloepfel-consulting.com\/supply-chain-news\/maeurer-wirtz-duftlizenz-tom-tailor-11856\/"},"wordCount":195,"commentCount":0,"publisher":{"@id":"https:\/\/kloepfel-consulting.com\/#organization"},"image":{"@id":"https:\/\/kloepfel-consulting.com\/supply-chain-news\/maeurer-wirtz-duftlizenz-tom-tailor-11856\/#primaryimage"},"thumbnailUrl":"https:\/\/kloepfel-consulting.com\/wp-content\/uploads\/2025\/08\/pexels-parfumherstellung.jpg","articleSection":["Supply Chain News"],"inLanguage":"fr-FR","potentialAction":[{"@type":"CommentAction","name":"Comment","target":["https:\/\/kloepfel-consulting.com\/supply-chain-news\/maeurer-wirtz-duftlizenz-tom-tailor-11856\/#respond"]}],"copyrightYear":"2024","copyrightHolder":{"@id":"https:\/\/kloepfel-consulting.com\/fr\/#organization"}},{"@type":"WebPage","@id":"https:\/\/kloepfel-consulting.com\/supply-chain-news\/maeurer-wirtz-duftlizenz-tom-tailor-11856\/","url":"https:\/\/kloepfel-consulting.com\/supply-chain-news\/maeurer-wirtz-duftlizenz-tom-tailor-11856\/","name":"M\u00e4urer &amp; Wirtz : Licence de parfum pour Tom Tailor","isPartOf":{"@id":"https:\/\/kloepfel-consulting.com\/#website"},"primaryImageOfPage":{"@id":"https:\/\/kloepfel-consulting.com\/supply-chain-news\/maeurer-wirtz-duftlizenz-tom-tailor-11856\/#primaryimage"},"image":{"@id":"https:\/\/kloepfel-consulting.com\/supply-chain-news\/maeurer-wirtz-duftlizenz-tom-tailor-11856\/#primaryimage"},"thumbnailUrl":"https:\/\/kloepfel-consulting.com\/wp-content\/uploads\/2025\/08\/pexels-parfumherstellung.jpg","datePublished":"2024-10-04T07:24:51+00:00","dateModified":"2025-08-27T09:24:51+00:00","description":"\u00c0 partir du 1er janvier 2025, M\u00e4urer &amp; Wirtz reprend la licence de marque pour Tom Tailor Fragrances de Luxess GmbH. L'entreprise \u00e9largit ainsi son champ d'action.","breadcrumb":{"@id":"https:\/\/kloepfel-consulting.com\/supply-chain-news\/maeurer-wirtz-duftlizenz-tom-tailor-11856\/#breadcrumb"},"inLanguage":"fr-FR","potentialAction":[{"@type":"ReadAction","target":["https:\/\/kloepfel-consulting.com\/supply-chain-news\/maeurer-wirtz-duftlizenz-tom-tailor-11856\/"]}]},{"@type":"ImageObject","inLanguage":"fr-FR","@id":"https:\/\/kloepfel-consulting.com\/supply-chain-news\/maeurer-wirtz-duftlizenz-tom-tailor-11856\/#primaryimage","url":"https:\/\/kloepfel-consulting.com\/wp-content\/uploads\/2025\/08\/pexels-parfumherstellung.jpg","contentUrl":"https:\/\/kloepfel-consulting.com\/wp-content\/uploads\/2025\/08\/pexels-parfumherstellung.jpg","width":500,"height":333,"caption":"Glasfl\u00e4schchen mit Pflanzenextrakten auf einem Tisch."},{"@type":"BreadcrumbList","@id":"https:\/\/kloepfel-consulting.com\/supply-chain-news\/maeurer-wirtz-duftlizenz-tom-tailor-11856\/#breadcrumb","itemListElement":[{"@type":"ListItem","position":1,"name":"Startseite","item":"https:\/\/kloepfel-consulting.com\/"},{"@type":"ListItem","position":2,"name":"Supply Chain News","item":"https:\/\/kloepfel-consulting.com\/category\/supply-chain-news\/"},{"@type":"ListItem","position":3,"name":"M\u00e4urer &#038; Wirtz: Duftlizenz f\u00fcr Tom Tailor"}]},{"@type":"WebSite","@id":"https:\/\/kloepfel-consulting.com\/#website","url":"https:\/\/kloepfel-consulting.com\/","name":"KLOEPFEL by EPSA","description":"","publisher":{"@id":"https:\/\/kloepfel-consulting.com\/#organization"},"alternateName":"KLOEPFELbyEPSA","potentialAction":[{"@type":"SearchAction","target":{"@type":"EntryPoint","urlTemplate":"https:\/\/kloepfel-consulting.com\/?s={search_term_string}"},"query-input":{"@type":"PropertyValueSpecification","valueRequired":true,"valueName":"search_term_string"}}],"inLanguage":"fr-FR"},{"@type":"Organization","@id":"https:\/\/kloepfel-consulting.com\/#organization","name":"KLOEPFEL by EPSA","alternateName":"KLOEPFELbyEPSA","url":"https:\/\/kloepfel-consulting.com\/","logo":{"@type":"ImageObject","inLanguage":"fr-FR","@id":"https:\/\/kloepfel-consulting.com\/#\/schema\/logo\/image\/","url":"https:\/\/kloepfel-consulting.com\/wp-content\/uploads\/2025\/04\/logo.webp","contentUrl":"https:\/\/kloepfel-consulting.com\/wp-content\/uploads\/2025\/04\/logo.webp","width":616,"height":284,"caption":"KLOEPFEL by EPSA"},"image":{"@id":"https:\/\/kloepfel-consulting.com\/#\/schema\/logo\/image\/"},"sameAs":["https:\/\/www.facebook.com\/KloepfelGroup","https:\/\/www.linkedin.com\/company\/kloepfel-consulting-gmbh","https:\/\/www.instagram.com\/kloepfel_by_epsa\/"],"description":"Conseil d'achat pour l'approvisionnement, la logistique et la cha\u00eene d'approvisionnement","email":"info@kloepfel-consulting.com","telephone":"+4921194198433","legalName":"Kloepfel Consulting GmbH","foundingDate":"2007-02-01","vatID":"DE254132249","numberOfEmployees":{"@type":"QuantitativeValue","minValue":"51","maxValue":"200"}},{"@type":"Person","@id":"https:\/\/kloepfel-consulting.com\/#\/schema\/person\/2691163984d9670e417622b00a4c0f26","name":"Toujours le droit","image":{"@type":"ImageObject","inLanguage":"fr-FR","@id":"https:\/\/secure.gravatar.com\/avatar\/878f3ddb8fa2117ffa32d8a3152e4368517da61e3b89dd9bbfe39501477bf1f1?s=96&d=mm&r=g","url":"https:\/\/secure.gravatar.com\/avatar\/878f3ddb8fa2117ffa32d8a3152e4368517da61e3b89dd9bbfe39501477bf1f1?s=96&d=mm&r=g","contentUrl":"https:\/\/secure.gravatar.com\/avatar\/878f3ddb8fa2117ffa32d8a3152e4368517da61e3b89dd9bbfe39501477bf1f1?s=96&d=mm&r=g","caption":"semprediritto"},"sameAs":["https:\/\/kloepfel.sempre-diritto.de"]}]}},"_links":{"self":[{"href":"https:\/\/kloepfel-consulting.com\/fr\/wp-json\/wp\/v2\/posts\/11856","targetHints":{"allow":["GET"]}}],"collection":[{"href":"https:\/\/kloepfel-consulting.com\/fr\/wp-json\/wp\/v2\/posts"}],"about":[{"href":"https:\/\/kloepfel-consulting.com\/fr\/wp-json\/wp\/v2\/types\/post"}],"author":[{"embeddable":true,"href":"https:\/\/kloepfel-consulting.com\/fr\/wp-json\/wp\/v2\/users\/1"}],"replies":[{"embeddable":true,"href":"https:\/\/kloepfel-consulting.com\/fr\/wp-json\/wp\/v2\/comments?post=11856"}],"version-history":[{"count":2,"href":"https:\/\/kloepfel-consulting.com\/fr\/wp-json\/wp\/v2\/posts\/11856\/revisions"}],"predecessor-version":[{"id":14687,"href":"https:\/\/kloepfel-consulting.com\/fr\/wp-json\/wp\/v2\/posts\/11856\/revisions\/14687"}],"wp:featuredmedia":[{"embeddable":true,"href":"https:\/\/kloepfel-consulting.com\/fr\/wp-json\/wp\/v2\/media\/11857"}],"wp:attachment":[{"href":"https:\/\/kloepfel-consulting.com\/fr\/wp-json\/wp\/v2\/media?parent=11856"}],"wp:term":[{"taxonomy":"category","embeddable":true,"href":"https:\/\/kloepfel-consulting.com\/fr\/wp-json\/wp\/v2\/categories?post=11856"},{"taxonomy":"post_tag","embeddable":true,"href":"https:\/\/kloepfel-consulting.com\/fr\/wp-json\/wp\/v2\/tags?post=11856"},{"taxonomy":"referenzkategorie","embeddable":true,"href":"https:\/\/kloepfel-consulting.com\/fr\/wp-json\/wp\/v2\/referenzkategorie?post=11856"}],"curies":[{"name":"wp","href":"https:\/\/api.w.org\/{rel}","templated":true}]}}