{"id":11879,"date":"2024-10-14T09:24:53","date_gmt":"2024-10-14T07:24:53","guid":{"rendered":"https:\/\/kloepfel.sempre-diritto.de\/2024\/10\/14\/deutz-kostensenkung\/"},"modified":"2025-08-27T11:24:53","modified_gmt":"2025-08-27T09:24:53","slug":"reduction-des-couts-deutz","status":"publish","type":"post","link":"https:\/\/kloepfel-consulting.com\/fr\/supply-chain-news\/deutz-kostensenkung-11879\/","title":{"rendered":"Deutz : r\u00e9duction des co\u00fbts"},"content":{"rendered":"<h2>Strat\u00e9gie de croissance et r\u00e9duction pr\u00e9vue des co\u00fbts<\/h2>\n<p><a href=\"https:\/\/kloepfel-consulting.com\/fr\/actualites-de-la-chaine-dapprovisionnement\/unternehmen\/deutz-zusammenarbeit-tafe-8883303\/\" rel=\"noopener\" target=\"_blank\">Deutz<\/a> a r\u00e9cemment publi\u00e9 un <strong>Programme des co\u00fbts<\/strong> a \u00e9t\u00e9 annonc\u00e9. Selon son communiqu\u00e9 de presse, le fabricant de moteurs de Cologne veut ainsi contrer le recul de la demande d\u00fb \u00e0 la conjoncture.<\/p>\n<p>Ce programme de co\u00fbts a \u00e9t\u00e9 pr\u00e9sent\u00e9 par Deutz dans le cadre de son march\u00e9 des capitaux mercredi dernier. Parall\u00e8lement, l'entreprise a donn\u00e9 des informations sur le d\u00e9veloppement de sa strat\u00e9gie baptis\u00e9e \u201eDual+\u201c.<\/p>\n<h3>Des solutions tout au long de la cha\u00eene de valeur<\/h3>\n<p>En tant que noyau de la <em>d\u00e9veloppement strat\u00e9gique <\/em>Deutz cite une plus grande diversification du portefeuille et un positionnement adapt\u00e9 \u00e0 la demande dans le domaine des propulsions alternatives. <\/p>\n<p>L'entreprise poursuit ainsi sur la voie de sa strat\u00e9gie Dual+ entam\u00e9e il y a deux ans. Selon son communiqu\u00e9 de presse, le fabricant de moteurs a l'intention de s'appuyer sur les succ\u00e8s d\u00e9j\u00e0 obtenus. Selon l'entreprise, les premiers pas vers la consolidation du march\u00e9 dans le secteur des moteurs \u00e0 combustion classiques, les progr\u00e8s dans la croissance des activit\u00e9s de service et la r\u00e9orientation du portefeuille vert font partie des r\u00e9sultats obtenus jusqu'\u00e0 pr\u00e9sent.<\/p>\n<p>Dans le cadre de son d\u00e9veloppement strat\u00e9gique, Deutz a cr\u00e9\u00e9, selon son communiqu\u00e9 de presse, un nouveau segment appel\u00e9 \u201eSolutions\u201c. Ce segment comprend entre autres les entra\u00eenements alternatifs. En outre, le fabricant de moteurs y regroupe, selon ses propres dires, les activit\u00e9s qui vont au-del\u00e0 de la production et du service des moteurs et qui se situent sur des march\u00e9s o\u00f9 Deutz ma\u00eetrise la technologie et le service.<\/p>\n<p> \u201eAvec notre nouveau segment Solutions, nous allons nous positionner beaucoup plus fortement en tant que fournisseur de solutions tout au long des cha\u00eenes de valeur que nous connaissons - afin de cro\u00eetre de mani\u00e8re rentable avec des produits pertinents et de rendre DEUTZ globalement plus r\u00e9silient\u201c, explique Sebastian C. Schulte, CEO de Deutz.<\/p>\n<h3>Programme de co\u00fbts - r\u00e9action \u00e0 une situation \u00e9conomique difficile<\/h3>\n<p>Avec l'annonce de son programme de r\u00e9duction des co\u00fbts, Deutz dit r\u00e9agir \u00e0 la situation \u00e9conomique difficile qui perdure. Selon le communiqu\u00e9 de presse, les co\u00fbts doivent \u00eatre r\u00e9duits durablement de 50 millions d'euros d'ici fin 2026. <\/p>\n<p>Ce nouveau programme de co\u00fbts vient compl\u00e9ter les mesures \u00e0 court terme d\u00e9j\u00e0 mises en place. Gr\u00e2ce \u00e0 ces mesures, un effet de 18 \u00e0 15 millions d'euros devrait \u00eatre atteint d\u00e8s le quatri\u00e8me trimestre. Selon Deutz, ces mesures \u00e0 court terme visant \u00e0 r\u00e9duire les co\u00fbts comprennent notamment la flexibilisation de la production et l'introduction du ch\u00f4mage partiel.<\/p>\n<p>Oliver Neu, Chief Financial Officer et directeur du travail de Deutz AG, explique : \u201eLe r\u00e9sultat de nos mesures de performance et surtout de portefeuille des deux derni\u00e8res ann\u00e9es est que nous gagnons de l'argent m\u00eame en ces temps tendus. La situation actuelle montre cependant que des mesures structurelles suppl\u00e9mentaires sont n\u00e9cessaires pour nous positionner avec succ\u00e8s pour l'avenir\u201c. Il s'agira notamment de supprimer des postes.<\/p>","protected":false},"excerpt":{"rendered":"<p>Wachstumsstrategie und geplante Senkung der Kosten Deutz hat j\u00fcngst ein Kostenprogramm verk\u00fcndet. Mit diesem will der K\u00f6lner Motorenhersteller seiner Pressermitteilung zufolge dem konjukturell bedingten Nachfrager\u00fcckgang entgegenwirken. Dieses Kostenprogramm stellte Deutz im Rahmen seines Kapitalmarkts am vergangenen Mittwoch vor. Gleichzeitig informierte das Unternehmen \u00fcber die Weiterentwicklung seiner \u201eDual+\u201c genannten Strategie. L\u00f6sungen entlang der Wertsch\u00f6pfungsketten Als Kern [&hellip;]<\/p>\n","protected":false},"author":1,"featured_media":11710,"comment_status":"open","ping_status":"open","sticky":false,"template":"","format":"standard","meta":{"_acf_changed":false,"footnotes":""},"categories":[88],"tags":[],"referenzkategorie":[],"class_list":["post-11879","post","type-post","status-publish","format-standard","has-post-thumbnail","hentry","category-supply-chain-news"],"acf":[],"yoast_head":"<!-- This site is optimized with the Yoast SEO Premium plugin v27.5 (Yoast SEO v27.5) - https:\/\/yoast.com\/product\/yoast-seo-premium-wordpress\/ -->\n<title>Deutz: Kostensenkung<\/title>\n<meta name=\"description\" content=\"Deutz hat j\u00fcngst ein Kostenprogramm verk\u00fcndet. Mit diesem will der K\u00f6lner Motorenhersteller seiner Pressermitteilung zufolge dem konjukturel\" \/>\n<meta name=\"robots\" content=\"index, follow, max-snippet:-1, max-image-preview:large, max-video-preview:-1\" \/>\n<link rel=\"canonical\" href=\"https:\/\/kloepfel-consulting.com\/fr\/actualites-de-la-chaine-dapprovisionnement\/deutz-reduction-des-couts-11879\/\" \/>\n<meta property=\"og:locale\" content=\"fr_FR\" \/>\n<meta property=\"og:type\" content=\"article\" \/>\n<meta property=\"og:title\" content=\"Deutz: Kostensenkung\" \/>\n<meta property=\"og:description\" content=\"Deutz hat j\u00fcngst ein Kostenprogramm verk\u00fcndet. Mit diesem will der K\u00f6lner Motorenhersteller seiner Pressermitteilung zufolge dem konjukturell bedingten Nachfrager\u00fcckgang entgegenwirken.\" \/>\n<meta property=\"og:url\" content=\"https:\/\/kloepfel-consulting.com\/fr\/actualites-de-la-chaine-dapprovisionnement\/deutz-reduction-des-couts-11879\/\" \/>\n<meta property=\"og:site_name\" content=\"KLOEPFEL by EPSA\" \/>\n<meta property=\"article:publisher\" content=\"https:\/\/www.facebook.com\/KloepfelGroup\" \/>\n<meta property=\"article:published_time\" content=\"2024-10-14T07:24:53+00:00\" \/>\n<meta property=\"article:modified_time\" content=\"2025-08-27T09:24:53+00:00\" \/>\n<meta property=\"og:image\" content=\"https:\/\/kloepfel-consulting.com\/wp-content\/uploads\/2025\/07\/kloepfelgroup.webp\" \/>\n\t<meta property=\"og:image:width\" content=\"2200\" \/>\n\t<meta property=\"og:image:height\" content=\"1608\" \/>\n\t<meta property=\"og:image:type\" content=\"image\/webp\" \/>\n<meta name=\"author\" content=\"semprediritto\" \/>\n<meta name=\"twitter:card\" content=\"summary_large_image\" \/>\n<meta name=\"twitter:title\" content=\"Deutz: Kostensenkung und neue Strategien 2024\" \/>\n<meta name=\"twitter:description\" content=\"Informieren Sie sich \u00fcber Deutz&#039; neue Wachstumsstrategien und Kostensenkungen. Jetzt mehr erfahren!\" \/>\n<meta name=\"twitter:label1\" content=\"\u00c9crit par\" \/>\n\t<meta name=\"twitter:data1\" content=\"semprediritto\" \/>\n\t<meta name=\"twitter:label2\" content=\"Dur\u00e9e de lecture estim\u00e9e\" \/>\n\t<meta name=\"twitter:data2\" content=\"3 minutes\" \/>\n<script type=\"application\/ld+json\" class=\"yoast-schema-graph\">{\"@context\":\"https:\\\/\\\/schema.org\",\"@graph\":[{\"@type\":\"Article\",\"@id\":\"https:\\\/\\\/kloepfel-consulting.com\\\/supply-chain-news\\\/deutz-kostensenkung-11879\\\/#article\",\"isPartOf\":{\"@id\":\"https:\\\/\\\/kloepfel-consulting.com\\\/supply-chain-news\\\/deutz-kostensenkung-11879\\\/\"},\"author\":{\"name\":\"semprediritto\",\"@id\":\"https:\\\/\\\/kloepfel-consulting.com\\\/#\\\/schema\\\/person\\\/2691163984d9670e417622b00a4c0f26\"},\"headline\":\"Deutz: Kostensenkung\",\"datePublished\":\"2024-10-14T07:24:53+00:00\",\"dateModified\":\"2025-08-27T09:24:53+00:00\",\"mainEntityOfPage\":{\"@id\":\"https:\\\/\\\/kloepfel-consulting.com\\\/supply-chain-news\\\/deutz-kostensenkung-11879\\\/\"},\"wordCount\":402,\"commentCount\":0,\"publisher\":{\"@id\":\"https:\\\/\\\/kloepfel-consulting.com\\\/#organization\"},\"image\":{\"@id\":\"https:\\\/\\\/kloepfel-consulting.com\\\/supply-chain-news\\\/deutz-kostensenkung-11879\\\/#primaryimage\"},\"thumbnailUrl\":\"https:\\\/\\\/kloepfel-consulting.com\\\/wp-content\\\/uploads\\\/2025\\\/08\\\/deutz-banner-about-Zentrale-Koeln.webp\",\"articleSection\":[\"Supply Chain News\"],\"inLanguage\":\"fr-FR\",\"potentialAction\":[{\"@type\":\"CommentAction\",\"name\":\"Comment\",\"target\":[\"https:\\\/\\\/kloepfel-consulting.com\\\/supply-chain-news\\\/deutz-kostensenkung-11879\\\/#respond\"]}],\"copyrightYear\":\"2024\",\"copyrightHolder\":{\"@id\":\"https:\\\/\\\/kloepfel-consulting.com\\\/fr\\\/#organization\"}},{\"@type\":\"WebPage\",\"@id\":\"https:\\\/\\\/kloepfel-consulting.com\\\/supply-chain-news\\\/deutz-kostensenkung-11879\\\/\",\"url\":\"https:\\\/\\\/kloepfel-consulting.com\\\/supply-chain-news\\\/deutz-kostensenkung-11879\\\/\",\"name\":\"Deutz: Kostensenkung\",\"isPartOf\":{\"@id\":\"https:\\\/\\\/kloepfel-consulting.com\\\/#website\"},\"primaryImageOfPage\":{\"@id\":\"https:\\\/\\\/kloepfel-consulting.com\\\/supply-chain-news\\\/deutz-kostensenkung-11879\\\/#primaryimage\"},\"image\":{\"@id\":\"https:\\\/\\\/kloepfel-consulting.com\\\/supply-chain-news\\\/deutz-kostensenkung-11879\\\/#primaryimage\"},\"thumbnailUrl\":\"https:\\\/\\\/kloepfel-consulting.com\\\/wp-content\\\/uploads\\\/2025\\\/08\\\/deutz-banner-about-Zentrale-Koeln.webp\",\"datePublished\":\"2024-10-14T07:24:53+00:00\",\"dateModified\":\"2025-08-27T09:24:53+00:00\",\"description\":\"Deutz hat j\u00fcngst ein Kostenprogramm verk\u00fcndet. Mit diesem will der K\u00f6lner Motorenhersteller seiner Pressermitteilung zufolge dem konjukturel\",\"breadcrumb\":{\"@id\":\"https:\\\/\\\/kloepfel-consulting.com\\\/supply-chain-news\\\/deutz-kostensenkung-11879\\\/#breadcrumb\"},\"inLanguage\":\"fr-FR\",\"potentialAction\":[{\"@type\":\"ReadAction\",\"target\":[\"https:\\\/\\\/kloepfel-consulting.com\\\/supply-chain-news\\\/deutz-kostensenkung-11879\\\/\"]}]},{\"@type\":\"ImageObject\",\"inLanguage\":\"fr-FR\",\"@id\":\"https:\\\/\\\/kloepfel-consulting.com\\\/supply-chain-news\\\/deutz-kostensenkung-11879\\\/#primaryimage\",\"url\":\"https:\\\/\\\/kloepfel-consulting.com\\\/wp-content\\\/uploads\\\/2025\\\/08\\\/deutz-banner-about-Zentrale-Koeln.webp\",\"contentUrl\":\"https:\\\/\\\/kloepfel-consulting.com\\\/wp-content\\\/uploads\\\/2025\\\/08\\\/deutz-banner-about-Zentrale-Koeln.webp\",\"width\":2049,\"height\":1366,\"caption\":\"Die Zentrale der Deutz AG in K\u00f6ln.\"},{\"@type\":\"BreadcrumbList\",\"@id\":\"https:\\\/\\\/kloepfel-consulting.com\\\/supply-chain-news\\\/deutz-kostensenkung-11879\\\/#breadcrumb\",\"itemListElement\":[{\"@type\":\"ListItem\",\"position\":1,\"name\":\"Startseite\",\"item\":\"https:\\\/\\\/kloepfel-consulting.com\\\/\"},{\"@type\":\"ListItem\",\"position\":2,\"name\":\"Logistikoptimierung\",\"item\":\"https:\\\/\\\/kloepfel-consulting.com\\\/zuordnung-landingpage\\\/logistikoptimierung\\\/\"},{\"@type\":\"ListItem\",\"position\":3,\"name\":\"Deutz: Kostensenkung\"}]},{\"@type\":\"WebSite\",\"@id\":\"https:\\\/\\\/kloepfel-consulting.com\\\/#website\",\"url\":\"https:\\\/\\\/kloepfel-consulting.com\\\/\",\"name\":\"KLOEPFEL by EPSA\",\"description\":\"\",\"publisher\":{\"@id\":\"https:\\\/\\\/kloepfel-consulting.com\\\/#organization\"},\"alternateName\":\"KLOEPFELbyEPSA\",\"potentialAction\":[{\"@type\":\"SearchAction\",\"target\":{\"@type\":\"EntryPoint\",\"urlTemplate\":\"https:\\\/\\\/kloepfel-consulting.com\\\/?s={search_term_string}\"},\"query-input\":{\"@type\":\"PropertyValueSpecification\",\"valueRequired\":true,\"valueName\":\"search_term_string\"}}],\"inLanguage\":\"fr-FR\"},{\"@type\":\"Organization\",\"@id\":\"https:\\\/\\\/kloepfel-consulting.com\\\/#organization\",\"name\":\"KLOEPFEL by EPSA\",\"alternateName\":\"KLOEPFELbyEPSA\",\"url\":\"https:\\\/\\\/kloepfel-consulting.com\\\/\",\"logo\":{\"@type\":\"ImageObject\",\"inLanguage\":\"fr-FR\",\"@id\":\"https:\\\/\\\/kloepfel-consulting.com\\\/#\\\/schema\\\/logo\\\/image\\\/\",\"url\":\"https:\\\/\\\/kloepfel-consulting.com\\\/wp-content\\\/uploads\\\/2025\\\/04\\\/logo.webp\",\"contentUrl\":\"https:\\\/\\\/kloepfel-consulting.com\\\/wp-content\\\/uploads\\\/2025\\\/04\\\/logo.webp\",\"width\":616,\"height\":284,\"caption\":\"KLOEPFEL by EPSA\"},\"image\":{\"@id\":\"https:\\\/\\\/kloepfel-consulting.com\\\/#\\\/schema\\\/logo\\\/image\\\/\"},\"sameAs\":[\"https:\\\/\\\/www.facebook.com\\\/KloepfelGroup\",\"https:\\\/\\\/www.linkedin.com\\\/company\\\/kloepfel-consulting-gmbh\",\"https:\\\/\\\/www.instagram.com\\\/kloepfel_by_epsa\\\/\"],\"description\":\"Einkaufsberatung f\u00fcr Einkauf, Logistik und Supply Chain\",\"email\":\"info@kloepfel-consulting.com\",\"telephone\":\"+4921194198433\",\"legalName\":\"Kloepfel Consulting GmbH\",\"foundingDate\":\"2007-02-01\",\"vatID\":\"DE254132249\",\"numberOfEmployees\":{\"@type\":\"QuantitativeValue\",\"minValue\":\"51\",\"maxValue\":\"200\"}},{\"@type\":\"Person\",\"@id\":\"https:\\\/\\\/kloepfel-consulting.com\\\/#\\\/schema\\\/person\\\/2691163984d9670e417622b00a4c0f26\",\"name\":\"semprediritto\",\"image\":{\"@type\":\"ImageObject\",\"inLanguage\":\"fr-FR\",\"@id\":\"https:\\\/\\\/secure.gravatar.com\\\/avatar\\\/878f3ddb8fa2117ffa32d8a3152e4368517da61e3b89dd9bbfe39501477bf1f1?s=96&d=mm&r=g\",\"url\":\"https:\\\/\\\/secure.gravatar.com\\\/avatar\\\/878f3ddb8fa2117ffa32d8a3152e4368517da61e3b89dd9bbfe39501477bf1f1?s=96&d=mm&r=g\",\"contentUrl\":\"https:\\\/\\\/secure.gravatar.com\\\/avatar\\\/878f3ddb8fa2117ffa32d8a3152e4368517da61e3b89dd9bbfe39501477bf1f1?s=96&d=mm&r=g\",\"caption\":\"semprediritto\"},\"sameAs\":[\"https:\\\/\\\/kloepfel.sempre-diritto.de\"]}]}<\/script>\n<!-- \/ Yoast SEO Premium plugin. -->","yoast_head_json":{"title":"Deutz : r\u00e9duction des co\u00fbts","description":"Deutz a r\u00e9cemment annonc\u00e9 un programme de r\u00e9duction des co\u00fbts. Selon le communiqu\u00e9 de presse, le fabricant de moteurs de Cologne veut ainsi faire face \u00e0 la conjoncture \u00e9conomique.","robots":{"index":"index","follow":"follow","max-snippet":"max-snippet:-1","max-image-preview":"max-image-preview:large","max-video-preview":"max-video-preview:-1"},"canonical":"https:\/\/kloepfel-consulting.com\/fr\/actualites-de-la-chaine-dapprovisionnement\/deutz-reduction-des-couts-11879\/","og_locale":"fr_FR","og_type":"article","og_title":"Deutz: Kostensenkung","og_description":"Deutz hat j\u00fcngst ein Kostenprogramm verk\u00fcndet. Mit diesem will der K\u00f6lner Motorenhersteller seiner Pressermitteilung zufolge dem konjukturell bedingten Nachfrager\u00fcckgang entgegenwirken.","og_url":"https:\/\/kloepfel-consulting.com\/fr\/actualites-de-la-chaine-dapprovisionnement\/deutz-reduction-des-couts-11879\/","og_site_name":"KLOEPFEL by EPSA","article_publisher":"https:\/\/www.facebook.com\/KloepfelGroup","article_published_time":"2024-10-14T07:24:53+00:00","article_modified_time":"2025-08-27T09:24:53+00:00","og_image":[{"width":2200,"height":1608,"url":"https:\/\/kloepfel-consulting.com\/wp-content\/uploads\/2025\/07\/kloepfelgroup.webp","type":"image\/webp"}],"author":"semprediritto","twitter_card":"summary_large_image","twitter_title":"Deutz: Kostensenkung und neue Strategien 2024","twitter_description":"Informieren Sie sich \u00fcber Deutz' neue Wachstumsstrategien und Kostensenkungen. Jetzt mehr erfahren!","twitter_misc":{"\u00c9crit par":"semprediritto","Dur\u00e9e de lecture estim\u00e9e":"3 minutes"},"schema":{"@context":"https:\/\/schema.org","@graph":[{"@type":"Article","@id":"https:\/\/kloepfel-consulting.com\/supply-chain-news\/deutz-kostensenkung-11879\/#article","isPartOf":{"@id":"https:\/\/kloepfel-consulting.com\/supply-chain-news\/deutz-kostensenkung-11879\/"},"author":{"name":"semprediritto","@id":"https:\/\/kloepfel-consulting.com\/#\/schema\/person\/2691163984d9670e417622b00a4c0f26"},"headline":"Deutz: Kostensenkung","datePublished":"2024-10-14T07:24:53+00:00","dateModified":"2025-08-27T09:24:53+00:00","mainEntityOfPage":{"@id":"https:\/\/kloepfel-consulting.com\/supply-chain-news\/deutz-kostensenkung-11879\/"},"wordCount":402,"commentCount":0,"publisher":{"@id":"https:\/\/kloepfel-consulting.com\/#organization"},"image":{"@id":"https:\/\/kloepfel-consulting.com\/supply-chain-news\/deutz-kostensenkung-11879\/#primaryimage"},"thumbnailUrl":"https:\/\/kloepfel-consulting.com\/wp-content\/uploads\/2025\/08\/deutz-banner-about-Zentrale-Koeln.webp","articleSection":["Supply Chain News"],"inLanguage":"fr-FR","potentialAction":[{"@type":"CommentAction","name":"Comment","target":["https:\/\/kloepfel-consulting.com\/supply-chain-news\/deutz-kostensenkung-11879\/#respond"]}],"copyrightYear":"2024","copyrightHolder":{"@id":"https:\/\/kloepfel-consulting.com\/fr\/#organization"}},{"@type":"WebPage","@id":"https:\/\/kloepfel-consulting.com\/supply-chain-news\/deutz-kostensenkung-11879\/","url":"https:\/\/kloepfel-consulting.com\/supply-chain-news\/deutz-kostensenkung-11879\/","name":"Deutz : r\u00e9duction des co\u00fbts","isPartOf":{"@id":"https:\/\/kloepfel-consulting.com\/#website"},"primaryImageOfPage":{"@id":"https:\/\/kloepfel-consulting.com\/supply-chain-news\/deutz-kostensenkung-11879\/#primaryimage"},"image":{"@id":"https:\/\/kloepfel-consulting.com\/supply-chain-news\/deutz-kostensenkung-11879\/#primaryimage"},"thumbnailUrl":"https:\/\/kloepfel-consulting.com\/wp-content\/uploads\/2025\/08\/deutz-banner-about-Zentrale-Koeln.webp","datePublished":"2024-10-14T07:24:53+00:00","dateModified":"2025-08-27T09:24:53+00:00","description":"Deutz a r\u00e9cemment annonc\u00e9 un programme de r\u00e9duction des co\u00fbts. Selon le communiqu\u00e9 de presse, le fabricant de moteurs de Cologne veut ainsi faire face \u00e0 la conjoncture \u00e9conomique.","breadcrumb":{"@id":"https:\/\/kloepfel-consulting.com\/supply-chain-news\/deutz-kostensenkung-11879\/#breadcrumb"},"inLanguage":"fr-FR","potentialAction":[{"@type":"ReadAction","target":["https:\/\/kloepfel-consulting.com\/supply-chain-news\/deutz-kostensenkung-11879\/"]}]},{"@type":"ImageObject","inLanguage":"fr-FR","@id":"https:\/\/kloepfel-consulting.com\/supply-chain-news\/deutz-kostensenkung-11879\/#primaryimage","url":"https:\/\/kloepfel-consulting.com\/wp-content\/uploads\/2025\/08\/deutz-banner-about-Zentrale-Koeln.webp","contentUrl":"https:\/\/kloepfel-consulting.com\/wp-content\/uploads\/2025\/08\/deutz-banner-about-Zentrale-Koeln.webp","width":2049,"height":1366,"caption":"Die Zentrale der Deutz AG in K\u00f6ln."},{"@type":"BreadcrumbList","@id":"https:\/\/kloepfel-consulting.com\/supply-chain-news\/deutz-kostensenkung-11879\/#breadcrumb","itemListElement":[{"@type":"ListItem","position":1,"name":"Startseite","item":"https:\/\/kloepfel-consulting.com\/"},{"@type":"ListItem","position":2,"name":"Logistikoptimierung","item":"https:\/\/kloepfel-consulting.com\/zuordnung-landingpage\/logistikoptimierung\/"},{"@type":"ListItem","position":3,"name":"Deutz: Kostensenkung"}]},{"@type":"WebSite","@id":"https:\/\/kloepfel-consulting.com\/#website","url":"https:\/\/kloepfel-consulting.com\/","name":"KLOEPFEL by EPSA","description":"","publisher":{"@id":"https:\/\/kloepfel-consulting.com\/#organization"},"alternateName":"KLOEPFELbyEPSA","potentialAction":[{"@type":"SearchAction","target":{"@type":"EntryPoint","urlTemplate":"https:\/\/kloepfel-consulting.com\/?s={search_term_string}"},"query-input":{"@type":"PropertyValueSpecification","valueRequired":true,"valueName":"search_term_string"}}],"inLanguage":"fr-FR"},{"@type":"Organization","@id":"https:\/\/kloepfel-consulting.com\/#organization","name":"KLOEPFEL by EPSA","alternateName":"KLOEPFELbyEPSA","url":"https:\/\/kloepfel-consulting.com\/","logo":{"@type":"ImageObject","inLanguage":"fr-FR","@id":"https:\/\/kloepfel-consulting.com\/#\/schema\/logo\/image\/","url":"https:\/\/kloepfel-consulting.com\/wp-content\/uploads\/2025\/04\/logo.webp","contentUrl":"https:\/\/kloepfel-consulting.com\/wp-content\/uploads\/2025\/04\/logo.webp","width":616,"height":284,"caption":"KLOEPFEL by EPSA"},"image":{"@id":"https:\/\/kloepfel-consulting.com\/#\/schema\/logo\/image\/"},"sameAs":["https:\/\/www.facebook.com\/KloepfelGroup","https:\/\/www.linkedin.com\/company\/kloepfel-consulting-gmbh","https:\/\/www.instagram.com\/kloepfel_by_epsa\/"],"description":"Conseil d'achat pour l'approvisionnement, la logistique et la cha\u00eene d'approvisionnement","email":"info@kloepfel-consulting.com","telephone":"+4921194198433","legalName":"Kloepfel Consulting GmbH","foundingDate":"2007-02-01","vatID":"DE254132249","numberOfEmployees":{"@type":"QuantitativeValue","minValue":"51","maxValue":"200"}},{"@type":"Person","@id":"https:\/\/kloepfel-consulting.com\/#\/schema\/person\/2691163984d9670e417622b00a4c0f26","name":"Toujours le droit","image":{"@type":"ImageObject","inLanguage":"fr-FR","@id":"https:\/\/secure.gravatar.com\/avatar\/878f3ddb8fa2117ffa32d8a3152e4368517da61e3b89dd9bbfe39501477bf1f1?s=96&d=mm&r=g","url":"https:\/\/secure.gravatar.com\/avatar\/878f3ddb8fa2117ffa32d8a3152e4368517da61e3b89dd9bbfe39501477bf1f1?s=96&d=mm&r=g","contentUrl":"https:\/\/secure.gravatar.com\/avatar\/878f3ddb8fa2117ffa32d8a3152e4368517da61e3b89dd9bbfe39501477bf1f1?s=96&d=mm&r=g","caption":"semprediritto"},"sameAs":["https:\/\/kloepfel.sempre-diritto.de"]}]}},"_links":{"self":[{"href":"https:\/\/kloepfel-consulting.com\/fr\/wp-json\/wp\/v2\/posts\/11879","targetHints":{"allow":["GET"]}}],"collection":[{"href":"https:\/\/kloepfel-consulting.com\/fr\/wp-json\/wp\/v2\/posts"}],"about":[{"href":"https:\/\/kloepfel-consulting.com\/fr\/wp-json\/wp\/v2\/types\/post"}],"author":[{"embeddable":true,"href":"https:\/\/kloepfel-consulting.com\/fr\/wp-json\/wp\/v2\/users\/1"}],"replies":[{"embeddable":true,"href":"https:\/\/kloepfel-consulting.com\/fr\/wp-json\/wp\/v2\/comments?post=11879"}],"version-history":[{"count":2,"href":"https:\/\/kloepfel-consulting.com\/fr\/wp-json\/wp\/v2\/posts\/11879\/revisions"}],"predecessor-version":[{"id":14693,"href":"https:\/\/kloepfel-consulting.com\/fr\/wp-json\/wp\/v2\/posts\/11879\/revisions\/14693"}],"wp:featuredmedia":[{"embeddable":true,"href":"https:\/\/kloepfel-consulting.com\/fr\/wp-json\/wp\/v2\/media\/11710"}],"wp:attachment":[{"href":"https:\/\/kloepfel-consulting.com\/fr\/wp-json\/wp\/v2\/media?parent=11879"}],"wp:term":[{"taxonomy":"category","embeddable":true,"href":"https:\/\/kloepfel-consulting.com\/fr\/wp-json\/wp\/v2\/categories?post=11879"},{"taxonomy":"post_tag","embeddable":true,"href":"https:\/\/kloepfel-consulting.com\/fr\/wp-json\/wp\/v2\/tags?post=11879"},{"taxonomy":"referenzkategorie","embeddable":true,"href":"https:\/\/kloepfel-consulting.com\/fr\/wp-json\/wp\/v2\/referenzkategorie?post=11879"}],"curies":[{"name":"wp","href":"https:\/\/api.w.org\/{rel}","templated":true}]}}