{"id":11916,"date":"2024-10-29T09:24:55","date_gmt":"2024-10-29T08:24:55","guid":{"rendered":"https:\/\/kloepfel.sempre-diritto.de\/2024\/10\/29\/bmw-fabrik-des-jahres-2024\/"},"modified":"2025-08-27T11:24:55","modified_gmt":"2025-08-27T09:24:55","slug":"usine-bmw-de-lannee-2024","status":"publish","type":"post","link":"https:\/\/kloepfel-consulting.com\/fr\/supply-chain-news\/bmw-fabrik-des-jahres-2024-11916\/","title":{"rendered":"BMW : Usine de l'ann\u00e9e 2024"},"content":{"rendered":"<h2>Distinction pour l'usine de Regensburg<\/h2>\n<p>Le <a href=\"https:\/\/kloepfel-consulting.com\/fr\/actualites-de-la-chaine-dapprovisionnement\/unternehmen\/bmw-senkt-erwartungen-9378559\/\" rel=\"noopener\" target=\"_blank\">Groupe BMW<\/a> re\u00e7oit le prix \u201eUsine de l'ann\u00e9e\u201c pour son usine de v\u00e9hicules de Ratisbonne. La distinction pour l'usine de Regensburg est d\u00e9cern\u00e9e dans la cat\u00e9gorie \u201eProduction en s\u00e9rie exceptionnelle\u201c.<\/p>\n<p>Selon les informations de l'entreprise, l'usine de Regensburg est l'un des plus de trente sites de production du BMW Group dans le monde. Jusqu'\u00e0 1 400 v\u00e9hicules des mod\u00e8les BMW X1 et BMW X2 y sont produits chaque jour ouvrable.<\/p>\n<h3>Force d'innovation et dynamisme<\/h3>\n<p>Selon BMW, le prix \u201eUsine de l'ann\u00e9e\u201c est l'un des concours industriels les plus renomm\u00e9s en Allemagne.<\/p>\n<p>Le prix est soutenu par la S\u00fcddeutsche Verlag Veranstaltungen GmbH, le magazine sp\u00e9cialis\u00e9 Produktion et le cabinet de conseil Kearney. Cette ann\u00e9e, c'est la 33e fois que ce prix est d\u00e9cern\u00e9.<\/p>\n<p>Armin Ebner, directeur de l'usine BMW Group Regensburg : \u201eL'usine BMW Group Regensburg est remarquablement bien positionn\u00e9e - gr\u00e2ce \u00e0 une \u00e9quipe hautement professionnelle et motiv\u00e9e. Le prix de \u201aFABRIQUE DE L'ANN\u00c9E\u2018 d\u00e9cern\u00e9 par un jury d'experts ind\u00e9pendants est pour nous \u00e0 la fois un succ\u00e8s et une motivation\u201c.\u201c<\/p>\n<p>Selon le communiqu\u00e9 de presse de BMW, un congr\u00e8s intitul\u00e9 \u201eUsine de l'ann\u00e9e\u201c aura lieu au printemps 2025. Ce congr\u00e8s servira de cadre \u00e0 la remise des prix.<\/p>","protected":false},"excerpt":{"rendered":"<p>Auszeichnung f\u00fcr Werk Regensburg Die BMW Group erh\u00e4lt f\u00fcr das Fahrzeugwerk in Regensburg den Preis \u201eFabrik des Jahres\u201c. Die Auszeichung f\u00fcr die Regensburger Fabrik wird in der Kategerie \u201eHervorragende Serienfertigung\u201c vergeben. Das Werk Regensburg ist nach Unternehmensangaben einer von mehr als drei\u00dfig Produktionsstandorten der BMW Group weltweit. Dort werden pro Arbeitstag bis zu 1.400 Fahrzeuge [&hellip;]<\/p>\n","protected":false},"author":1,"featured_media":11917,"comment_status":"open","ping_status":"open","sticky":false,"template":"","format":"standard","meta":{"_acf_changed":false,"footnotes":""},"categories":[88],"tags":[],"referenzkategorie":[],"class_list":["post-11916","post","type-post","status-publish","format-standard","has-post-thumbnail","hentry","category-supply-chain-news"],"acf":[],"yoast_head":"<!-- This site is optimized with the Yoast SEO Premium plugin v27.5 (Yoast SEO v27.5) - https:\/\/yoast.com\/product\/yoast-seo-premium-wordpress\/ -->\n<title>BMW: Fabrik des Jahres 2024<\/title>\n<meta name=\"description\" content=\"Die BMW Group erh\u00e4lt f\u00fcr das Fahrzeugwerk in Regensburg den Preis \u201eFabrik des Jahres\u201c. Die Auszeichung f\u00fcr die Regensburger Fabrik\" \/>\n<meta name=\"robots\" content=\"index, follow, max-snippet:-1, max-image-preview:large, max-video-preview:-1\" \/>\n<link rel=\"canonical\" href=\"https:\/\/kloepfel-consulting.com\/fr\/actualites-de-la-chaine-dapprovisionnement\/bmw-usine-de-lannee-2024-11916\/\" \/>\n<meta property=\"og:locale\" content=\"fr_FR\" \/>\n<meta property=\"og:type\" content=\"article\" \/>\n<meta property=\"og:title\" content=\"BMW: Fabrik des Jahres 2024\" \/>\n<meta property=\"og:description\" content=\"Die BMW Group erh\u00e4lt f\u00fcr das Fahrzeugwerk in Regensburg den Preis \u201eFabrik des Jahres\u201c. Die Auszeichung f\u00fcr die Regensburger Fabrik wird in der Kategerie \u201eHervorragende Serienfertigung\u201c vergeben.\" \/>\n<meta property=\"og:url\" content=\"https:\/\/kloepfel-consulting.com\/fr\/actualites-de-la-chaine-dapprovisionnement\/bmw-usine-de-lannee-2024-11916\/\" \/>\n<meta property=\"og:site_name\" content=\"KLOEPFEL by EPSA\" \/>\n<meta property=\"article:publisher\" content=\"https:\/\/www.facebook.com\/KloepfelGroup\" \/>\n<meta property=\"article:published_time\" content=\"2024-10-29T08:24:55+00:00\" \/>\n<meta property=\"article:modified_time\" content=\"2025-08-27T09:24:55+00:00\" \/>\n<meta property=\"og:image\" content=\"https:\/\/kloepfel-consulting.com\/wp-content\/uploads\/2025\/07\/kloepfelgroup.webp\" \/>\n\t<meta property=\"og:image:width\" content=\"2200\" \/>\n\t<meta property=\"og:image:height\" content=\"1608\" \/>\n\t<meta property=\"og:image:type\" content=\"image\/webp\" \/>\n<meta name=\"author\" content=\"semprediritto\" \/>\n<meta name=\"twitter:card\" content=\"summary_large_image\" \/>\n<meta name=\"twitter:title\" content=\"BMW: Fabrik des Jahres 2024 - Regensburg ausgezeichnet\" \/>\n<meta name=\"twitter:description\" content=\"Erfahren Sie mehr \u00fcber die Auszeichnung der BMW Group f\u00fcr das Werk in Regensburg!\" \/>\n<meta name=\"twitter:label1\" content=\"\u00c9crit par\" \/>\n\t<meta name=\"twitter:data1\" content=\"semprediritto\" \/>\n\t<meta name=\"twitter:label2\" content=\"Dur\u00e9e de lecture estim\u00e9e\" \/>\n\t<meta name=\"twitter:data2\" content=\"2 minutes\" \/>\n<script type=\"application\/ld+json\" class=\"yoast-schema-graph\">{\"@context\":\"https:\\\/\\\/schema.org\",\"@graph\":[{\"@type\":\"Article\",\"@id\":\"https:\\\/\\\/kloepfel-consulting.com\\\/supply-chain-news\\\/bmw-fabrik-des-jahres-2024-11916\\\/#article\",\"isPartOf\":{\"@id\":\"https:\\\/\\\/kloepfel-consulting.com\\\/supply-chain-news\\\/bmw-fabrik-des-jahres-2024-11916\\\/\"},\"author\":{\"name\":\"semprediritto\",\"@id\":\"https:\\\/\\\/kloepfel-consulting.com\\\/#\\\/schema\\\/person\\\/2691163984d9670e417622b00a4c0f26\"},\"headline\":\"BMW: Fabrik des Jahres 2024\",\"datePublished\":\"2024-10-29T08:24:55+00:00\",\"dateModified\":\"2025-08-27T09:24:55+00:00\",\"mainEntityOfPage\":{\"@id\":\"https:\\\/\\\/kloepfel-consulting.com\\\/supply-chain-news\\\/bmw-fabrik-des-jahres-2024-11916\\\/\"},\"wordCount\":187,\"commentCount\":0,\"publisher\":{\"@id\":\"https:\\\/\\\/kloepfel-consulting.com\\\/#organization\"},\"image\":{\"@id\":\"https:\\\/\\\/kloepfel-consulting.com\\\/supply-chain-news\\\/bmw-fabrik-des-jahres-2024-11916\\\/#primaryimage\"},\"thumbnailUrl\":\"https:\\\/\\\/kloepfel-consulting.com\\\/wp-content\\\/uploads\\\/2025\\\/08\\\/BMW-Group-Regensburg-scaled-1.jpg\",\"articleSection\":[\"Supply Chain News\"],\"inLanguage\":\"fr-FR\",\"potentialAction\":[{\"@type\":\"CommentAction\",\"name\":\"Comment\",\"target\":[\"https:\\\/\\\/kloepfel-consulting.com\\\/supply-chain-news\\\/bmw-fabrik-des-jahres-2024-11916\\\/#respond\"]}],\"copyrightYear\":\"2024\",\"copyrightHolder\":{\"@id\":\"https:\\\/\\\/kloepfel-consulting.com\\\/fr\\\/#organization\"}},{\"@type\":\"WebPage\",\"@id\":\"https:\\\/\\\/kloepfel-consulting.com\\\/supply-chain-news\\\/bmw-fabrik-des-jahres-2024-11916\\\/\",\"url\":\"https:\\\/\\\/kloepfel-consulting.com\\\/supply-chain-news\\\/bmw-fabrik-des-jahres-2024-11916\\\/\",\"name\":\"BMW: Fabrik des Jahres 2024\",\"isPartOf\":{\"@id\":\"https:\\\/\\\/kloepfel-consulting.com\\\/#website\"},\"primaryImageOfPage\":{\"@id\":\"https:\\\/\\\/kloepfel-consulting.com\\\/supply-chain-news\\\/bmw-fabrik-des-jahres-2024-11916\\\/#primaryimage\"},\"image\":{\"@id\":\"https:\\\/\\\/kloepfel-consulting.com\\\/supply-chain-news\\\/bmw-fabrik-des-jahres-2024-11916\\\/#primaryimage\"},\"thumbnailUrl\":\"https:\\\/\\\/kloepfel-consulting.com\\\/wp-content\\\/uploads\\\/2025\\\/08\\\/BMW-Group-Regensburg-scaled-1.jpg\",\"datePublished\":\"2024-10-29T08:24:55+00:00\",\"dateModified\":\"2025-08-27T09:24:55+00:00\",\"description\":\"Die BMW Group erh\u00e4lt f\u00fcr das Fahrzeugwerk in Regensburg den Preis \u201eFabrik des Jahres\u201c. Die Auszeichung f\u00fcr die Regensburger Fabrik\",\"breadcrumb\":{\"@id\":\"https:\\\/\\\/kloepfel-consulting.com\\\/supply-chain-news\\\/bmw-fabrik-des-jahres-2024-11916\\\/#breadcrumb\"},\"inLanguage\":\"fr-FR\",\"potentialAction\":[{\"@type\":\"ReadAction\",\"target\":[\"https:\\\/\\\/kloepfel-consulting.com\\\/supply-chain-news\\\/bmw-fabrik-des-jahres-2024-11916\\\/\"]}]},{\"@type\":\"ImageObject\",\"inLanguage\":\"fr-FR\",\"@id\":\"https:\\\/\\\/kloepfel-consulting.com\\\/supply-chain-news\\\/bmw-fabrik-des-jahres-2024-11916\\\/#primaryimage\",\"url\":\"https:\\\/\\\/kloepfel-consulting.com\\\/wp-content\\\/uploads\\\/2025\\\/08\\\/BMW-Group-Regensburg-scaled-1.jpg\",\"contentUrl\":\"https:\\\/\\\/kloepfel-consulting.com\\\/wp-content\\\/uploads\\\/2025\\\/08\\\/BMW-Group-Regensburg-scaled-1.jpg\",\"width\":2560,\"height\":1706,\"caption\":\"Ein roter BMW X5 in einer Produktionsumgebung.\"},{\"@type\":\"BreadcrumbList\",\"@id\":\"https:\\\/\\\/kloepfel-consulting.com\\\/supply-chain-news\\\/bmw-fabrik-des-jahres-2024-11916\\\/#breadcrumb\",\"itemListElement\":[{\"@type\":\"ListItem\",\"position\":1,\"name\":\"Startseite\",\"item\":\"https:\\\/\\\/kloepfel-consulting.com\\\/\"},{\"@type\":\"ListItem\",\"position\":2,\"name\":\"Logistikoptimierung\",\"item\":\"https:\\\/\\\/kloepfel-consulting.com\\\/zuordnung-landingpage\\\/logistikoptimierung\\\/\"},{\"@type\":\"ListItem\",\"position\":3,\"name\":\"BMW: Fabrik des Jahres 2024\"}]},{\"@type\":\"WebSite\",\"@id\":\"https:\\\/\\\/kloepfel-consulting.com\\\/#website\",\"url\":\"https:\\\/\\\/kloepfel-consulting.com\\\/\",\"name\":\"KLOEPFEL by EPSA\",\"description\":\"\",\"publisher\":{\"@id\":\"https:\\\/\\\/kloepfel-consulting.com\\\/#organization\"},\"alternateName\":\"KLOEPFELbyEPSA\",\"potentialAction\":[{\"@type\":\"SearchAction\",\"target\":{\"@type\":\"EntryPoint\",\"urlTemplate\":\"https:\\\/\\\/kloepfel-consulting.com\\\/?s={search_term_string}\"},\"query-input\":{\"@type\":\"PropertyValueSpecification\",\"valueRequired\":true,\"valueName\":\"search_term_string\"}}],\"inLanguage\":\"fr-FR\"},{\"@type\":\"Organization\",\"@id\":\"https:\\\/\\\/kloepfel-consulting.com\\\/#organization\",\"name\":\"KLOEPFEL by EPSA\",\"alternateName\":\"KLOEPFELbyEPSA\",\"url\":\"https:\\\/\\\/kloepfel-consulting.com\\\/\",\"logo\":{\"@type\":\"ImageObject\",\"inLanguage\":\"fr-FR\",\"@id\":\"https:\\\/\\\/kloepfel-consulting.com\\\/#\\\/schema\\\/logo\\\/image\\\/\",\"url\":\"https:\\\/\\\/kloepfel-consulting.com\\\/wp-content\\\/uploads\\\/2025\\\/04\\\/logo.webp\",\"contentUrl\":\"https:\\\/\\\/kloepfel-consulting.com\\\/wp-content\\\/uploads\\\/2025\\\/04\\\/logo.webp\",\"width\":616,\"height\":284,\"caption\":\"KLOEPFEL by EPSA\"},\"image\":{\"@id\":\"https:\\\/\\\/kloepfel-consulting.com\\\/#\\\/schema\\\/logo\\\/image\\\/\"},\"sameAs\":[\"https:\\\/\\\/www.facebook.com\\\/KloepfelGroup\",\"https:\\\/\\\/www.linkedin.com\\\/company\\\/kloepfel-consulting-gmbh\",\"https:\\\/\\\/www.instagram.com\\\/kloepfel_by_epsa\\\/\"],\"description\":\"Einkaufsberatung f\u00fcr Einkauf, Logistik und Supply Chain\",\"email\":\"info@kloepfel-consulting.com\",\"telephone\":\"+4921194198433\",\"legalName\":\"Kloepfel Consulting GmbH\",\"foundingDate\":\"2007-02-01\",\"vatID\":\"DE254132249\",\"numberOfEmployees\":{\"@type\":\"QuantitativeValue\",\"minValue\":\"51\",\"maxValue\":\"200\"}},{\"@type\":\"Person\",\"@id\":\"https:\\\/\\\/kloepfel-consulting.com\\\/#\\\/schema\\\/person\\\/2691163984d9670e417622b00a4c0f26\",\"name\":\"semprediritto\",\"image\":{\"@type\":\"ImageObject\",\"inLanguage\":\"fr-FR\",\"@id\":\"https:\\\/\\\/secure.gravatar.com\\\/avatar\\\/878f3ddb8fa2117ffa32d8a3152e4368517da61e3b89dd9bbfe39501477bf1f1?s=96&d=mm&r=g\",\"url\":\"https:\\\/\\\/secure.gravatar.com\\\/avatar\\\/878f3ddb8fa2117ffa32d8a3152e4368517da61e3b89dd9bbfe39501477bf1f1?s=96&d=mm&r=g\",\"contentUrl\":\"https:\\\/\\\/secure.gravatar.com\\\/avatar\\\/878f3ddb8fa2117ffa32d8a3152e4368517da61e3b89dd9bbfe39501477bf1f1?s=96&d=mm&r=g\",\"caption\":\"semprediritto\"},\"sameAs\":[\"https:\\\/\\\/kloepfel.sempre-diritto.de\"]}]}<\/script>\n<!-- \/ Yoast SEO Premium plugin. -->","yoast_head_json":{"title":"BMW : Usine de l'ann\u00e9e 2024","description":"Le groupe BMW re\u00e7oit le prix \u201eUsine de l'ann\u00e9e\u201c pour son usine automobile de Ratisbonne. La distinction pour l'usine de Regensburg","robots":{"index":"index","follow":"follow","max-snippet":"max-snippet:-1","max-image-preview":"max-image-preview:large","max-video-preview":"max-video-preview:-1"},"canonical":"https:\/\/kloepfel-consulting.com\/fr\/actualites-de-la-chaine-dapprovisionnement\/bmw-usine-de-lannee-2024-11916\/","og_locale":"fr_FR","og_type":"article","og_title":"BMW: Fabrik des Jahres 2024","og_description":"Die BMW Group erh\u00e4lt f\u00fcr das Fahrzeugwerk in Regensburg den Preis \u201eFabrik des Jahres\u201c. Die Auszeichung f\u00fcr die Regensburger Fabrik wird in der Kategerie \u201eHervorragende Serienfertigung\u201c vergeben.","og_url":"https:\/\/kloepfel-consulting.com\/fr\/actualites-de-la-chaine-dapprovisionnement\/bmw-usine-de-lannee-2024-11916\/","og_site_name":"KLOEPFEL by EPSA","article_publisher":"https:\/\/www.facebook.com\/KloepfelGroup","article_published_time":"2024-10-29T08:24:55+00:00","article_modified_time":"2025-08-27T09:24:55+00:00","og_image":[{"width":2200,"height":1608,"url":"https:\/\/kloepfel-consulting.com\/wp-content\/uploads\/2025\/07\/kloepfelgroup.webp","type":"image\/webp"}],"author":"semprediritto","twitter_card":"summary_large_image","twitter_title":"BMW: Fabrik des Jahres 2024 - Regensburg ausgezeichnet","twitter_description":"Erfahren Sie mehr \u00fcber die Auszeichnung der BMW Group f\u00fcr das Werk in Regensburg!","twitter_misc":{"\u00c9crit par":"semprediritto","Dur\u00e9e de lecture estim\u00e9e":"2 minutes"},"schema":{"@context":"https:\/\/schema.org","@graph":[{"@type":"Article","@id":"https:\/\/kloepfel-consulting.com\/supply-chain-news\/bmw-fabrik-des-jahres-2024-11916\/#article","isPartOf":{"@id":"https:\/\/kloepfel-consulting.com\/supply-chain-news\/bmw-fabrik-des-jahres-2024-11916\/"},"author":{"name":"semprediritto","@id":"https:\/\/kloepfel-consulting.com\/#\/schema\/person\/2691163984d9670e417622b00a4c0f26"},"headline":"BMW: Fabrik des Jahres 2024","datePublished":"2024-10-29T08:24:55+00:00","dateModified":"2025-08-27T09:24:55+00:00","mainEntityOfPage":{"@id":"https:\/\/kloepfel-consulting.com\/supply-chain-news\/bmw-fabrik-des-jahres-2024-11916\/"},"wordCount":187,"commentCount":0,"publisher":{"@id":"https:\/\/kloepfel-consulting.com\/#organization"},"image":{"@id":"https:\/\/kloepfel-consulting.com\/supply-chain-news\/bmw-fabrik-des-jahres-2024-11916\/#primaryimage"},"thumbnailUrl":"https:\/\/kloepfel-consulting.com\/wp-content\/uploads\/2025\/08\/BMW-Group-Regensburg-scaled-1.jpg","articleSection":["Supply Chain News"],"inLanguage":"fr-FR","potentialAction":[{"@type":"CommentAction","name":"Comment","target":["https:\/\/kloepfel-consulting.com\/supply-chain-news\/bmw-fabrik-des-jahres-2024-11916\/#respond"]}],"copyrightYear":"2024","copyrightHolder":{"@id":"https:\/\/kloepfel-consulting.com\/fr\/#organization"}},{"@type":"WebPage","@id":"https:\/\/kloepfel-consulting.com\/supply-chain-news\/bmw-fabrik-des-jahres-2024-11916\/","url":"https:\/\/kloepfel-consulting.com\/supply-chain-news\/bmw-fabrik-des-jahres-2024-11916\/","name":"BMW : Usine de l'ann\u00e9e 2024","isPartOf":{"@id":"https:\/\/kloepfel-consulting.com\/#website"},"primaryImageOfPage":{"@id":"https:\/\/kloepfel-consulting.com\/supply-chain-news\/bmw-fabrik-des-jahres-2024-11916\/#primaryimage"},"image":{"@id":"https:\/\/kloepfel-consulting.com\/supply-chain-news\/bmw-fabrik-des-jahres-2024-11916\/#primaryimage"},"thumbnailUrl":"https:\/\/kloepfel-consulting.com\/wp-content\/uploads\/2025\/08\/BMW-Group-Regensburg-scaled-1.jpg","datePublished":"2024-10-29T08:24:55+00:00","dateModified":"2025-08-27T09:24:55+00:00","description":"Le groupe BMW re\u00e7oit le prix \u201eUsine de l'ann\u00e9e\u201c pour son usine automobile de Ratisbonne. La distinction pour l'usine de Regensburg","breadcrumb":{"@id":"https:\/\/kloepfel-consulting.com\/supply-chain-news\/bmw-fabrik-des-jahres-2024-11916\/#breadcrumb"},"inLanguage":"fr-FR","potentialAction":[{"@type":"ReadAction","target":["https:\/\/kloepfel-consulting.com\/supply-chain-news\/bmw-fabrik-des-jahres-2024-11916\/"]}]},{"@type":"ImageObject","inLanguage":"fr-FR","@id":"https:\/\/kloepfel-consulting.com\/supply-chain-news\/bmw-fabrik-des-jahres-2024-11916\/#primaryimage","url":"https:\/\/kloepfel-consulting.com\/wp-content\/uploads\/2025\/08\/BMW-Group-Regensburg-scaled-1.jpg","contentUrl":"https:\/\/kloepfel-consulting.com\/wp-content\/uploads\/2025\/08\/BMW-Group-Regensburg-scaled-1.jpg","width":2560,"height":1706,"caption":"Ein roter BMW X5 in einer Produktionsumgebung."},{"@type":"BreadcrumbList","@id":"https:\/\/kloepfel-consulting.com\/supply-chain-news\/bmw-fabrik-des-jahres-2024-11916\/#breadcrumb","itemListElement":[{"@type":"ListItem","position":1,"name":"Startseite","item":"https:\/\/kloepfel-consulting.com\/"},{"@type":"ListItem","position":2,"name":"Logistikoptimierung","item":"https:\/\/kloepfel-consulting.com\/zuordnung-landingpage\/logistikoptimierung\/"},{"@type":"ListItem","position":3,"name":"BMW: Fabrik des Jahres 2024"}]},{"@type":"WebSite","@id":"https:\/\/kloepfel-consulting.com\/#website","url":"https:\/\/kloepfel-consulting.com\/","name":"KLOEPFEL by EPSA","description":"","publisher":{"@id":"https:\/\/kloepfel-consulting.com\/#organization"},"alternateName":"KLOEPFELbyEPSA","potentialAction":[{"@type":"SearchAction","target":{"@type":"EntryPoint","urlTemplate":"https:\/\/kloepfel-consulting.com\/?s={search_term_string}"},"query-input":{"@type":"PropertyValueSpecification","valueRequired":true,"valueName":"search_term_string"}}],"inLanguage":"fr-FR"},{"@type":"Organization","@id":"https:\/\/kloepfel-consulting.com\/#organization","name":"KLOEPFEL by EPSA","alternateName":"KLOEPFELbyEPSA","url":"https:\/\/kloepfel-consulting.com\/","logo":{"@type":"ImageObject","inLanguage":"fr-FR","@id":"https:\/\/kloepfel-consulting.com\/#\/schema\/logo\/image\/","url":"https:\/\/kloepfel-consulting.com\/wp-content\/uploads\/2025\/04\/logo.webp","contentUrl":"https:\/\/kloepfel-consulting.com\/wp-content\/uploads\/2025\/04\/logo.webp","width":616,"height":284,"caption":"KLOEPFEL by EPSA"},"image":{"@id":"https:\/\/kloepfel-consulting.com\/#\/schema\/logo\/image\/"},"sameAs":["https:\/\/www.facebook.com\/KloepfelGroup","https:\/\/www.linkedin.com\/company\/kloepfel-consulting-gmbh","https:\/\/www.instagram.com\/kloepfel_by_epsa\/"],"description":"Conseil d'achat pour l'approvisionnement, la logistique et la cha\u00eene d'approvisionnement","email":"info@kloepfel-consulting.com","telephone":"+4921194198433","legalName":"Kloepfel Consulting GmbH","foundingDate":"2007-02-01","vatID":"DE254132249","numberOfEmployees":{"@type":"QuantitativeValue","minValue":"51","maxValue":"200"}},{"@type":"Person","@id":"https:\/\/kloepfel-consulting.com\/#\/schema\/person\/2691163984d9670e417622b00a4c0f26","name":"Toujours le droit","image":{"@type":"ImageObject","inLanguage":"fr-FR","@id":"https:\/\/secure.gravatar.com\/avatar\/878f3ddb8fa2117ffa32d8a3152e4368517da61e3b89dd9bbfe39501477bf1f1?s=96&d=mm&r=g","url":"https:\/\/secure.gravatar.com\/avatar\/878f3ddb8fa2117ffa32d8a3152e4368517da61e3b89dd9bbfe39501477bf1f1?s=96&d=mm&r=g","contentUrl":"https:\/\/secure.gravatar.com\/avatar\/878f3ddb8fa2117ffa32d8a3152e4368517da61e3b89dd9bbfe39501477bf1f1?s=96&d=mm&r=g","caption":"semprediritto"},"sameAs":["https:\/\/kloepfel.sempre-diritto.de"]}]}},"_links":{"self":[{"href":"https:\/\/kloepfel-consulting.com\/fr\/wp-json\/wp\/v2\/posts\/11916","targetHints":{"allow":["GET"]}}],"collection":[{"href":"https:\/\/kloepfel-consulting.com\/fr\/wp-json\/wp\/v2\/posts"}],"about":[{"href":"https:\/\/kloepfel-consulting.com\/fr\/wp-json\/wp\/v2\/types\/post"}],"author":[{"embeddable":true,"href":"https:\/\/kloepfel-consulting.com\/fr\/wp-json\/wp\/v2\/users\/1"}],"replies":[{"embeddable":true,"href":"https:\/\/kloepfel-consulting.com\/fr\/wp-json\/wp\/v2\/comments?post=11916"}],"version-history":[{"count":2,"href":"https:\/\/kloepfel-consulting.com\/fr\/wp-json\/wp\/v2\/posts\/11916\/revisions"}],"predecessor-version":[{"id":14700,"href":"https:\/\/kloepfel-consulting.com\/fr\/wp-json\/wp\/v2\/posts\/11916\/revisions\/14700"}],"wp:featuredmedia":[{"embeddable":true,"href":"https:\/\/kloepfel-consulting.com\/fr\/wp-json\/wp\/v2\/media\/11917"}],"wp:attachment":[{"href":"https:\/\/kloepfel-consulting.com\/fr\/wp-json\/wp\/v2\/media?parent=11916"}],"wp:term":[{"taxonomy":"category","embeddable":true,"href":"https:\/\/kloepfel-consulting.com\/fr\/wp-json\/wp\/v2\/categories?post=11916"},{"taxonomy":"post_tag","embeddable":true,"href":"https:\/\/kloepfel-consulting.com\/fr\/wp-json\/wp\/v2\/tags?post=11916"},{"taxonomy":"referenzkategorie","embeddable":true,"href":"https:\/\/kloepfel-consulting.com\/fr\/wp-json\/wp\/v2\/referenzkategorie?post=11916"}],"curies":[{"name":"wp","href":"https:\/\/api.w.org\/{rel}","templated":true}]}}