{"id":11981,"date":"2025-01-09T09:24:59","date_gmt":"2025-01-09T08:24:59","guid":{"rendered":"https:\/\/kloepfel.sempre-diritto.de\/2025\/01\/09\/adidas-ruestet-formel-1-team-von-mercedes-aus\/"},"modified":"2025-08-27T11:24:59","modified_gmt":"2025-08-27T09:24:59","slug":"adidas-equipe-lecurie-de-formule-1-de-mercedes","status":"publish","type":"post","link":"https:\/\/kloepfel-consulting.com\/fr\/supply-chain-news\/adidas-ruestet-formel-1-team-von-mercedes-aus-11981\/","title":{"rendered":"Adidas \u00e9quipe l'\u00e9quipe de Formule 1 de Mercedes"},"content":{"rendered":"<h2>Partenariat de plusieurs ann\u00e9es avec l'\u00e9quipe Mercedes-AMG PETRONAS F1 Team<\/h2>\n<p>Le fabricant d'articles de sport <a href=\"https:\/\/kloepfel-consulting.com\/fr\/actualites-de-la-chaine-dapprovisionnement\/unternehmen\/puma-chef-adidas-5510493\/\" target=\"_blank\">Adidas<\/a> est une nouvelle ressource pluriannuelle <strong>Partenariat<\/strong> avec l'\u00e9quipe Mercedes-AMG PETRONAS F1 Team. Cette annonce a \u00e9t\u00e9 faite par le biais d'un communiqu\u00e9 de presse qui<a href=\"https:\/\/kloepfel-consulting.com\/fr\/actualites-de-la-chaine-dapprovisionnement\/chaine-dapprovisionnement\/mercedes-benz-chatgpt-produktion-6766421\/\" target=\"_blank\"> Mercedes-Benz<\/a> le 7 janvier 2025 sur son site web.<\/p>\n<p>Le partenariat repose sur un engagement commun en faveur de la performance et de l'excellence. <\/p>\n<h3>Collection pour l'\u00e9quipe et les fans<\/h3>\n<p>Dans le cadre de cette collaboration, Adidas fournira, selon le communiqu\u00e9 de presse, une gamme compl\u00e8te de produits. <em>Collection <\/em>pour l'ensemble de l'\u00e9quipe de Formule 1, y compris les pilotes, les m\u00e9caniciens et les ing\u00e9nieurs.<\/p>\n<p>De m\u00eame, il y aura des produits pour les fans.  Ainsi, Adidas d\u00e9veloppera et commercialisera des v\u00eatements, des chaussures et des accessoires pour l'\u00e9quipe et sa communaut\u00e9 de fans. La premi\u00e8re collection devrait \u00eatre pr\u00e9sent\u00e9e en f\u00e9vrier.<\/p>\n<h3>Adidas comme partenaire officiel de l'\u00e9quipe<\/h3>\n<p>Bj\u00f8rn Gulden, CEO d'Adidas, a d\u00e9clar\u00e9 : \u201eL'int\u00e9r\u00eat pour la course automobile en g\u00e9n\u00e9ral et pour la Formule 1 en particulier a fortement augment\u00e9. Elle touche de nouveaux consommateurs et a une grande influence sur le sport et la culture de la rue. Nous sommes tr\u00e8s fiers de faire entrer la marque aux trois bandes dans la Formule 1 en tant que partenaire officiel de l'\u00e9quipe Mercedes-AMG PETRONAS F1 Team, et ce avec l'une des \u00e9quipes les plus performantes de tous les temps\u201c.\u201c <\/p>\n<p>Toto Wolff, copropri\u00e9taire, directeur g\u00e9n\u00e9ral et chef d'\u00e9quipe de Mercedes-AMG PETRONAS F1 Team a d\u00e9clar\u00e9 : \u201eNotre partenariat avec adidas est un engagement clair de notre \u00e9quipe, avec lequel nous commen\u00e7ons \u00e0 \u00e9crire notre prochain chapitre. adidas est une marque embl\u00e9matique qui partage non seulement notre engagement pour l'excellence, mais aussi pour le style et l'\u00e9l\u00e9gance\u201c. Du point de vue de Wolff, cette collaboration d\u00e9finira ce que sont les v\u00eatements d'\u00e9quipe et de supporters dans le sport automobile.<\/p>","protected":false},"excerpt":{"rendered":"<p>Mehrj\u00e4hrige Partnerschaft mit dem Mercedes-AMG PETRONAS F1 Team Der Sportartikelhersteller Adidas ist eine neue mehrj\u00e4hrige Partnerschaft mit dem Mercedes-AMG PETRONAS F1 Team eingegangen. Dies wurde mittels einer Pressemitteilung bekanntgegeben, die Mercedes-Benz am 7. Januar 2025 auf seiner Website ver\u00f6ffentlichte. Die Partnerschaft basiere auf dem gemeinsamen Bekenntnis zu Performance und Spitzenqualit\u00e4t. Kollektion f\u00fcr Team und Fans [&hellip;]<\/p>\n","protected":false},"author":1,"featured_media":11982,"comment_status":"open","ping_status":"open","sticky":false,"template":"","format":"standard","meta":{"_acf_changed":false,"footnotes":""},"categories":[88],"tags":[],"referenzkategorie":[],"class_list":["post-11981","post","type-post","status-publish","format-standard","has-post-thumbnail","hentry","category-supply-chain-news"],"acf":[],"yoast_head":"<!-- This site is optimized with the Yoast SEO Premium plugin v27.5 (Yoast SEO v27.5) - https:\/\/yoast.com\/product\/yoast-seo-premium-wordpress\/ -->\n<title>Adidas r\u00fcstet Formel-1-Team von Mercedes aus<\/title>\n<meta name=\"description\" content=\"Der Sportartikelhersteller Adidas ist eine neue mehrj\u00e4hrige Partnerschaft mit dem Mercedes-AMG PETRONAS F1 Team eingegangen. Dies wurde mit\" \/>\n<meta name=\"robots\" content=\"index, follow, max-snippet:-1, max-image-preview:large, max-video-preview:-1\" \/>\n<link rel=\"canonical\" href=\"https:\/\/kloepfel-consulting.com\/fr\/actualites-de-la-chaine-dapprovisionnement\/adidas-equipe-lecurie-de-formule-1-mercedes\/\" \/>\n<meta property=\"og:locale\" content=\"fr_FR\" \/>\n<meta property=\"og:type\" content=\"article\" \/>\n<meta property=\"og:title\" content=\"Adidas r\u00fcstet Formel-1-Team von Mercedes aus\" \/>\n<meta property=\"og:description\" content=\"Der Sportartikelhersteller Adidas ist eine neue mehrj\u00e4hrige Partnerschaft mit dem Mercedes-AMG PETRONAS F1 Team eingegangen. Dies wurde mittels einer Pressemitteilung bekanntgegeben, die Mercedes-Benz am 7. Januar 2025 auf seiner Website ver\u00f6ffentlichte.\" \/>\n<meta property=\"og:url\" content=\"https:\/\/kloepfel-consulting.com\/fr\/actualites-de-la-chaine-dapprovisionnement\/adidas-equipe-lecurie-de-formule-1-mercedes\/\" \/>\n<meta property=\"og:site_name\" content=\"KLOEPFEL by EPSA\" \/>\n<meta property=\"article:publisher\" content=\"https:\/\/www.facebook.com\/KloepfelGroup\" \/>\n<meta property=\"article:published_time\" content=\"2025-01-09T08:24:59+00:00\" \/>\n<meta property=\"article:modified_time\" content=\"2025-08-27T09:24:59+00:00\" \/>\n<meta property=\"og:image\" content=\"https:\/\/kloepfel-consulting.com\/wp-content\/uploads\/2025\/08\/Mercedes-AMG-F1-x-adidas.jpg\" \/>\n\t<meta property=\"og:image:width\" content=\"2560\" \/>\n\t<meta property=\"og:image:height\" content=\"1440\" \/>\n\t<meta property=\"og:image:type\" content=\"image\/jpeg\" \/>\n<meta name=\"author\" content=\"semprediritto\" \/>\n<meta name=\"twitter:card\" content=\"summary_large_image\" \/>\n<meta name=\"twitter:title\" content=\"Adidas und Mercedes-AMG PETRONAS F1 Team\" \/>\n<meta name=\"twitter:description\" content=\"Adidas pr\u00e4sentiert neue Kollektion f\u00fcr das F1-Team. Jetzt mehr erfahren!\" \/>\n<meta name=\"twitter:label1\" content=\"\u00c9crit par\" \/>\n\t<meta name=\"twitter:data1\" content=\"semprediritto\" \/>\n\t<meta name=\"twitter:label2\" content=\"Dur\u00e9e de lecture estim\u00e9e\" \/>\n\t<meta name=\"twitter:data2\" content=\"2 minutes\" \/>\n<script type=\"application\/ld+json\" class=\"yoast-schema-graph\">{\"@context\":\"https:\\\/\\\/schema.org\",\"@graph\":[{\"@type\":\"Article\",\"@id\":\"https:\\\/\\\/kloepfel-consulting.com\\\/supply-chain-news\\\/adidas-ruestet-formel-1-team-von-mercedes-aus-11981\\\/#article\",\"isPartOf\":{\"@id\":\"https:\\\/\\\/kloepfel-consulting.com\\\/supply-chain-news\\\/adidas-ruestet-formel-1-team-von-mercedes-aus-11981\\\/\"},\"author\":{\"name\":\"semprediritto\",\"@id\":\"https:\\\/\\\/kloepfel-consulting.com\\\/#\\\/schema\\\/person\\\/2691163984d9670e417622b00a4c0f26\"},\"headline\":\"Adidas r\u00fcstet Formel-1-Team von Mercedes aus\",\"datePublished\":\"2025-01-09T08:24:59+00:00\",\"dateModified\":\"2025-08-27T09:24:59+00:00\",\"mainEntityOfPage\":{\"@id\":\"https:\\\/\\\/kloepfel-consulting.com\\\/supply-chain-news\\\/adidas-ruestet-formel-1-team-von-mercedes-aus-11981\\\/\"},\"wordCount\":278,\"commentCount\":0,\"publisher\":{\"@id\":\"https:\\\/\\\/kloepfel-consulting.com\\\/#organization\"},\"image\":{\"@id\":\"https:\\\/\\\/kloepfel-consulting.com\\\/supply-chain-news\\\/adidas-ruestet-formel-1-team-von-mercedes-aus-11981\\\/#primaryimage\"},\"thumbnailUrl\":\"https:\\\/\\\/kloepfel-consulting.com\\\/wp-content\\\/uploads\\\/2025\\\/08\\\/Mercedes-AMG-F1-x-adidas.jpg\",\"articleSection\":[\"Supply Chain News\"],\"inLanguage\":\"fr-FR\",\"potentialAction\":[{\"@type\":\"CommentAction\",\"name\":\"Comment\",\"target\":[\"https:\\\/\\\/kloepfel-consulting.com\\\/supply-chain-news\\\/adidas-ruestet-formel-1-team-von-mercedes-aus-11981\\\/#respond\"]}],\"copyrightYear\":\"2025\",\"copyrightHolder\":{\"@id\":\"https:\\\/\\\/kloepfel-consulting.com\\\/fr\\\/#organization\"}},{\"@type\":\"WebPage\",\"@id\":\"https:\\\/\\\/kloepfel-consulting.com\\\/supply-chain-news\\\/adidas-ruestet-formel-1-team-von-mercedes-aus-11981\\\/\",\"url\":\"https:\\\/\\\/kloepfel-consulting.com\\\/supply-chain-news\\\/adidas-ruestet-formel-1-team-von-mercedes-aus-11981\\\/\",\"name\":\"Adidas r\u00fcstet Formel-1-Team von Mercedes aus\",\"isPartOf\":{\"@id\":\"https:\\\/\\\/kloepfel-consulting.com\\\/#website\"},\"primaryImageOfPage\":{\"@id\":\"https:\\\/\\\/kloepfel-consulting.com\\\/supply-chain-news\\\/adidas-ruestet-formel-1-team-von-mercedes-aus-11981\\\/#primaryimage\"},\"image\":{\"@id\":\"https:\\\/\\\/kloepfel-consulting.com\\\/supply-chain-news\\\/adidas-ruestet-formel-1-team-von-mercedes-aus-11981\\\/#primaryimage\"},\"thumbnailUrl\":\"https:\\\/\\\/kloepfel-consulting.com\\\/wp-content\\\/uploads\\\/2025\\\/08\\\/Mercedes-AMG-F1-x-adidas.jpg\",\"datePublished\":\"2025-01-09T08:24:59+00:00\",\"dateModified\":\"2025-08-27T09:24:59+00:00\",\"description\":\"Der Sportartikelhersteller Adidas ist eine neue mehrj\u00e4hrige Partnerschaft mit dem Mercedes-AMG PETRONAS F1 Team eingegangen. Dies wurde mit\",\"breadcrumb\":{\"@id\":\"https:\\\/\\\/kloepfel-consulting.com\\\/supply-chain-news\\\/adidas-ruestet-formel-1-team-von-mercedes-aus-11981\\\/#breadcrumb\"},\"inLanguage\":\"fr-FR\",\"potentialAction\":[{\"@type\":\"ReadAction\",\"target\":[\"https:\\\/\\\/kloepfel-consulting.com\\\/supply-chain-news\\\/adidas-ruestet-formel-1-team-von-mercedes-aus-11981\\\/\"]}]},{\"@type\":\"ImageObject\",\"inLanguage\":\"fr-FR\",\"@id\":\"https:\\\/\\\/kloepfel-consulting.com\\\/supply-chain-news\\\/adidas-ruestet-formel-1-team-von-mercedes-aus-11981\\\/#primaryimage\",\"url\":\"https:\\\/\\\/kloepfel-consulting.com\\\/wp-content\\\/uploads\\\/2025\\\/08\\\/Mercedes-AMG-F1-x-adidas.jpg\",\"contentUrl\":\"https:\\\/\\\/kloepfel-consulting.com\\\/wp-content\\\/uploads\\\/2025\\\/08\\\/Mercedes-AMG-F1-x-adidas.jpg\",\"width\":2560,\"height\":1440,\"caption\":\"Mercedes-AMG F1 Rennwagen mit adidas Branding.\"},{\"@type\":\"BreadcrumbList\",\"@id\":\"https:\\\/\\\/kloepfel-consulting.com\\\/supply-chain-news\\\/adidas-ruestet-formel-1-team-von-mercedes-aus-11981\\\/#breadcrumb\",\"itemListElement\":[{\"@type\":\"ListItem\",\"position\":1,\"name\":\"Startseite\",\"item\":\"https:\\\/\\\/kloepfel-consulting.com\\\/\"},{\"@type\":\"ListItem\",\"position\":2,\"name\":\"Logistikoptimierung\",\"item\":\"https:\\\/\\\/kloepfel-consulting.com\\\/zuordnung-landingpage\\\/logistikoptimierung\\\/\"},{\"@type\":\"ListItem\",\"position\":3,\"name\":\"Adidas r\u00fcstet Formel-1-Team von Mercedes aus\"}]},{\"@type\":\"WebSite\",\"@id\":\"https:\\\/\\\/kloepfel-consulting.com\\\/#website\",\"url\":\"https:\\\/\\\/kloepfel-consulting.com\\\/\",\"name\":\"KLOEPFEL by EPSA\",\"description\":\"\",\"publisher\":{\"@id\":\"https:\\\/\\\/kloepfel-consulting.com\\\/#organization\"},\"alternateName\":\"KLOEPFELbyEPSA\",\"potentialAction\":[{\"@type\":\"SearchAction\",\"target\":{\"@type\":\"EntryPoint\",\"urlTemplate\":\"https:\\\/\\\/kloepfel-consulting.com\\\/?s={search_term_string}\"},\"query-input\":{\"@type\":\"PropertyValueSpecification\",\"valueRequired\":true,\"valueName\":\"search_term_string\"}}],\"inLanguage\":\"fr-FR\"},{\"@type\":\"Organization\",\"@id\":\"https:\\\/\\\/kloepfel-consulting.com\\\/#organization\",\"name\":\"KLOEPFEL by EPSA\",\"alternateName\":\"KLOEPFELbyEPSA\",\"url\":\"https:\\\/\\\/kloepfel-consulting.com\\\/\",\"logo\":{\"@type\":\"ImageObject\",\"inLanguage\":\"fr-FR\",\"@id\":\"https:\\\/\\\/kloepfel-consulting.com\\\/#\\\/schema\\\/logo\\\/image\\\/\",\"url\":\"https:\\\/\\\/kloepfel-consulting.com\\\/wp-content\\\/uploads\\\/2025\\\/04\\\/logo.webp\",\"contentUrl\":\"https:\\\/\\\/kloepfel-consulting.com\\\/wp-content\\\/uploads\\\/2025\\\/04\\\/logo.webp\",\"width\":616,\"height\":284,\"caption\":\"KLOEPFEL by EPSA\"},\"image\":{\"@id\":\"https:\\\/\\\/kloepfel-consulting.com\\\/#\\\/schema\\\/logo\\\/image\\\/\"},\"sameAs\":[\"https:\\\/\\\/www.facebook.com\\\/KloepfelGroup\",\"https:\\\/\\\/www.linkedin.com\\\/company\\\/kloepfel-consulting-gmbh\",\"https:\\\/\\\/www.instagram.com\\\/kloepfel_by_epsa\\\/\"],\"description\":\"Einkaufsberatung f\u00fcr Einkauf, Logistik und Supply Chain\",\"email\":\"info@kloepfel-consulting.com\",\"telephone\":\"+4921194198433\",\"legalName\":\"Kloepfel Consulting GmbH\",\"foundingDate\":\"2007-02-01\",\"vatID\":\"DE254132249\",\"numberOfEmployees\":{\"@type\":\"QuantitativeValue\",\"minValue\":\"51\",\"maxValue\":\"200\"}},{\"@type\":\"Person\",\"@id\":\"https:\\\/\\\/kloepfel-consulting.com\\\/#\\\/schema\\\/person\\\/2691163984d9670e417622b00a4c0f26\",\"name\":\"semprediritto\",\"image\":{\"@type\":\"ImageObject\",\"inLanguage\":\"fr-FR\",\"@id\":\"https:\\\/\\\/secure.gravatar.com\\\/avatar\\\/878f3ddb8fa2117ffa32d8a3152e4368517da61e3b89dd9bbfe39501477bf1f1?s=96&d=mm&r=g\",\"url\":\"https:\\\/\\\/secure.gravatar.com\\\/avatar\\\/878f3ddb8fa2117ffa32d8a3152e4368517da61e3b89dd9bbfe39501477bf1f1?s=96&d=mm&r=g\",\"contentUrl\":\"https:\\\/\\\/secure.gravatar.com\\\/avatar\\\/878f3ddb8fa2117ffa32d8a3152e4368517da61e3b89dd9bbfe39501477bf1f1?s=96&d=mm&r=g\",\"caption\":\"semprediritto\"},\"sameAs\":[\"https:\\\/\\\/kloepfel.sempre-diritto.de\"]}]}<\/script>\n<!-- \/ Yoast SEO Premium plugin. -->","yoast_head_json":{"title":"Adidas \u00e9quipe l'\u00e9quipe de Formule 1 de Mercedes","description":"Le fabricant d'articles de sport Adidas a conclu un nouveau partenariat pluriannuel avec l'\u00e9curie Mercedes-AMG PETRONAS F1 Team. Ceci a \u00e9t\u00e9 annonc\u00e9 avec","robots":{"index":"index","follow":"follow","max-snippet":"max-snippet:-1","max-image-preview":"max-image-preview:large","max-video-preview":"max-video-preview:-1"},"canonical":"https:\/\/kloepfel-consulting.com\/fr\/actualites-de-la-chaine-dapprovisionnement\/adidas-equipe-lecurie-de-formule-1-mercedes\/","og_locale":"fr_FR","og_type":"article","og_title":"Adidas r\u00fcstet Formel-1-Team von Mercedes aus","og_description":"Der Sportartikelhersteller Adidas ist eine neue mehrj\u00e4hrige Partnerschaft mit dem Mercedes-AMG PETRONAS F1 Team eingegangen. Dies wurde mittels einer Pressemitteilung bekanntgegeben, die Mercedes-Benz am 7. Januar 2025 auf seiner Website ver\u00f6ffentlichte.","og_url":"https:\/\/kloepfel-consulting.com\/fr\/actualites-de-la-chaine-dapprovisionnement\/adidas-equipe-lecurie-de-formule-1-mercedes\/","og_site_name":"KLOEPFEL by EPSA","article_publisher":"https:\/\/www.facebook.com\/KloepfelGroup","article_published_time":"2025-01-09T08:24:59+00:00","article_modified_time":"2025-08-27T09:24:59+00:00","og_image":[{"width":2560,"height":1440,"url":"https:\/\/kloepfel-consulting.com\/wp-content\/uploads\/2025\/08\/Mercedes-AMG-F1-x-adidas.jpg","type":"image\/jpeg"}],"author":"semprediritto","twitter_card":"summary_large_image","twitter_title":"Adidas und Mercedes-AMG PETRONAS F1 Team","twitter_description":"Adidas pr\u00e4sentiert neue Kollektion f\u00fcr das F1-Team. Jetzt mehr erfahren!","twitter_misc":{"\u00c9crit par":"semprediritto","Dur\u00e9e de lecture estim\u00e9e":"2 minutes"},"schema":{"@context":"https:\/\/schema.org","@graph":[{"@type":"Article","@id":"https:\/\/kloepfel-consulting.com\/supply-chain-news\/adidas-ruestet-formel-1-team-von-mercedes-aus-11981\/#article","isPartOf":{"@id":"https:\/\/kloepfel-consulting.com\/supply-chain-news\/adidas-ruestet-formel-1-team-von-mercedes-aus-11981\/"},"author":{"name":"semprediritto","@id":"https:\/\/kloepfel-consulting.com\/#\/schema\/person\/2691163984d9670e417622b00a4c0f26"},"headline":"Adidas r\u00fcstet Formel-1-Team von Mercedes aus","datePublished":"2025-01-09T08:24:59+00:00","dateModified":"2025-08-27T09:24:59+00:00","mainEntityOfPage":{"@id":"https:\/\/kloepfel-consulting.com\/supply-chain-news\/adidas-ruestet-formel-1-team-von-mercedes-aus-11981\/"},"wordCount":278,"commentCount":0,"publisher":{"@id":"https:\/\/kloepfel-consulting.com\/#organization"},"image":{"@id":"https:\/\/kloepfel-consulting.com\/supply-chain-news\/adidas-ruestet-formel-1-team-von-mercedes-aus-11981\/#primaryimage"},"thumbnailUrl":"https:\/\/kloepfel-consulting.com\/wp-content\/uploads\/2025\/08\/Mercedes-AMG-F1-x-adidas.jpg","articleSection":["Supply Chain News"],"inLanguage":"fr-FR","potentialAction":[{"@type":"CommentAction","name":"Comment","target":["https:\/\/kloepfel-consulting.com\/supply-chain-news\/adidas-ruestet-formel-1-team-von-mercedes-aus-11981\/#respond"]}],"copyrightYear":"2025","copyrightHolder":{"@id":"https:\/\/kloepfel-consulting.com\/fr\/#organization"}},{"@type":"WebPage","@id":"https:\/\/kloepfel-consulting.com\/supply-chain-news\/adidas-ruestet-formel-1-team-von-mercedes-aus-11981\/","url":"https:\/\/kloepfel-consulting.com\/supply-chain-news\/adidas-ruestet-formel-1-team-von-mercedes-aus-11981\/","name":"Adidas \u00e9quipe l'\u00e9quipe de Formule 1 de Mercedes","isPartOf":{"@id":"https:\/\/kloepfel-consulting.com\/#website"},"primaryImageOfPage":{"@id":"https:\/\/kloepfel-consulting.com\/supply-chain-news\/adidas-ruestet-formel-1-team-von-mercedes-aus-11981\/#primaryimage"},"image":{"@id":"https:\/\/kloepfel-consulting.com\/supply-chain-news\/adidas-ruestet-formel-1-team-von-mercedes-aus-11981\/#primaryimage"},"thumbnailUrl":"https:\/\/kloepfel-consulting.com\/wp-content\/uploads\/2025\/08\/Mercedes-AMG-F1-x-adidas.jpg","datePublished":"2025-01-09T08:24:59+00:00","dateModified":"2025-08-27T09:24:59+00:00","description":"Le fabricant d'articles de sport Adidas a conclu un nouveau partenariat pluriannuel avec l'\u00e9curie Mercedes-AMG PETRONAS F1 Team. Ceci a \u00e9t\u00e9 annonc\u00e9 avec","breadcrumb":{"@id":"https:\/\/kloepfel-consulting.com\/supply-chain-news\/adidas-ruestet-formel-1-team-von-mercedes-aus-11981\/#breadcrumb"},"inLanguage":"fr-FR","potentialAction":[{"@type":"ReadAction","target":["https:\/\/kloepfel-consulting.com\/supply-chain-news\/adidas-ruestet-formel-1-team-von-mercedes-aus-11981\/"]}]},{"@type":"ImageObject","inLanguage":"fr-FR","@id":"https:\/\/kloepfel-consulting.com\/supply-chain-news\/adidas-ruestet-formel-1-team-von-mercedes-aus-11981\/#primaryimage","url":"https:\/\/kloepfel-consulting.com\/wp-content\/uploads\/2025\/08\/Mercedes-AMG-F1-x-adidas.jpg","contentUrl":"https:\/\/kloepfel-consulting.com\/wp-content\/uploads\/2025\/08\/Mercedes-AMG-F1-x-adidas.jpg","width":2560,"height":1440,"caption":"Mercedes-AMG F1 Rennwagen mit adidas Branding."},{"@type":"BreadcrumbList","@id":"https:\/\/kloepfel-consulting.com\/supply-chain-news\/adidas-ruestet-formel-1-team-von-mercedes-aus-11981\/#breadcrumb","itemListElement":[{"@type":"ListItem","position":1,"name":"Startseite","item":"https:\/\/kloepfel-consulting.com\/"},{"@type":"ListItem","position":2,"name":"Logistikoptimierung","item":"https:\/\/kloepfel-consulting.com\/zuordnung-landingpage\/logistikoptimierung\/"},{"@type":"ListItem","position":3,"name":"Adidas r\u00fcstet Formel-1-Team von Mercedes aus"}]},{"@type":"WebSite","@id":"https:\/\/kloepfel-consulting.com\/#website","url":"https:\/\/kloepfel-consulting.com\/","name":"KLOEPFEL by EPSA","description":"","publisher":{"@id":"https:\/\/kloepfel-consulting.com\/#organization"},"alternateName":"KLOEPFELbyEPSA","potentialAction":[{"@type":"SearchAction","target":{"@type":"EntryPoint","urlTemplate":"https:\/\/kloepfel-consulting.com\/?s={search_term_string}"},"query-input":{"@type":"PropertyValueSpecification","valueRequired":true,"valueName":"search_term_string"}}],"inLanguage":"fr-FR"},{"@type":"Organization","@id":"https:\/\/kloepfel-consulting.com\/#organization","name":"KLOEPFEL by EPSA","alternateName":"KLOEPFELbyEPSA","url":"https:\/\/kloepfel-consulting.com\/","logo":{"@type":"ImageObject","inLanguage":"fr-FR","@id":"https:\/\/kloepfel-consulting.com\/#\/schema\/logo\/image\/","url":"https:\/\/kloepfel-consulting.com\/wp-content\/uploads\/2025\/04\/logo.webp","contentUrl":"https:\/\/kloepfel-consulting.com\/wp-content\/uploads\/2025\/04\/logo.webp","width":616,"height":284,"caption":"KLOEPFEL by EPSA"},"image":{"@id":"https:\/\/kloepfel-consulting.com\/#\/schema\/logo\/image\/"},"sameAs":["https:\/\/www.facebook.com\/KloepfelGroup","https:\/\/www.linkedin.com\/company\/kloepfel-consulting-gmbh","https:\/\/www.instagram.com\/kloepfel_by_epsa\/"],"description":"Conseil d'achat pour l'approvisionnement, la logistique et la cha\u00eene d'approvisionnement","email":"info@kloepfel-consulting.com","telephone":"+4921194198433","legalName":"Kloepfel Consulting GmbH","foundingDate":"2007-02-01","vatID":"DE254132249","numberOfEmployees":{"@type":"QuantitativeValue","minValue":"51","maxValue":"200"}},{"@type":"Person","@id":"https:\/\/kloepfel-consulting.com\/#\/schema\/person\/2691163984d9670e417622b00a4c0f26","name":"Toujours le droit","image":{"@type":"ImageObject","inLanguage":"fr-FR","@id":"https:\/\/secure.gravatar.com\/avatar\/878f3ddb8fa2117ffa32d8a3152e4368517da61e3b89dd9bbfe39501477bf1f1?s=96&d=mm&r=g","url":"https:\/\/secure.gravatar.com\/avatar\/878f3ddb8fa2117ffa32d8a3152e4368517da61e3b89dd9bbfe39501477bf1f1?s=96&d=mm&r=g","contentUrl":"https:\/\/secure.gravatar.com\/avatar\/878f3ddb8fa2117ffa32d8a3152e4368517da61e3b89dd9bbfe39501477bf1f1?s=96&d=mm&r=g","caption":"semprediritto"},"sameAs":["https:\/\/kloepfel.sempre-diritto.de"]}]}},"_links":{"self":[{"href":"https:\/\/kloepfel-consulting.com\/fr\/wp-json\/wp\/v2\/posts\/11981","targetHints":{"allow":["GET"]}}],"collection":[{"href":"https:\/\/kloepfel-consulting.com\/fr\/wp-json\/wp\/v2\/posts"}],"about":[{"href":"https:\/\/kloepfel-consulting.com\/fr\/wp-json\/wp\/v2\/types\/post"}],"author":[{"embeddable":true,"href":"https:\/\/kloepfel-consulting.com\/fr\/wp-json\/wp\/v2\/users\/1"}],"replies":[{"embeddable":true,"href":"https:\/\/kloepfel-consulting.com\/fr\/wp-json\/wp\/v2\/comments?post=11981"}],"version-history":[{"count":2,"href":"https:\/\/kloepfel-consulting.com\/fr\/wp-json\/wp\/v2\/posts\/11981\/revisions"}],"predecessor-version":[{"id":14712,"href":"https:\/\/kloepfel-consulting.com\/fr\/wp-json\/wp\/v2\/posts\/11981\/revisions\/14712"}],"wp:featuredmedia":[{"embeddable":true,"href":"https:\/\/kloepfel-consulting.com\/fr\/wp-json\/wp\/v2\/media\/11982"}],"wp:attachment":[{"href":"https:\/\/kloepfel-consulting.com\/fr\/wp-json\/wp\/v2\/media?parent=11981"}],"wp:term":[{"taxonomy":"category","embeddable":true,"href":"https:\/\/kloepfel-consulting.com\/fr\/wp-json\/wp\/v2\/categories?post=11981"},{"taxonomy":"post_tag","embeddable":true,"href":"https:\/\/kloepfel-consulting.com\/fr\/wp-json\/wp\/v2\/tags?post=11981"},{"taxonomy":"referenzkategorie","embeddable":true,"href":"https:\/\/kloepfel-consulting.com\/fr\/wp-json\/wp\/v2\/referenzkategorie?post=11981"}],"curies":[{"name":"wp","href":"https:\/\/api.w.org\/{rel}","templated":true}]}}