{"id":12029,"date":"2025-02-25T09:25:05","date_gmt":"2025-02-25T08:25:05","guid":{"rendered":"https:\/\/kloepfel.sempre-diritto.de\/2025\/02\/25\/transformation-mercedes-benz\/"},"modified":"2025-08-27T11:25:05","modified_gmt":"2025-08-27T09:25:05","slug":"transformation-mercedes-benz","status":"publish","type":"post","link":"https:\/\/kloepfel-consulting.com\/fr\/supply-chain-news\/transformation-mercedes-benz-12029\/","title":{"rendered":"Transformation chez Mercedes-Benz"},"content":{"rendered":"<h2>Mesures visant \u00e0 am\u00e9liorer les performances du constructeur automobile de Stuttgart<\/h2>\n<p>Le <a href=\"https:\/\/kloepfel-consulting.com\/fr\/actualites-de-la-chaine-dapprovisionnement\/unternehmen\/adidas-ruestet-formel-1-team-von-mercedes-aus-10025386\/\" target=\"_blank\">Mercedes-Benz Group AG<\/a> a r\u00e9cemment organis\u00e9 une grande <em>Offensive sur les produits et la technologie<\/em> ont \u00e9t\u00e9 pr\u00e9sent\u00e9es. De m\u00eame, le constructeur automobile de Stuttgart a pr\u00e9sent\u00e9 diverses mesures de <strong>Am\u00e9lioration des performances<\/strong>.<\/p>\n<p>Ola K\u00e4llenius, pr\u00e9sident du directoire de Mercedes-Benz Group AG, a d\u00e9clar\u00e9 : \u201eMercedes-Benz est une marque embl\u00e9matique. Notre responsabilit\u00e9 est d'exploiter son plein potentiel. Pour ce faire, nous lan\u00e7ons la plus grande offensive produit et technologie de notre histoire et un vaste programme d'am\u00e9lioration de nos performances\u201c.\u201c <\/p>\n<p>L'entreprise a ainsi l'intention de lancer de nombreux mod\u00e8les nouveaux et actualis\u00e9s d'ici 2027. Selon le communiqu\u00e9 de presse, la Mercedes CLA sera lanc\u00e9e cette ann\u00e9e.<\/p>\n<p>Mercedes-Benz pose des jalons avec une technologie moderne. Selon l'entreprise, cela comprend un nouveau syst\u00e8me Steer-by-Wire et un \u201eTech-Stack\u201c enti\u00e8rement int\u00e9gr\u00e9 - c'est-\u00e0-dire un syst\u00e8me de direction sans liaison m\u00e9canique entre le volant et les roues ainsi qu'une plateforme de composants logiciels qui se compl\u00e8tent.<\/p>\n<h3>Co\u00fbts<\/h3>\n<p>Comme il ressort du communiqu\u00e9 de presse, le constructeur automobile pr\u00e9voit de r\u00e9duire sa base de co\u00fbts. Mercedes-Benz a l'intention de r\u00e9duire ses co\u00fbts de production de 10 pour cent d'ici 2027. Au cours des derni\u00e8res ann\u00e9es, l'entreprise a d\u00e9j\u00e0 adapt\u00e9 sa capacit\u00e9 de production nominale, selon ses propres dires. <\/p>\n<p>La capacit\u00e9 de production mondiale de voitures particuli\u00e8res sera r\u00e9duite de 2,5 millions d'unit\u00e9s en 2024 \u00e0 2 \u00e0 2,2 millions d'unit\u00e9s en 2027. La flexibilit\u00e9 de r\u00e9ajustement sera maintenue d\u00e8s que l'offensive produit prendra de l'ampleur. La fermeture d'usines en Allemagne n'est pas pr\u00e9vue.<\/p>\n<p>En ce qui concerne les co\u00fbts des mat\u00e9riaux, les \u00e9quipes d'achat et d'ing\u00e9nierie de Mercedes sont en dialogue avec les fournisseurs, indique l'entreprise. Les co\u00fbts des mat\u00e9riaux doivent \u00eatre r\u00e9duits gr\u00e2ce \u00e0 des objectifs ambitieux - en partenariat et en \u00e9troite collaboration avec les fournisseurs. Selon le constructeur automobile, les fournisseurs cl\u00e9s seront int\u00e9gr\u00e9s encore plus t\u00f4t et plus profond\u00e9ment dans les processus de d\u00e9veloppement.<\/p>\n<p>En ce qui concerne ses co\u00fbts fixes, le constructeur automobile vise, selon son communiqu\u00e9 de presse, une r\u00e9duction de plus de 10 pour cent au cours des trois prochaines ann\u00e9es. Entre 2019 et 2024, Mercedes-Benz a d\u00e9j\u00e0 r\u00e9ussi, selon ses propres dires, \u00e0 r\u00e9duire ses co\u00fbts fixes de 19 pour cent en tenant compte de l'inflation.<\/p>\n<p>Harald Wilhelm, directeur financier de Mercedes-Benz Group AG, estime que l'entreprise est bien positionn\u00e9e pour atteindre \u00e0 nouveau des marges \u00e0 deux chiffres dans un avenir proche, entre autres.<\/p>","protected":false},"excerpt":{"rendered":"<p>Ma\u00dfnahmen zur Leistungssteigerung des Stuttgarter Autoherstellers Die Mercedes-Benz Group AG hat j\u00fcngst eine gro\u00dfe Produkt- und Technologieoffensive vorgestellt. Ebenso pr\u00e4sentierte der Stuttgarter Autohersteller diverse Ma\u00dfnahmen zur Leistungssteigerung. Dazu erkl\u00e4rte Ola K\u00e4llenius, Vorstandsvorsitzender der Mercedes-Benz Group AG: \u201eMercedes-Benz ist eine ikonische Marke. Unsere Verantwortung besteht darin, ihr volles Potenzial zu heben. Wir starten dazu die bisher [&hellip;]<\/p>\n","protected":false},"author":1,"featured_media":12030,"comment_status":"open","ping_status":"open","sticky":false,"template":"","format":"standard","meta":{"_acf_changed":false,"footnotes":""},"categories":[88],"tags":[],"referenzkategorie":[],"class_list":["post-12029","post","type-post","status-publish","format-standard","has-post-thumbnail","hentry","category-supply-chain-news"],"acf":[],"yoast_head":"<!-- This site is optimized with the Yoast SEO Premium plugin v27.5 (Yoast SEO v27.5) - https:\/\/yoast.com\/product\/yoast-seo-premium-wordpress\/ -->\n<title>Transformation bei Mercedes-Benz<\/title>\n<meta name=\"description\" content=\"Die Mercedes-Benz Group AG hat j\u00fcngst eine gro\u00dfe Produkt- und Technologieoffensive vorgestellt. Ebenso pr\u00e4sentierte der Stuttgarter Autohe\" \/>\n<meta name=\"robots\" content=\"index, follow, max-snippet:-1, max-image-preview:large, max-video-preview:-1\" \/>\n<link rel=\"canonical\" href=\"https:\/\/kloepfel-consulting.com\/fr\/actualites-de-la-chaine-dapprovisionnement\/transformation-mercedes-benz-12029\/\" \/>\n<meta property=\"og:locale\" content=\"fr_FR\" \/>\n<meta property=\"og:type\" content=\"article\" \/>\n<meta property=\"og:title\" content=\"Transformation bei Mercedes-Benz\" \/>\n<meta property=\"og:description\" content=\"Die Mercedes-Benz Group AG hat j\u00fcngst eine gro\u00dfe Produkt- und Technologieoffensive vorgestellt. Ebenso pr\u00e4sentierte der Stuttgarter Autohersteller diverse Ma\u00dfnahmen zur Leistungssteigerung.\" \/>\n<meta property=\"og:url\" content=\"https:\/\/kloepfel-consulting.com\/fr\/actualites-de-la-chaine-dapprovisionnement\/transformation-mercedes-benz-12029\/\" \/>\n<meta property=\"og:site_name\" content=\"KLOEPFEL by EPSA\" \/>\n<meta property=\"article:publisher\" content=\"https:\/\/www.facebook.com\/KloepfelGroup\" \/>\n<meta property=\"article:published_time\" content=\"2025-02-25T08:25:05+00:00\" \/>\n<meta property=\"article:modified_time\" content=\"2025-08-27T09:25:05+00:00\" \/>\n<meta property=\"og:image\" content=\"https:\/\/kloepfel-consulting.com\/wp-content\/uploads\/2025\/07\/kloepfelgroup.webp\" \/>\n\t<meta property=\"og:image:width\" content=\"2200\" \/>\n\t<meta property=\"og:image:height\" content=\"1608\" \/>\n\t<meta property=\"og:image:type\" content=\"image\/webp\" \/>\n<meta name=\"author\" content=\"semprediritto\" \/>\n<meta name=\"twitter:card\" content=\"summary_large_image\" \/>\n<meta name=\"twitter:title\" content=\"Transformation bei Mercedes-Benz: Innovationen 2023\" \/>\n<meta name=\"twitter:description\" content=\"Informieren Sie sich \u00fcber die neuesten Technologien und Modelle von Mercedes-Benz bis 2027!\" \/>\n<meta name=\"twitter:label1\" content=\"\u00c9crit par\" \/>\n\t<meta name=\"twitter:data1\" content=\"semprediritto\" \/>\n\t<meta name=\"twitter:label2\" content=\"Dur\u00e9e de lecture estim\u00e9e\" \/>\n\t<meta name=\"twitter:data2\" content=\"3 minutes\" \/>\n<script type=\"application\/ld+json\" class=\"yoast-schema-graph\">{\"@context\":\"https:\\\/\\\/schema.org\",\"@graph\":[{\"@type\":\"Article\",\"@id\":\"https:\\\/\\\/kloepfel-consulting.com\\\/supply-chain-news\\\/transformation-mercedes-benz-12029\\\/#article\",\"isPartOf\":{\"@id\":\"https:\\\/\\\/kloepfel-consulting.com\\\/supply-chain-news\\\/transformation-mercedes-benz-12029\\\/\"},\"author\":{\"name\":\"semprediritto\",\"@id\":\"https:\\\/\\\/kloepfel-consulting.com\\\/#\\\/schema\\\/person\\\/2691163984d9670e417622b00a4c0f26\"},\"headline\":\"Transformation bei Mercedes-Benz\",\"datePublished\":\"2025-02-25T08:25:05+00:00\",\"dateModified\":\"2025-08-27T09:25:05+00:00\",\"mainEntityOfPage\":{\"@id\":\"https:\\\/\\\/kloepfel-consulting.com\\\/supply-chain-news\\\/transformation-mercedes-benz-12029\\\/\"},\"wordCount\":346,\"commentCount\":0,\"publisher\":{\"@id\":\"https:\\\/\\\/kloepfel-consulting.com\\\/#organization\"},\"image\":{\"@id\":\"https:\\\/\\\/kloepfel-consulting.com\\\/supply-chain-news\\\/transformation-mercedes-benz-12029\\\/#primaryimage\"},\"thumbnailUrl\":\"https:\\\/\\\/kloepfel-consulting.com\\\/wp-content\\\/uploads\\\/2025\\\/08\\\/Mercedes-Benz-Transformation-scaled-1.jpg\",\"articleSection\":[\"Supply Chain News\"],\"inLanguage\":\"fr-FR\",\"potentialAction\":[{\"@type\":\"CommentAction\",\"name\":\"Comment\",\"target\":[\"https:\\\/\\\/kloepfel-consulting.com\\\/supply-chain-news\\\/transformation-mercedes-benz-12029\\\/#respond\"]}],\"copyrightYear\":\"2025\",\"copyrightHolder\":{\"@id\":\"https:\\\/\\\/kloepfel-consulting.com\\\/fr\\\/#organization\"}},{\"@type\":\"WebPage\",\"@id\":\"https:\\\/\\\/kloepfel-consulting.com\\\/supply-chain-news\\\/transformation-mercedes-benz-12029\\\/\",\"url\":\"https:\\\/\\\/kloepfel-consulting.com\\\/supply-chain-news\\\/transformation-mercedes-benz-12029\\\/\",\"name\":\"Transformation bei Mercedes-Benz\",\"isPartOf\":{\"@id\":\"https:\\\/\\\/kloepfel-consulting.com\\\/#website\"},\"primaryImageOfPage\":{\"@id\":\"https:\\\/\\\/kloepfel-consulting.com\\\/supply-chain-news\\\/transformation-mercedes-benz-12029\\\/#primaryimage\"},\"image\":{\"@id\":\"https:\\\/\\\/kloepfel-consulting.com\\\/supply-chain-news\\\/transformation-mercedes-benz-12029\\\/#primaryimage\"},\"thumbnailUrl\":\"https:\\\/\\\/kloepfel-consulting.com\\\/wp-content\\\/uploads\\\/2025\\\/08\\\/Mercedes-Benz-Transformation-scaled-1.jpg\",\"datePublished\":\"2025-02-25T08:25:05+00:00\",\"dateModified\":\"2025-08-27T09:25:05+00:00\",\"description\":\"Die Mercedes-Benz Group AG hat j\u00fcngst eine gro\u00dfe Produkt- und Technologieoffensive vorgestellt. Ebenso pr\u00e4sentierte der Stuttgarter Autohe\",\"breadcrumb\":{\"@id\":\"https:\\\/\\\/kloepfel-consulting.com\\\/supply-chain-news\\\/transformation-mercedes-benz-12029\\\/#breadcrumb\"},\"inLanguage\":\"fr-FR\",\"potentialAction\":[{\"@type\":\"ReadAction\",\"target\":[\"https:\\\/\\\/kloepfel-consulting.com\\\/supply-chain-news\\\/transformation-mercedes-benz-12029\\\/\"]}]},{\"@type\":\"ImageObject\",\"inLanguage\":\"fr-FR\",\"@id\":\"https:\\\/\\\/kloepfel-consulting.com\\\/supply-chain-news\\\/transformation-mercedes-benz-12029\\\/#primaryimage\",\"url\":\"https:\\\/\\\/kloepfel-consulting.com\\\/wp-content\\\/uploads\\\/2025\\\/08\\\/Mercedes-Benz-Transformation-scaled-1.jpg\",\"contentUrl\":\"https:\\\/\\\/kloepfel-consulting.com\\\/wp-content\\\/uploads\\\/2025\\\/08\\\/Mercedes-Benz-Transformation-scaled-1.jpg\",\"width\":2560,\"height\":1440,\"caption\":\"Zwei rote Mercedes-Benz Fahrzeuge auf einer verschneiten Fl\u00e4che.\"},{\"@type\":\"BreadcrumbList\",\"@id\":\"https:\\\/\\\/kloepfel-consulting.com\\\/supply-chain-news\\\/transformation-mercedes-benz-12029\\\/#breadcrumb\",\"itemListElement\":[{\"@type\":\"ListItem\",\"position\":1,\"name\":\"Startseite\",\"item\":\"https:\\\/\\\/kloepfel-consulting.com\\\/\"},{\"@type\":\"ListItem\",\"position\":2,\"name\":\"Logistikoptimierung\",\"item\":\"https:\\\/\\\/kloepfel-consulting.com\\\/zuordnung-landingpage\\\/logistikoptimierung\\\/\"},{\"@type\":\"ListItem\",\"position\":3,\"name\":\"Transformation bei Mercedes-Benz\"}]},{\"@type\":\"WebSite\",\"@id\":\"https:\\\/\\\/kloepfel-consulting.com\\\/#website\",\"url\":\"https:\\\/\\\/kloepfel-consulting.com\\\/\",\"name\":\"KLOEPFEL by EPSA\",\"description\":\"\",\"publisher\":{\"@id\":\"https:\\\/\\\/kloepfel-consulting.com\\\/#organization\"},\"alternateName\":\"KLOEPFELbyEPSA\",\"potentialAction\":[{\"@type\":\"SearchAction\",\"target\":{\"@type\":\"EntryPoint\",\"urlTemplate\":\"https:\\\/\\\/kloepfel-consulting.com\\\/?s={search_term_string}\"},\"query-input\":{\"@type\":\"PropertyValueSpecification\",\"valueRequired\":true,\"valueName\":\"search_term_string\"}}],\"inLanguage\":\"fr-FR\"},{\"@type\":\"Organization\",\"@id\":\"https:\\\/\\\/kloepfel-consulting.com\\\/#organization\",\"name\":\"KLOEPFEL by EPSA\",\"alternateName\":\"KLOEPFELbyEPSA\",\"url\":\"https:\\\/\\\/kloepfel-consulting.com\\\/\",\"logo\":{\"@type\":\"ImageObject\",\"inLanguage\":\"fr-FR\",\"@id\":\"https:\\\/\\\/kloepfel-consulting.com\\\/#\\\/schema\\\/logo\\\/image\\\/\",\"url\":\"https:\\\/\\\/kloepfel-consulting.com\\\/wp-content\\\/uploads\\\/2025\\\/04\\\/logo.webp\",\"contentUrl\":\"https:\\\/\\\/kloepfel-consulting.com\\\/wp-content\\\/uploads\\\/2025\\\/04\\\/logo.webp\",\"width\":616,\"height\":284,\"caption\":\"KLOEPFEL by EPSA\"},\"image\":{\"@id\":\"https:\\\/\\\/kloepfel-consulting.com\\\/#\\\/schema\\\/logo\\\/image\\\/\"},\"sameAs\":[\"https:\\\/\\\/www.facebook.com\\\/KloepfelGroup\",\"https:\\\/\\\/www.linkedin.com\\\/company\\\/kloepfel-consulting-gmbh\",\"https:\\\/\\\/www.instagram.com\\\/kloepfel_by_epsa\\\/\"],\"description\":\"Einkaufsberatung f\u00fcr Einkauf, Logistik und Supply Chain\",\"email\":\"info@kloepfel-consulting.com\",\"telephone\":\"+4921194198433\",\"legalName\":\"Kloepfel Consulting GmbH\",\"foundingDate\":\"2007-02-01\",\"vatID\":\"DE254132249\",\"numberOfEmployees\":{\"@type\":\"QuantitativeValue\",\"minValue\":\"51\",\"maxValue\":\"200\"}},{\"@type\":\"Person\",\"@id\":\"https:\\\/\\\/kloepfel-consulting.com\\\/#\\\/schema\\\/person\\\/2691163984d9670e417622b00a4c0f26\",\"name\":\"semprediritto\",\"image\":{\"@type\":\"ImageObject\",\"inLanguage\":\"fr-FR\",\"@id\":\"https:\\\/\\\/secure.gravatar.com\\\/avatar\\\/878f3ddb8fa2117ffa32d8a3152e4368517da61e3b89dd9bbfe39501477bf1f1?s=96&d=mm&r=g\",\"url\":\"https:\\\/\\\/secure.gravatar.com\\\/avatar\\\/878f3ddb8fa2117ffa32d8a3152e4368517da61e3b89dd9bbfe39501477bf1f1?s=96&d=mm&r=g\",\"contentUrl\":\"https:\\\/\\\/secure.gravatar.com\\\/avatar\\\/878f3ddb8fa2117ffa32d8a3152e4368517da61e3b89dd9bbfe39501477bf1f1?s=96&d=mm&r=g\",\"caption\":\"semprediritto\"},\"sameAs\":[\"https:\\\/\\\/kloepfel.sempre-diritto.de\"]}]}<\/script>\n<!-- \/ Yoast SEO Premium plugin. -->","yoast_head_json":{"title":"Transformation chez Mercedes-Benz","description":"Le groupe Mercedes-Benz AG a r\u00e9cemment pr\u00e9sent\u00e9 une grande offensive en mati\u00e8re de produits et de technologies. De m\u00eame, le constructeur automobile de Stuttgart a pr\u00e9sent\u00e9","robots":{"index":"index","follow":"follow","max-snippet":"max-snippet:-1","max-image-preview":"max-image-preview:large","max-video-preview":"max-video-preview:-1"},"canonical":"https:\/\/kloepfel-consulting.com\/fr\/actualites-de-la-chaine-dapprovisionnement\/transformation-mercedes-benz-12029\/","og_locale":"fr_FR","og_type":"article","og_title":"Transformation bei Mercedes-Benz","og_description":"Die Mercedes-Benz Group AG hat j\u00fcngst eine gro\u00dfe Produkt- und Technologieoffensive vorgestellt. Ebenso pr\u00e4sentierte der Stuttgarter Autohersteller diverse Ma\u00dfnahmen zur Leistungssteigerung.","og_url":"https:\/\/kloepfel-consulting.com\/fr\/actualites-de-la-chaine-dapprovisionnement\/transformation-mercedes-benz-12029\/","og_site_name":"KLOEPFEL by EPSA","article_publisher":"https:\/\/www.facebook.com\/KloepfelGroup","article_published_time":"2025-02-25T08:25:05+00:00","article_modified_time":"2025-08-27T09:25:05+00:00","og_image":[{"width":2200,"height":1608,"url":"https:\/\/kloepfel-consulting.com\/wp-content\/uploads\/2025\/07\/kloepfelgroup.webp","type":"image\/webp"}],"author":"semprediritto","twitter_card":"summary_large_image","twitter_title":"Transformation bei Mercedes-Benz: Innovationen 2023","twitter_description":"Informieren Sie sich \u00fcber die neuesten Technologien und Modelle von Mercedes-Benz bis 2027!","twitter_misc":{"\u00c9crit par":"semprediritto","Dur\u00e9e de lecture estim\u00e9e":"3 minutes"},"schema":{"@context":"https:\/\/schema.org","@graph":[{"@type":"Article","@id":"https:\/\/kloepfel-consulting.com\/supply-chain-news\/transformation-mercedes-benz-12029\/#article","isPartOf":{"@id":"https:\/\/kloepfel-consulting.com\/supply-chain-news\/transformation-mercedes-benz-12029\/"},"author":{"name":"semprediritto","@id":"https:\/\/kloepfel-consulting.com\/#\/schema\/person\/2691163984d9670e417622b00a4c0f26"},"headline":"Transformation bei Mercedes-Benz","datePublished":"2025-02-25T08:25:05+00:00","dateModified":"2025-08-27T09:25:05+00:00","mainEntityOfPage":{"@id":"https:\/\/kloepfel-consulting.com\/supply-chain-news\/transformation-mercedes-benz-12029\/"},"wordCount":346,"commentCount":0,"publisher":{"@id":"https:\/\/kloepfel-consulting.com\/#organization"},"image":{"@id":"https:\/\/kloepfel-consulting.com\/supply-chain-news\/transformation-mercedes-benz-12029\/#primaryimage"},"thumbnailUrl":"https:\/\/kloepfel-consulting.com\/wp-content\/uploads\/2025\/08\/Mercedes-Benz-Transformation-scaled-1.jpg","articleSection":["Supply Chain News"],"inLanguage":"fr-FR","potentialAction":[{"@type":"CommentAction","name":"Comment","target":["https:\/\/kloepfel-consulting.com\/supply-chain-news\/transformation-mercedes-benz-12029\/#respond"]}],"copyrightYear":"2025","copyrightHolder":{"@id":"https:\/\/kloepfel-consulting.com\/fr\/#organization"}},{"@type":"WebPage","@id":"https:\/\/kloepfel-consulting.com\/supply-chain-news\/transformation-mercedes-benz-12029\/","url":"https:\/\/kloepfel-consulting.com\/supply-chain-news\/transformation-mercedes-benz-12029\/","name":"Transformation chez Mercedes-Benz","isPartOf":{"@id":"https:\/\/kloepfel-consulting.com\/#website"},"primaryImageOfPage":{"@id":"https:\/\/kloepfel-consulting.com\/supply-chain-news\/transformation-mercedes-benz-12029\/#primaryimage"},"image":{"@id":"https:\/\/kloepfel-consulting.com\/supply-chain-news\/transformation-mercedes-benz-12029\/#primaryimage"},"thumbnailUrl":"https:\/\/kloepfel-consulting.com\/wp-content\/uploads\/2025\/08\/Mercedes-Benz-Transformation-scaled-1.jpg","datePublished":"2025-02-25T08:25:05+00:00","dateModified":"2025-08-27T09:25:05+00:00","description":"Le groupe Mercedes-Benz AG a r\u00e9cemment pr\u00e9sent\u00e9 une grande offensive en mati\u00e8re de produits et de technologies. De m\u00eame, le constructeur automobile de Stuttgart a pr\u00e9sent\u00e9","breadcrumb":{"@id":"https:\/\/kloepfel-consulting.com\/supply-chain-news\/transformation-mercedes-benz-12029\/#breadcrumb"},"inLanguage":"fr-FR","potentialAction":[{"@type":"ReadAction","target":["https:\/\/kloepfel-consulting.com\/supply-chain-news\/transformation-mercedes-benz-12029\/"]}]},{"@type":"ImageObject","inLanguage":"fr-FR","@id":"https:\/\/kloepfel-consulting.com\/supply-chain-news\/transformation-mercedes-benz-12029\/#primaryimage","url":"https:\/\/kloepfel-consulting.com\/wp-content\/uploads\/2025\/08\/Mercedes-Benz-Transformation-scaled-1.jpg","contentUrl":"https:\/\/kloepfel-consulting.com\/wp-content\/uploads\/2025\/08\/Mercedes-Benz-Transformation-scaled-1.jpg","width":2560,"height":1440,"caption":"Zwei rote Mercedes-Benz Fahrzeuge auf einer verschneiten Fl\u00e4che."},{"@type":"BreadcrumbList","@id":"https:\/\/kloepfel-consulting.com\/supply-chain-news\/transformation-mercedes-benz-12029\/#breadcrumb","itemListElement":[{"@type":"ListItem","position":1,"name":"Startseite","item":"https:\/\/kloepfel-consulting.com\/"},{"@type":"ListItem","position":2,"name":"Logistikoptimierung","item":"https:\/\/kloepfel-consulting.com\/zuordnung-landingpage\/logistikoptimierung\/"},{"@type":"ListItem","position":3,"name":"Transformation bei Mercedes-Benz"}]},{"@type":"WebSite","@id":"https:\/\/kloepfel-consulting.com\/#website","url":"https:\/\/kloepfel-consulting.com\/","name":"KLOEPFEL by EPSA","description":"","publisher":{"@id":"https:\/\/kloepfel-consulting.com\/#organization"},"alternateName":"KLOEPFELbyEPSA","potentialAction":[{"@type":"SearchAction","target":{"@type":"EntryPoint","urlTemplate":"https:\/\/kloepfel-consulting.com\/?s={search_term_string}"},"query-input":{"@type":"PropertyValueSpecification","valueRequired":true,"valueName":"search_term_string"}}],"inLanguage":"fr-FR"},{"@type":"Organization","@id":"https:\/\/kloepfel-consulting.com\/#organization","name":"KLOEPFEL by EPSA","alternateName":"KLOEPFELbyEPSA","url":"https:\/\/kloepfel-consulting.com\/","logo":{"@type":"ImageObject","inLanguage":"fr-FR","@id":"https:\/\/kloepfel-consulting.com\/#\/schema\/logo\/image\/","url":"https:\/\/kloepfel-consulting.com\/wp-content\/uploads\/2025\/04\/logo.webp","contentUrl":"https:\/\/kloepfel-consulting.com\/wp-content\/uploads\/2025\/04\/logo.webp","width":616,"height":284,"caption":"KLOEPFEL by EPSA"},"image":{"@id":"https:\/\/kloepfel-consulting.com\/#\/schema\/logo\/image\/"},"sameAs":["https:\/\/www.facebook.com\/KloepfelGroup","https:\/\/www.linkedin.com\/company\/kloepfel-consulting-gmbh","https:\/\/www.instagram.com\/kloepfel_by_epsa\/"],"description":"Conseil d'achat pour l'approvisionnement, la logistique et la cha\u00eene d'approvisionnement","email":"info@kloepfel-consulting.com","telephone":"+4921194198433","legalName":"Kloepfel Consulting GmbH","foundingDate":"2007-02-01","vatID":"DE254132249","numberOfEmployees":{"@type":"QuantitativeValue","minValue":"51","maxValue":"200"}},{"@type":"Person","@id":"https:\/\/kloepfel-consulting.com\/#\/schema\/person\/2691163984d9670e417622b00a4c0f26","name":"Toujours le droit","image":{"@type":"ImageObject","inLanguage":"fr-FR","@id":"https:\/\/secure.gravatar.com\/avatar\/878f3ddb8fa2117ffa32d8a3152e4368517da61e3b89dd9bbfe39501477bf1f1?s=96&d=mm&r=g","url":"https:\/\/secure.gravatar.com\/avatar\/878f3ddb8fa2117ffa32d8a3152e4368517da61e3b89dd9bbfe39501477bf1f1?s=96&d=mm&r=g","contentUrl":"https:\/\/secure.gravatar.com\/avatar\/878f3ddb8fa2117ffa32d8a3152e4368517da61e3b89dd9bbfe39501477bf1f1?s=96&d=mm&r=g","caption":"semprediritto"},"sameAs":["https:\/\/kloepfel.sempre-diritto.de"]}]}},"_links":{"self":[{"href":"https:\/\/kloepfel-consulting.com\/fr\/wp-json\/wp\/v2\/posts\/12029","targetHints":{"allow":["GET"]}}],"collection":[{"href":"https:\/\/kloepfel-consulting.com\/fr\/wp-json\/wp\/v2\/posts"}],"about":[{"href":"https:\/\/kloepfel-consulting.com\/fr\/wp-json\/wp\/v2\/types\/post"}],"author":[{"embeddable":true,"href":"https:\/\/kloepfel-consulting.com\/fr\/wp-json\/wp\/v2\/users\/1"}],"replies":[{"embeddable":true,"href":"https:\/\/kloepfel-consulting.com\/fr\/wp-json\/wp\/v2\/comments?post=12029"}],"version-history":[{"count":2,"href":"https:\/\/kloepfel-consulting.com\/fr\/wp-json\/wp\/v2\/posts\/12029\/revisions"}],"predecessor-version":[{"id":14722,"href":"https:\/\/kloepfel-consulting.com\/fr\/wp-json\/wp\/v2\/posts\/12029\/revisions\/14722"}],"wp:featuredmedia":[{"embeddable":true,"href":"https:\/\/kloepfel-consulting.com\/fr\/wp-json\/wp\/v2\/media\/12030"}],"wp:attachment":[{"href":"https:\/\/kloepfel-consulting.com\/fr\/wp-json\/wp\/v2\/media?parent=12029"}],"wp:term":[{"taxonomy":"category","embeddable":true,"href":"https:\/\/kloepfel-consulting.com\/fr\/wp-json\/wp\/v2\/categories?post=12029"},{"taxonomy":"post_tag","embeddable":true,"href":"https:\/\/kloepfel-consulting.com\/fr\/wp-json\/wp\/v2\/tags?post=12029"},{"taxonomy":"referenzkategorie","embeddable":true,"href":"https:\/\/kloepfel-consulting.com\/fr\/wp-json\/wp\/v2\/referenzkategorie?post=12029"}],"curies":[{"name":"wp","href":"https:\/\/api.w.org\/{rel}","templated":true}]}}