{"id":12038,"date":"2025-03-06T09:25:06","date_gmt":"2025-03-06T08:25:06","guid":{"rendered":"https:\/\/kloepfel.sempre-diritto.de\/2025\/03\/06\/baywa-chefwechsel\/"},"modified":"2025-08-27T11:25:06","modified_gmt":"2025-08-27T09:25:06","slug":"baywa-changement-de-direction","status":"publish","type":"post","link":"https:\/\/kloepfel-consulting.com\/fr\/supply-chain-news\/baywa-chefwechsel-12038\/","title":{"rendered":"La soci\u00e9t\u00e9 Baywa : Changement de chef"},"content":{"rendered":"<h2>Nouveau CEO et nouveau CFO chez le prestataire de services agricoles munichois<\/h2>\n<p>Lors de la <a href=\"https:\/\/kloepfel-consulting.com\/fr\/actualites-de-la-chaine-dapprovisionnement\/unternehmen\/baywa-neues-technik-servicezentrum-6869746\/\" target=\"_blank\">Baywa AG<\/a> Frank Hiller a r\u00e9cemment \u00e9t\u00e9 nomm\u00e9 pr\u00e9sident du directoire. Le conseil de surveillance du prestataire de services agricoles a \u00e9galement choisi un nouveau directeur financier. Cette fonction est d\u00e9sormais occup\u00e9e par Matthias J. Rapp. Les deux cadres ont d\u00e9j\u00e0 pris leurs nouvelles fonctions le 1er mars.<\/p>\n<h3>La plus grande transformation de l'histoire de l'entreprise<\/h3>\n<p>Gregor Scheller, pr\u00e9sident du conseil de surveillance, a d\u00e9clar\u00e9 \u00e0 propos du changement au sein du directoire : \u201eBayWa se trouve dans la plus grande transformation de son histoire. L'entreprise doit devenir durablement plus robuste ainsi que plus rentable et mise \u00e0 nouveau sur ses domaines d'activit\u00e9 principaux. Nous nous r\u00e9jouissons donc de l'arriv\u00e9e des deux nouveaux membres du directoire, qui s'identifient pr\u00e9cis\u00e9ment \u00e0 ces objectifs\u201c. Les deux hommes auraient assur\u00e9 au conseil de surveillance que c'est pour eux un objectif personnel de remettre Baywa sur la voie du succ\u00e8s dans l'int\u00e9r\u00eat de ses clients, de ses fournisseurs et de ses collaborateurs.<\/p>\n<h3>Frank Hiller - ancien pr\u00e9sident du conseil d'administration de Deutz AG<\/h3>\n<p>Frank Hiller \u00e9tait jusqu'en 2024 pr\u00e9sident du conseil d'administration de Big Dutchman, un fournisseur de syst\u00e8mes d'alimentation et d'\u00e9table. Auparavant, il a dirig\u00e9 Deutz AG pendant cinq ans. Au cours de sa carri\u00e8re professionnelle, il a \u00e9galement occup\u00e9 des postes de direction chez Leoni, MAN Truck &amp; Bus, Meiller et Thyssen-Krupp. Comme le souligne Baywa, Hiller a d\u00e9j\u00e0 mis en \u0153uvre avec succ\u00e8s une s\u00e9rie de programmes de transformation strat\u00e9giques.<\/p>\n<h3>Matthias J. Rapp - Expertise en gestion financi\u00e8re<\/h3>\n<p>Jusqu'en 2024, Rapp \u00e9tait responsable des finances et du contr\u00f4le de gestion chez T\u00dcV S\u00fcd. Il a commenc\u00e9 sa carri\u00e8re au Boston Consulting Group. Depuis 1997, Rapp travaille dans l'industrie. Il y a occup\u00e9 jusqu'\u00e0 pr\u00e9sent le poste de directeur financier dans plusieurs entreprises, notamment Webasto. En 2021, il est devenu professeur honoraire \u00e0 l'universit\u00e9 Ludwig-Maximilian de Munich (LMU).<\/p>","protected":false},"excerpt":{"rendered":"<p>Neuer CEO und neuer CFO bei M\u00fcnchner Agrardienstleister Bei der Baywa AG wurde j\u00fcngst Frank Hiller zum Vorstandsvorsitzenden berufen. Ebenfalls hat der Aufsichtsrat des Agradienstleisters einen neuen Finanzvorstand ausgew\u00e4hlt. Diese Funktion hat nun Matthias J. Rapp inne. Beide Manager haben schon zum 1. M\u00e4rz ihre jeweils neue Position eingenommen. Gr\u00f6\u00dfte Transformation der Unternehmensgeschichte Zum Wechsel [&hellip;]<\/p>\n","protected":false},"author":1,"featured_media":12039,"comment_status":"open","ping_status":"open","sticky":false,"template":"","format":"standard","meta":{"_acf_changed":false,"footnotes":""},"categories":[88],"tags":[],"referenzkategorie":[],"class_list":["post-12038","post","type-post","status-publish","format-standard","has-post-thumbnail","hentry","category-supply-chain-news"],"acf":[],"yoast_head":"<!-- This site is optimized with the Yoast SEO Premium plugin v27.5 (Yoast SEO v27.5) - https:\/\/yoast.com\/product\/yoast-seo-premium-wordpress\/ -->\n<title>Baywa: Chefwechsel<\/title>\n<meta name=\"description\" content=\"Bei der Baywa AG wurde j\u00fcngst Frank Hiller zum Vorstandsvorsitzenden berufen. Ebenfalls hat der Aufsichtsrat des Agradienstleisters ei\" \/>\n<meta name=\"robots\" content=\"index, follow, max-snippet:-1, max-image-preview:large, max-video-preview:-1\" \/>\n<link rel=\"canonical\" href=\"https:\/\/kloepfel-consulting.com\/fr\/actualites-de-la-chaine-dapprovisionnement\/changement-de-direction-baywa-12038\/\" \/>\n<meta property=\"og:locale\" content=\"fr_FR\" \/>\n<meta property=\"og:type\" content=\"article\" \/>\n<meta property=\"og:title\" content=\"Baywa: Chefwechsel\" \/>\n<meta property=\"og:description\" content=\"Bei der Baywa AG wurde j\u00fcngst Frank Hiller zum Vorstandsvorsitzenden berufen. Ebenfalls hat der Aufsichtsrat des Agradienstleisters einen neuen Finanzvorstand ausgew\u00e4hlt. Diese Funktion hat nun Matthias J. Rapp inne. Beide Manager haben schon zum 1. M\u00e4rz ihre jeweils neue Position eingenommen.\" \/>\n<meta property=\"og:url\" content=\"https:\/\/kloepfel-consulting.com\/fr\/actualites-de-la-chaine-dapprovisionnement\/changement-de-direction-baywa-12038\/\" \/>\n<meta property=\"og:site_name\" content=\"KLOEPFEL by EPSA\" \/>\n<meta property=\"article:publisher\" content=\"https:\/\/www.facebook.com\/KloepfelGroup\" \/>\n<meta property=\"article:published_time\" content=\"2025-03-06T08:25:06+00:00\" \/>\n<meta property=\"article:modified_time\" content=\"2025-08-27T09:25:06+00:00\" \/>\n<meta property=\"og:image\" content=\"https:\/\/kloepfel-consulting.com\/wp-content\/uploads\/2025\/07\/kloepfelgroup.webp\" \/>\n\t<meta property=\"og:image:width\" content=\"2200\" \/>\n\t<meta property=\"og:image:height\" content=\"1608\" \/>\n\t<meta property=\"og:image:type\" content=\"image\/webp\" \/>\n<meta name=\"author\" content=\"semprediritto\" \/>\n<meta name=\"twitter:card\" content=\"summary_large_image\" \/>\n<meta name=\"twitter:title\" content=\"Baywa: Chefwechsel und neue Strategien\" \/>\n<meta name=\"twitter:description\" content=\"Frank Hiller und Matthias J. Rapp leiten die Baywa AG. Informieren Sie sich \u00fcber die neuen Entwicklungen!\" \/>\n<meta name=\"twitter:label1\" content=\"\u00c9crit par\" \/>\n\t<meta name=\"twitter:data1\" content=\"semprediritto\" \/>\n\t<meta name=\"twitter:label2\" content=\"Dur\u00e9e de lecture estim\u00e9e\" \/>\n\t<meta name=\"twitter:data2\" content=\"2 minutes\" \/>\n<script type=\"application\/ld+json\" class=\"yoast-schema-graph\">{\"@context\":\"https:\\\/\\\/schema.org\",\"@graph\":[{\"@type\":\"Article\",\"@id\":\"https:\\\/\\\/kloepfel-consulting.com\\\/supply-chain-news\\\/baywa-chefwechsel-12038\\\/#article\",\"isPartOf\":{\"@id\":\"https:\\\/\\\/kloepfel-consulting.com\\\/supply-chain-news\\\/baywa-chefwechsel-12038\\\/\"},\"author\":{\"name\":\"semprediritto\",\"@id\":\"https:\\\/\\\/kloepfel-consulting.com\\\/#\\\/schema\\\/person\\\/2691163984d9670e417622b00a4c0f26\"},\"headline\":\"Baywa: Chefwechsel\",\"datePublished\":\"2025-03-06T08:25:06+00:00\",\"dateModified\":\"2025-08-27T09:25:06+00:00\",\"mainEntityOfPage\":{\"@id\":\"https:\\\/\\\/kloepfel-consulting.com\\\/supply-chain-news\\\/baywa-chefwechsel-12038\\\/\"},\"wordCount\":271,\"commentCount\":0,\"publisher\":{\"@id\":\"https:\\\/\\\/kloepfel-consulting.com\\\/#organization\"},\"image\":{\"@id\":\"https:\\\/\\\/kloepfel-consulting.com\\\/supply-chain-news\\\/baywa-chefwechsel-12038\\\/#primaryimage\"},\"thumbnailUrl\":\"https:\\\/\\\/kloepfel-consulting.com\\\/wp-content\\\/uploads\\\/2025\\\/08\\\/Foto_181008_ko_BayWa-Zentrale_baywa_jpg-scaled-e1663766727371.jpg\",\"articleSection\":[\"Supply Chain News\"],\"inLanguage\":\"fr-FR\",\"potentialAction\":[{\"@type\":\"CommentAction\",\"name\":\"Comment\",\"target\":[\"https:\\\/\\\/kloepfel-consulting.com\\\/supply-chain-news\\\/baywa-chefwechsel-12038\\\/#respond\"]}],\"copyrightYear\":\"2025\",\"copyrightHolder\":{\"@id\":\"https:\\\/\\\/kloepfel-consulting.com\\\/fr\\\/#organization\"}},{\"@type\":\"WebPage\",\"@id\":\"https:\\\/\\\/kloepfel-consulting.com\\\/supply-chain-news\\\/baywa-chefwechsel-12038\\\/\",\"url\":\"https:\\\/\\\/kloepfel-consulting.com\\\/supply-chain-news\\\/baywa-chefwechsel-12038\\\/\",\"name\":\"Baywa: Chefwechsel\",\"isPartOf\":{\"@id\":\"https:\\\/\\\/kloepfel-consulting.com\\\/#website\"},\"primaryImageOfPage\":{\"@id\":\"https:\\\/\\\/kloepfel-consulting.com\\\/supply-chain-news\\\/baywa-chefwechsel-12038\\\/#primaryimage\"},\"image\":{\"@id\":\"https:\\\/\\\/kloepfel-consulting.com\\\/supply-chain-news\\\/baywa-chefwechsel-12038\\\/#primaryimage\"},\"thumbnailUrl\":\"https:\\\/\\\/kloepfel-consulting.com\\\/wp-content\\\/uploads\\\/2025\\\/08\\\/Foto_181008_ko_BayWa-Zentrale_baywa_jpg-scaled-e1663766727371.jpg\",\"datePublished\":\"2025-03-06T08:25:06+00:00\",\"dateModified\":\"2025-08-27T09:25:06+00:00\",\"description\":\"Bei der Baywa AG wurde j\u00fcngst Frank Hiller zum Vorstandsvorsitzenden berufen. Ebenfalls hat der Aufsichtsrat des Agradienstleisters ei\",\"breadcrumb\":{\"@id\":\"https:\\\/\\\/kloepfel-consulting.com\\\/supply-chain-news\\\/baywa-chefwechsel-12038\\\/#breadcrumb\"},\"inLanguage\":\"fr-FR\",\"potentialAction\":[{\"@type\":\"ReadAction\",\"target\":[\"https:\\\/\\\/kloepfel-consulting.com\\\/supply-chain-news\\\/baywa-chefwechsel-12038\\\/\"]}]},{\"@type\":\"ImageObject\",\"inLanguage\":\"fr-FR\",\"@id\":\"https:\\\/\\\/kloepfel-consulting.com\\\/supply-chain-news\\\/baywa-chefwechsel-12038\\\/#primaryimage\",\"url\":\"https:\\\/\\\/kloepfel-consulting.com\\\/wp-content\\\/uploads\\\/2025\\\/08\\\/Foto_181008_ko_BayWa-Zentrale_baywa_jpg-scaled-e1663766727371.jpg\",\"contentUrl\":\"https:\\\/\\\/kloepfel-consulting.com\\\/wp-content\\\/uploads\\\/2025\\\/08\\\/Foto_181008_ko_BayWa-Zentrale_baywa_jpg-scaled-e1663766727371.jpg\",\"width\":1300,\"height\":697,\"caption\":\"B\u00fcrogeb\u00e4ude der BayWa Zentrale in einer st\u00e4dtischen Umgebung.\"},{\"@type\":\"BreadcrumbList\",\"@id\":\"https:\\\/\\\/kloepfel-consulting.com\\\/supply-chain-news\\\/baywa-chefwechsel-12038\\\/#breadcrumb\",\"itemListElement\":[{\"@type\":\"ListItem\",\"position\":1,\"name\":\"Startseite\",\"item\":\"https:\\\/\\\/kloepfel-consulting.com\\\/\"},{\"@type\":\"ListItem\",\"position\":2,\"name\":\"Logistikoptimierung\",\"item\":\"https:\\\/\\\/kloepfel-consulting.com\\\/zuordnung-landingpage\\\/logistikoptimierung\\\/\"},{\"@type\":\"ListItem\",\"position\":3,\"name\":\"Baywa: Chefwechsel\"}]},{\"@type\":\"WebSite\",\"@id\":\"https:\\\/\\\/kloepfel-consulting.com\\\/#website\",\"url\":\"https:\\\/\\\/kloepfel-consulting.com\\\/\",\"name\":\"KLOEPFEL by EPSA\",\"description\":\"\",\"publisher\":{\"@id\":\"https:\\\/\\\/kloepfel-consulting.com\\\/#organization\"},\"alternateName\":\"KLOEPFELbyEPSA\",\"potentialAction\":[{\"@type\":\"SearchAction\",\"target\":{\"@type\":\"EntryPoint\",\"urlTemplate\":\"https:\\\/\\\/kloepfel-consulting.com\\\/?s={search_term_string}\"},\"query-input\":{\"@type\":\"PropertyValueSpecification\",\"valueRequired\":true,\"valueName\":\"search_term_string\"}}],\"inLanguage\":\"fr-FR\"},{\"@type\":\"Organization\",\"@id\":\"https:\\\/\\\/kloepfel-consulting.com\\\/#organization\",\"name\":\"KLOEPFEL by EPSA\",\"alternateName\":\"KLOEPFELbyEPSA\",\"url\":\"https:\\\/\\\/kloepfel-consulting.com\\\/\",\"logo\":{\"@type\":\"ImageObject\",\"inLanguage\":\"fr-FR\",\"@id\":\"https:\\\/\\\/kloepfel-consulting.com\\\/#\\\/schema\\\/logo\\\/image\\\/\",\"url\":\"https:\\\/\\\/kloepfel-consulting.com\\\/wp-content\\\/uploads\\\/2025\\\/04\\\/logo.webp\",\"contentUrl\":\"https:\\\/\\\/kloepfel-consulting.com\\\/wp-content\\\/uploads\\\/2025\\\/04\\\/logo.webp\",\"width\":616,\"height\":284,\"caption\":\"KLOEPFEL by EPSA\"},\"image\":{\"@id\":\"https:\\\/\\\/kloepfel-consulting.com\\\/#\\\/schema\\\/logo\\\/image\\\/\"},\"sameAs\":[\"https:\\\/\\\/www.facebook.com\\\/KloepfelGroup\",\"https:\\\/\\\/www.linkedin.com\\\/company\\\/kloepfel-consulting-gmbh\",\"https:\\\/\\\/www.instagram.com\\\/kloepfel_by_epsa\\\/\"],\"description\":\"Einkaufsberatung f\u00fcr Einkauf, Logistik und Supply Chain\",\"email\":\"info@kloepfel-consulting.com\",\"telephone\":\"+4921194198433\",\"legalName\":\"Kloepfel Consulting GmbH\",\"foundingDate\":\"2007-02-01\",\"vatID\":\"DE254132249\",\"numberOfEmployees\":{\"@type\":\"QuantitativeValue\",\"minValue\":\"51\",\"maxValue\":\"200\"}},{\"@type\":\"Person\",\"@id\":\"https:\\\/\\\/kloepfel-consulting.com\\\/#\\\/schema\\\/person\\\/2691163984d9670e417622b00a4c0f26\",\"name\":\"semprediritto\",\"image\":{\"@type\":\"ImageObject\",\"inLanguage\":\"fr-FR\",\"@id\":\"https:\\\/\\\/secure.gravatar.com\\\/avatar\\\/878f3ddb8fa2117ffa32d8a3152e4368517da61e3b89dd9bbfe39501477bf1f1?s=96&d=mm&r=g\",\"url\":\"https:\\\/\\\/secure.gravatar.com\\\/avatar\\\/878f3ddb8fa2117ffa32d8a3152e4368517da61e3b89dd9bbfe39501477bf1f1?s=96&d=mm&r=g\",\"contentUrl\":\"https:\\\/\\\/secure.gravatar.com\\\/avatar\\\/878f3ddb8fa2117ffa32d8a3152e4368517da61e3b89dd9bbfe39501477bf1f1?s=96&d=mm&r=g\",\"caption\":\"semprediritto\"},\"sameAs\":[\"https:\\\/\\\/kloepfel.sempre-diritto.de\"]}]}<\/script>\n<!-- \/ Yoast SEO Premium plugin. -->","yoast_head_json":{"title":"La soci\u00e9t\u00e9 Baywa : Changement de chef","description":"Frank Hiller a r\u00e9cemment \u00e9t\u00e9 nomm\u00e9 pr\u00e9sident du directoire de Baywa AG. Le conseil de surveillance du prestataire de services agricoles a \u00e9galement nomm\u00e9 un nouveau directeur.","robots":{"index":"index","follow":"follow","max-snippet":"max-snippet:-1","max-image-preview":"max-image-preview:large","max-video-preview":"max-video-preview:-1"},"canonical":"https:\/\/kloepfel-consulting.com\/fr\/actualites-de-la-chaine-dapprovisionnement\/changement-de-direction-baywa-12038\/","og_locale":"fr_FR","og_type":"article","og_title":"Baywa: Chefwechsel","og_description":"Bei der Baywa AG wurde j\u00fcngst Frank Hiller zum Vorstandsvorsitzenden berufen. Ebenfalls hat der Aufsichtsrat des Agradienstleisters einen neuen Finanzvorstand ausgew\u00e4hlt. Diese Funktion hat nun Matthias J. Rapp inne. Beide Manager haben schon zum 1. M\u00e4rz ihre jeweils neue Position eingenommen.","og_url":"https:\/\/kloepfel-consulting.com\/fr\/actualites-de-la-chaine-dapprovisionnement\/changement-de-direction-baywa-12038\/","og_site_name":"KLOEPFEL by EPSA","article_publisher":"https:\/\/www.facebook.com\/KloepfelGroup","article_published_time":"2025-03-06T08:25:06+00:00","article_modified_time":"2025-08-27T09:25:06+00:00","og_image":[{"width":2200,"height":1608,"url":"https:\/\/kloepfel-consulting.com\/wp-content\/uploads\/2025\/07\/kloepfelgroup.webp","type":"image\/webp"}],"author":"semprediritto","twitter_card":"summary_large_image","twitter_title":"Baywa: Chefwechsel und neue Strategien","twitter_description":"Frank Hiller und Matthias J. Rapp leiten die Baywa AG. Informieren Sie sich \u00fcber die neuen Entwicklungen!","twitter_misc":{"\u00c9crit par":"semprediritto","Dur\u00e9e de lecture estim\u00e9e":"2 minutes"},"schema":{"@context":"https:\/\/schema.org","@graph":[{"@type":"Article","@id":"https:\/\/kloepfel-consulting.com\/supply-chain-news\/baywa-chefwechsel-12038\/#article","isPartOf":{"@id":"https:\/\/kloepfel-consulting.com\/supply-chain-news\/baywa-chefwechsel-12038\/"},"author":{"name":"semprediritto","@id":"https:\/\/kloepfel-consulting.com\/#\/schema\/person\/2691163984d9670e417622b00a4c0f26"},"headline":"Baywa: Chefwechsel","datePublished":"2025-03-06T08:25:06+00:00","dateModified":"2025-08-27T09:25:06+00:00","mainEntityOfPage":{"@id":"https:\/\/kloepfel-consulting.com\/supply-chain-news\/baywa-chefwechsel-12038\/"},"wordCount":271,"commentCount":0,"publisher":{"@id":"https:\/\/kloepfel-consulting.com\/#organization"},"image":{"@id":"https:\/\/kloepfel-consulting.com\/supply-chain-news\/baywa-chefwechsel-12038\/#primaryimage"},"thumbnailUrl":"https:\/\/kloepfel-consulting.com\/wp-content\/uploads\/2025\/08\/Foto_181008_ko_BayWa-Zentrale_baywa_jpg-scaled-e1663766727371.jpg","articleSection":["Supply Chain News"],"inLanguage":"fr-FR","potentialAction":[{"@type":"CommentAction","name":"Comment","target":["https:\/\/kloepfel-consulting.com\/supply-chain-news\/baywa-chefwechsel-12038\/#respond"]}],"copyrightYear":"2025","copyrightHolder":{"@id":"https:\/\/kloepfel-consulting.com\/fr\/#organization"}},{"@type":"WebPage","@id":"https:\/\/kloepfel-consulting.com\/supply-chain-news\/baywa-chefwechsel-12038\/","url":"https:\/\/kloepfel-consulting.com\/supply-chain-news\/baywa-chefwechsel-12038\/","name":"La soci\u00e9t\u00e9 Baywa : Changement de chef","isPartOf":{"@id":"https:\/\/kloepfel-consulting.com\/#website"},"primaryImageOfPage":{"@id":"https:\/\/kloepfel-consulting.com\/supply-chain-news\/baywa-chefwechsel-12038\/#primaryimage"},"image":{"@id":"https:\/\/kloepfel-consulting.com\/supply-chain-news\/baywa-chefwechsel-12038\/#primaryimage"},"thumbnailUrl":"https:\/\/kloepfel-consulting.com\/wp-content\/uploads\/2025\/08\/Foto_181008_ko_BayWa-Zentrale_baywa_jpg-scaled-e1663766727371.jpg","datePublished":"2025-03-06T08:25:06+00:00","dateModified":"2025-08-27T09:25:06+00:00","description":"Frank Hiller a r\u00e9cemment \u00e9t\u00e9 nomm\u00e9 pr\u00e9sident du directoire de Baywa AG. Le conseil de surveillance du prestataire de services agricoles a \u00e9galement nomm\u00e9 un nouveau directeur.","breadcrumb":{"@id":"https:\/\/kloepfel-consulting.com\/supply-chain-news\/baywa-chefwechsel-12038\/#breadcrumb"},"inLanguage":"fr-FR","potentialAction":[{"@type":"ReadAction","target":["https:\/\/kloepfel-consulting.com\/supply-chain-news\/baywa-chefwechsel-12038\/"]}]},{"@type":"ImageObject","inLanguage":"fr-FR","@id":"https:\/\/kloepfel-consulting.com\/supply-chain-news\/baywa-chefwechsel-12038\/#primaryimage","url":"https:\/\/kloepfel-consulting.com\/wp-content\/uploads\/2025\/08\/Foto_181008_ko_BayWa-Zentrale_baywa_jpg-scaled-e1663766727371.jpg","contentUrl":"https:\/\/kloepfel-consulting.com\/wp-content\/uploads\/2025\/08\/Foto_181008_ko_BayWa-Zentrale_baywa_jpg-scaled-e1663766727371.jpg","width":1300,"height":697,"caption":"B\u00fcrogeb\u00e4ude der BayWa Zentrale in einer st\u00e4dtischen Umgebung."},{"@type":"BreadcrumbList","@id":"https:\/\/kloepfel-consulting.com\/supply-chain-news\/baywa-chefwechsel-12038\/#breadcrumb","itemListElement":[{"@type":"ListItem","position":1,"name":"Startseite","item":"https:\/\/kloepfel-consulting.com\/"},{"@type":"ListItem","position":2,"name":"Logistikoptimierung","item":"https:\/\/kloepfel-consulting.com\/zuordnung-landingpage\/logistikoptimierung\/"},{"@type":"ListItem","position":3,"name":"Baywa: Chefwechsel"}]},{"@type":"WebSite","@id":"https:\/\/kloepfel-consulting.com\/#website","url":"https:\/\/kloepfel-consulting.com\/","name":"KLOEPFEL by EPSA","description":"","publisher":{"@id":"https:\/\/kloepfel-consulting.com\/#organization"},"alternateName":"KLOEPFELbyEPSA","potentialAction":[{"@type":"SearchAction","target":{"@type":"EntryPoint","urlTemplate":"https:\/\/kloepfel-consulting.com\/?s={search_term_string}"},"query-input":{"@type":"PropertyValueSpecification","valueRequired":true,"valueName":"search_term_string"}}],"inLanguage":"fr-FR"},{"@type":"Organization","@id":"https:\/\/kloepfel-consulting.com\/#organization","name":"KLOEPFEL by EPSA","alternateName":"KLOEPFELbyEPSA","url":"https:\/\/kloepfel-consulting.com\/","logo":{"@type":"ImageObject","inLanguage":"fr-FR","@id":"https:\/\/kloepfel-consulting.com\/#\/schema\/logo\/image\/","url":"https:\/\/kloepfel-consulting.com\/wp-content\/uploads\/2025\/04\/logo.webp","contentUrl":"https:\/\/kloepfel-consulting.com\/wp-content\/uploads\/2025\/04\/logo.webp","width":616,"height":284,"caption":"KLOEPFEL by EPSA"},"image":{"@id":"https:\/\/kloepfel-consulting.com\/#\/schema\/logo\/image\/"},"sameAs":["https:\/\/www.facebook.com\/KloepfelGroup","https:\/\/www.linkedin.com\/company\/kloepfel-consulting-gmbh","https:\/\/www.instagram.com\/kloepfel_by_epsa\/"],"description":"Conseil d'achat pour l'approvisionnement, la logistique et la cha\u00eene d'approvisionnement","email":"info@kloepfel-consulting.com","telephone":"+4921194198433","legalName":"Kloepfel Consulting GmbH","foundingDate":"2007-02-01","vatID":"DE254132249","numberOfEmployees":{"@type":"QuantitativeValue","minValue":"51","maxValue":"200"}},{"@type":"Person","@id":"https:\/\/kloepfel-consulting.com\/#\/schema\/person\/2691163984d9670e417622b00a4c0f26","name":"Toujours le droit","image":{"@type":"ImageObject","inLanguage":"fr-FR","@id":"https:\/\/secure.gravatar.com\/avatar\/878f3ddb8fa2117ffa32d8a3152e4368517da61e3b89dd9bbfe39501477bf1f1?s=96&d=mm&r=g","url":"https:\/\/secure.gravatar.com\/avatar\/878f3ddb8fa2117ffa32d8a3152e4368517da61e3b89dd9bbfe39501477bf1f1?s=96&d=mm&r=g","contentUrl":"https:\/\/secure.gravatar.com\/avatar\/878f3ddb8fa2117ffa32d8a3152e4368517da61e3b89dd9bbfe39501477bf1f1?s=96&d=mm&r=g","caption":"semprediritto"},"sameAs":["https:\/\/kloepfel.sempre-diritto.de"]}]}},"_links":{"self":[{"href":"https:\/\/kloepfel-consulting.com\/fr\/wp-json\/wp\/v2\/posts\/12038","targetHints":{"allow":["GET"]}}],"collection":[{"href":"https:\/\/kloepfel-consulting.com\/fr\/wp-json\/wp\/v2\/posts"}],"about":[{"href":"https:\/\/kloepfel-consulting.com\/fr\/wp-json\/wp\/v2\/types\/post"}],"author":[{"embeddable":true,"href":"https:\/\/kloepfel-consulting.com\/fr\/wp-json\/wp\/v2\/users\/1"}],"replies":[{"embeddable":true,"href":"https:\/\/kloepfel-consulting.com\/fr\/wp-json\/wp\/v2\/comments?post=12038"}],"version-history":[{"count":2,"href":"https:\/\/kloepfel-consulting.com\/fr\/wp-json\/wp\/v2\/posts\/12038\/revisions"}],"predecessor-version":[{"id":14725,"href":"https:\/\/kloepfel-consulting.com\/fr\/wp-json\/wp\/v2\/posts\/12038\/revisions\/14725"}],"wp:featuredmedia":[{"embeddable":true,"href":"https:\/\/kloepfel-consulting.com\/fr\/wp-json\/wp\/v2\/media\/12039"}],"wp:attachment":[{"href":"https:\/\/kloepfel-consulting.com\/fr\/wp-json\/wp\/v2\/media?parent=12038"}],"wp:term":[{"taxonomy":"category","embeddable":true,"href":"https:\/\/kloepfel-consulting.com\/fr\/wp-json\/wp\/v2\/categories?post=12038"},{"taxonomy":"post_tag","embeddable":true,"href":"https:\/\/kloepfel-consulting.com\/fr\/wp-json\/wp\/v2\/tags?post=12038"},{"taxonomy":"referenzkategorie","embeddable":true,"href":"https:\/\/kloepfel-consulting.com\/fr\/wp-json\/wp\/v2\/referenzkategorie?post=12038"}],"curies":[{"name":"wp","href":"https:\/\/api.w.org\/{rel}","templated":true}]}}