{"id":12062,"date":"2025-04-03T09:25:14","date_gmt":"2025-04-03T07:25:14","guid":{"rendered":"https:\/\/kloepfel.sempre-diritto.de\/2025\/04\/03\/brose-verkauft-geschaeft-e-bike-antrieben\/"},"modified":"2025-08-27T11:25:14","modified_gmt":"2025-08-27T09:25:14","slug":"brose-vend-des-activites-de-moteurs-de-velos-electriques","status":"publish","type":"post","link":"https:\/\/kloepfel-consulting.com\/fr\/supply-chain-news\/brose-verkauft-geschaeft-e-bike-antrieben-12062\/","title":{"rendered":"Brose vend son activit\u00e9 de transmissions pour v\u00e9los \u00e9lectriques"},"content":{"rendered":"<h2>Le rachat par Yamaha fait partie de la r\u00e9orientation de Brose<\/h2>\n<p><a href=\"https:\/\/kloepfel-consulting.com\/fr\/actualites-de-la-chaine-dapprovisionnement\/unternehmen\/rueckzug-michael-stoschek-8476216\/\" target=\"_blank\">Brose<\/a> a annonc\u00e9 lundi qu'il se retirait de son activit\u00e9 de <strong>Entra\u00eenements pour v\u00e9los \u00e9lectriques<\/strong> de se s\u00e9parer de cette activit\u00e9. Selon le communiqu\u00e9 de presse de l'entreprise familiale bas\u00e9e \u00e0 Cobourg, c'est Yamaha Motor Co., Ltd. qui va reprendre cette activit\u00e9. <\/p>\n<p>Selon le communiqu\u00e9 de presse, si les autorit\u00e9s antitrust donnent leur accord, les activit\u00e9s de Brose en mati\u00e8re de transmissions et de syst\u00e8mes pour v\u00e9los \u00e9lectriques feront partie de Motor eBike Systems GmbH de Yamaha.<\/p>\n<p>Selon Brose, la vente fait partie de la r\u00e9orientation strat\u00e9gique de l'\u00e9quipementier automobile riche en traditions. Selon Brose, cette r\u00e9orientation est li\u00e9e \u00e0 un recentrage sur l'activit\u00e9 principale.<\/p>","protected":false},"excerpt":{"rendered":"<p>\u00dcbernahme durch Yamaha ist Teil der Neuausrichtung von Brose Brose verk\u00fcndete am Montag, sich von seinem Gesch\u00e4ft mit E-Bike-Antrieben zu trennen. Laut der Pressemitteilung des in Coburg ans\u00e4ssigen Familienunternehmens wird die Yamaha Motor Co., Ltd. diesen Gesch\u00e4ftsbereich \u00fcbernehmen. Wenn die Kartellbeh\u00f6rden zustimmen, wird der Pressemeldung zufolge das E-Bike-Antriebs- und Systemgesch\u00e4ft von Brose Teil der Motor [&hellip;]<\/p>\n","protected":false},"author":1,"featured_media":11045,"comment_status":"open","ping_status":"open","sticky":false,"template":"","format":"standard","meta":{"_acf_changed":false,"footnotes":""},"categories":[88],"tags":[],"referenzkategorie":[],"class_list":["post-12062","post","type-post","status-publish","format-standard","has-post-thumbnail","hentry","category-supply-chain-news"],"acf":[],"yoast_head":"<!-- This site is optimized with the Yoast SEO Premium plugin v27.5 (Yoast SEO v27.5) - https:\/\/yoast.com\/product\/yoast-seo-premium-wordpress\/ -->\n<title>Brose verkauft Gesch\u00e4ft mit E-Bike-Antrieben<\/title>\n<meta name=\"description\" content=\"Brose verk\u00fcndete am Montag, sich von seinem Gesch\u00e4ft mit E-Bike-Antrieben zu trennen. Laut der Pressemitteilung des in Coburg ans\u00e4ssigen Fa\" \/>\n<meta name=\"robots\" content=\"index, follow, max-snippet:-1, max-image-preview:large, max-video-preview:-1\" \/>\n<link rel=\"canonical\" href=\"https:\/\/kloepfel-consulting.com\/fr\/actualites-de-la-chaine-dapprovisionnement\/brose-vend-son-activite-de-moteurs-de-velos-electriques-12062\/\" \/>\n<meta property=\"og:locale\" content=\"fr_FR\" \/>\n<meta property=\"og:type\" content=\"article\" \/>\n<meta property=\"og:title\" content=\"Brose verkauft Gesch\u00e4ft mit E-Bike-Antrieben\" \/>\n<meta property=\"og:description\" content=\"Brose verk\u00fcndete am Montag, sich von seinem Gesch\u00e4ft mit E-Bike-Antrieben zu trennen. Laut der Pressemitteilung des in Coburg ans\u00e4ssigen Familienunternehmens wird die Yamaha Motor Co., Ltd. diesen Gesch\u00e4ftsbereich \u00fcbernehmen.\" \/>\n<meta property=\"og:url\" content=\"https:\/\/kloepfel-consulting.com\/fr\/actualites-de-la-chaine-dapprovisionnement\/brose-vend-son-activite-de-moteurs-de-velos-electriques-12062\/\" \/>\n<meta property=\"og:site_name\" content=\"KLOEPFEL by EPSA\" \/>\n<meta property=\"article:publisher\" content=\"https:\/\/www.facebook.com\/KloepfelGroup\" \/>\n<meta property=\"article:published_time\" content=\"2025-04-03T07:25:14+00:00\" \/>\n<meta property=\"article:modified_time\" content=\"2025-08-27T09:25:14+00:00\" \/>\n<meta property=\"og:image\" content=\"https:\/\/kloepfel-consulting.com\/wp-content\/uploads\/2025\/07\/kloepfelgroup.webp\" \/>\n\t<meta property=\"og:image:width\" content=\"2200\" \/>\n\t<meta property=\"og:image:height\" content=\"1608\" \/>\n\t<meta property=\"og:image:type\" content=\"image\/webp\" \/>\n<meta name=\"author\" content=\"semprediritto\" \/>\n<meta name=\"twitter:card\" content=\"summary_large_image\" \/>\n<meta name=\"twitter:title\" content=\"Brose verkauft E-Bike-Antriebe an Yamaha\" \/>\n<meta name=\"twitter:description\" content=\"Informieren Sie sich \u00fcber die strategische Neuausrichtung von Brose.\" \/>\n<meta name=\"twitter:label1\" content=\"\u00c9crit par\" \/>\n\t<meta name=\"twitter:data1\" content=\"semprediritto\" \/>\n\t<meta name=\"twitter:label2\" content=\"Dur\u00e9e de lecture estim\u00e9e\" \/>\n\t<meta name=\"twitter:data2\" content=\"1 minute\" \/>\n<script type=\"application\/ld+json\" class=\"yoast-schema-graph\">{\"@context\":\"https:\\\/\\\/schema.org\",\"@graph\":[{\"@type\":\"Article\",\"@id\":\"https:\\\/\\\/kloepfel-consulting.com\\\/supply-chain-news\\\/brose-verkauft-geschaeft-e-bike-antrieben-12062\\\/#article\",\"isPartOf\":{\"@id\":\"https:\\\/\\\/kloepfel-consulting.com\\\/supply-chain-news\\\/brose-verkauft-geschaeft-e-bike-antrieben-12062\\\/\"},\"author\":{\"name\":\"semprediritto\",\"@id\":\"https:\\\/\\\/kloepfel-consulting.com\\\/#\\\/schema\\\/person\\\/2691163984d9670e417622b00a4c0f26\"},\"headline\":\"Brose verkauft Gesch\u00e4ft mit E-Bike-Antrieben\",\"datePublished\":\"2025-04-03T07:25:14+00:00\",\"dateModified\":\"2025-08-27T09:25:14+00:00\",\"mainEntityOfPage\":{\"@id\":\"https:\\\/\\\/kloepfel-consulting.com\\\/supply-chain-news\\\/brose-verkauft-geschaeft-e-bike-antrieben-12062\\\/\"},\"wordCount\":99,\"commentCount\":0,\"publisher\":{\"@id\":\"https:\\\/\\\/kloepfel-consulting.com\\\/#organization\"},\"image\":{\"@id\":\"https:\\\/\\\/kloepfel-consulting.com\\\/supply-chain-news\\\/brose-verkauft-geschaeft-e-bike-antrieben-12062\\\/#primaryimage\"},\"thumbnailUrl\":\"https:\\\/\\\/kloepfel-consulting.com\\\/wp-content\\\/uploads\\\/2025\\\/08\\\/supply-chain-news-1200x630-1.webp\",\"articleSection\":[\"Supply Chain News\"],\"inLanguage\":\"fr-FR\",\"potentialAction\":[{\"@type\":\"CommentAction\",\"name\":\"Comment\",\"target\":[\"https:\\\/\\\/kloepfel-consulting.com\\\/supply-chain-news\\\/brose-verkauft-geschaeft-e-bike-antrieben-12062\\\/#respond\"]}],\"copyrightYear\":\"2025\",\"copyrightHolder\":{\"@id\":\"https:\\\/\\\/kloepfel-consulting.com\\\/fr\\\/#organization\"}},{\"@type\":\"WebPage\",\"@id\":\"https:\\\/\\\/kloepfel-consulting.com\\\/supply-chain-news\\\/brose-verkauft-geschaeft-e-bike-antrieben-12062\\\/\",\"url\":\"https:\\\/\\\/kloepfel-consulting.com\\\/supply-chain-news\\\/brose-verkauft-geschaeft-e-bike-antrieben-12062\\\/\",\"name\":\"Brose verkauft Gesch\u00e4ft mit E-Bike-Antrieben\",\"isPartOf\":{\"@id\":\"https:\\\/\\\/kloepfel-consulting.com\\\/#website\"},\"primaryImageOfPage\":{\"@id\":\"https:\\\/\\\/kloepfel-consulting.com\\\/supply-chain-news\\\/brose-verkauft-geschaeft-e-bike-antrieben-12062\\\/#primaryimage\"},\"image\":{\"@id\":\"https:\\\/\\\/kloepfel-consulting.com\\\/supply-chain-news\\\/brose-verkauft-geschaeft-e-bike-antrieben-12062\\\/#primaryimage\"},\"thumbnailUrl\":\"https:\\\/\\\/kloepfel-consulting.com\\\/wp-content\\\/uploads\\\/2025\\\/08\\\/supply-chain-news-1200x630-1.webp\",\"datePublished\":\"2025-04-03T07:25:14+00:00\",\"dateModified\":\"2025-08-27T09:25:14+00:00\",\"description\":\"Brose verk\u00fcndete am Montag, sich von seinem Gesch\u00e4ft mit E-Bike-Antrieben zu trennen. Laut der Pressemitteilung des in Coburg ans\u00e4ssigen Fa\",\"breadcrumb\":{\"@id\":\"https:\\\/\\\/kloepfel-consulting.com\\\/supply-chain-news\\\/brose-verkauft-geschaeft-e-bike-antrieben-12062\\\/#breadcrumb\"},\"inLanguage\":\"fr-FR\",\"potentialAction\":[{\"@type\":\"ReadAction\",\"target\":[\"https:\\\/\\\/kloepfel-consulting.com\\\/supply-chain-news\\\/brose-verkauft-geschaeft-e-bike-antrieben-12062\\\/\"]}]},{\"@type\":\"ImageObject\",\"inLanguage\":\"fr-FR\",\"@id\":\"https:\\\/\\\/kloepfel-consulting.com\\\/supply-chain-news\\\/brose-verkauft-geschaeft-e-bike-antrieben-12062\\\/#primaryimage\",\"url\":\"https:\\\/\\\/kloepfel-consulting.com\\\/wp-content\\\/uploads\\\/2025\\\/08\\\/supply-chain-news-1200x630-1.webp\",\"contentUrl\":\"https:\\\/\\\/kloepfel-consulting.com\\\/wp-content\\\/uploads\\\/2025\\\/08\\\/supply-chain-news-1200x630-1.webp\",\"width\":1200,\"height\":630,\"caption\":\"Grafik mit dem Titel 'Supply Chain News'.\"},{\"@type\":\"BreadcrumbList\",\"@id\":\"https:\\\/\\\/kloepfel-consulting.com\\\/supply-chain-news\\\/brose-verkauft-geschaeft-e-bike-antrieben-12062\\\/#breadcrumb\",\"itemListElement\":[{\"@type\":\"ListItem\",\"position\":1,\"name\":\"Startseite\",\"item\":\"https:\\\/\\\/kloepfel-consulting.com\\\/\"},{\"@type\":\"ListItem\",\"position\":2,\"name\":\"Logistikoptimierung\",\"item\":\"https:\\\/\\\/kloepfel-consulting.com\\\/zuordnung-landingpage\\\/logistikoptimierung\\\/\"},{\"@type\":\"ListItem\",\"position\":3,\"name\":\"Brose verkauft Gesch\u00e4ft mit E-Bike-Antrieben\"}]},{\"@type\":\"WebSite\",\"@id\":\"https:\\\/\\\/kloepfel-consulting.com\\\/#website\",\"url\":\"https:\\\/\\\/kloepfel-consulting.com\\\/\",\"name\":\"KLOEPFEL by EPSA\",\"description\":\"\",\"publisher\":{\"@id\":\"https:\\\/\\\/kloepfel-consulting.com\\\/#organization\"},\"alternateName\":\"KLOEPFELbyEPSA\",\"potentialAction\":[{\"@type\":\"SearchAction\",\"target\":{\"@type\":\"EntryPoint\",\"urlTemplate\":\"https:\\\/\\\/kloepfel-consulting.com\\\/?s={search_term_string}\"},\"query-input\":{\"@type\":\"PropertyValueSpecification\",\"valueRequired\":true,\"valueName\":\"search_term_string\"}}],\"inLanguage\":\"fr-FR\"},{\"@type\":\"Organization\",\"@id\":\"https:\\\/\\\/kloepfel-consulting.com\\\/#organization\",\"name\":\"KLOEPFEL by EPSA\",\"alternateName\":\"KLOEPFELbyEPSA\",\"url\":\"https:\\\/\\\/kloepfel-consulting.com\\\/\",\"logo\":{\"@type\":\"ImageObject\",\"inLanguage\":\"fr-FR\",\"@id\":\"https:\\\/\\\/kloepfel-consulting.com\\\/#\\\/schema\\\/logo\\\/image\\\/\",\"url\":\"https:\\\/\\\/kloepfel-consulting.com\\\/wp-content\\\/uploads\\\/2025\\\/04\\\/logo.webp\",\"contentUrl\":\"https:\\\/\\\/kloepfel-consulting.com\\\/wp-content\\\/uploads\\\/2025\\\/04\\\/logo.webp\",\"width\":616,\"height\":284,\"caption\":\"KLOEPFEL by EPSA\"},\"image\":{\"@id\":\"https:\\\/\\\/kloepfel-consulting.com\\\/#\\\/schema\\\/logo\\\/image\\\/\"},\"sameAs\":[\"https:\\\/\\\/www.facebook.com\\\/KloepfelGroup\",\"https:\\\/\\\/www.linkedin.com\\\/company\\\/kloepfel-consulting-gmbh\",\"https:\\\/\\\/www.instagram.com\\\/kloepfel_by_epsa\\\/\"],\"description\":\"Einkaufsberatung f\u00fcr Einkauf, Logistik und Supply Chain\",\"email\":\"info@kloepfel-consulting.com\",\"telephone\":\"+4921194198433\",\"legalName\":\"Kloepfel Consulting GmbH\",\"foundingDate\":\"2007-02-01\",\"vatID\":\"DE254132249\",\"numberOfEmployees\":{\"@type\":\"QuantitativeValue\",\"minValue\":\"51\",\"maxValue\":\"200\"}},{\"@type\":\"Person\",\"@id\":\"https:\\\/\\\/kloepfel-consulting.com\\\/#\\\/schema\\\/person\\\/2691163984d9670e417622b00a4c0f26\",\"name\":\"semprediritto\",\"image\":{\"@type\":\"ImageObject\",\"inLanguage\":\"fr-FR\",\"@id\":\"https:\\\/\\\/secure.gravatar.com\\\/avatar\\\/878f3ddb8fa2117ffa32d8a3152e4368517da61e3b89dd9bbfe39501477bf1f1?s=96&d=mm&r=g\",\"url\":\"https:\\\/\\\/secure.gravatar.com\\\/avatar\\\/878f3ddb8fa2117ffa32d8a3152e4368517da61e3b89dd9bbfe39501477bf1f1?s=96&d=mm&r=g\",\"contentUrl\":\"https:\\\/\\\/secure.gravatar.com\\\/avatar\\\/878f3ddb8fa2117ffa32d8a3152e4368517da61e3b89dd9bbfe39501477bf1f1?s=96&d=mm&r=g\",\"caption\":\"semprediritto\"},\"sameAs\":[\"https:\\\/\\\/kloepfel.sempre-diritto.de\"]}]}<\/script>\n<!-- \/ Yoast SEO Premium plugin. -->","yoast_head_json":{"title":"Brose vend son activit\u00e9 de transmissions pour v\u00e9los \u00e9lectriques","description":"Brose a annonc\u00e9 lundi qu'il se s\u00e9parait de son activit\u00e9 de transmissions pour v\u00e9los \u00e9lectriques. Selon le communiqu\u00e9 de presse de l'entreprise bas\u00e9e \u00e0 Cobourg, \"la soci\u00e9t\u00e9 a d\u00e9cid\u00e9 d'abandonner le march\u00e9 de l'\u00e9lectronique grand public.","robots":{"index":"index","follow":"follow","max-snippet":"max-snippet:-1","max-image-preview":"max-image-preview:large","max-video-preview":"max-video-preview:-1"},"canonical":"https:\/\/kloepfel-consulting.com\/fr\/actualites-de-la-chaine-dapprovisionnement\/brose-vend-son-activite-de-moteurs-de-velos-electriques-12062\/","og_locale":"fr_FR","og_type":"article","og_title":"Brose verkauft Gesch\u00e4ft mit E-Bike-Antrieben","og_description":"Brose verk\u00fcndete am Montag, sich von seinem Gesch\u00e4ft mit E-Bike-Antrieben zu trennen. Laut der Pressemitteilung des in Coburg ans\u00e4ssigen Familienunternehmens wird die Yamaha Motor Co., Ltd. diesen Gesch\u00e4ftsbereich \u00fcbernehmen.","og_url":"https:\/\/kloepfel-consulting.com\/fr\/actualites-de-la-chaine-dapprovisionnement\/brose-vend-son-activite-de-moteurs-de-velos-electriques-12062\/","og_site_name":"KLOEPFEL by EPSA","article_publisher":"https:\/\/www.facebook.com\/KloepfelGroup","article_published_time":"2025-04-03T07:25:14+00:00","article_modified_time":"2025-08-27T09:25:14+00:00","og_image":[{"width":2200,"height":1608,"url":"https:\/\/kloepfel-consulting.com\/wp-content\/uploads\/2025\/07\/kloepfelgroup.webp","type":"image\/webp"}],"author":"semprediritto","twitter_card":"summary_large_image","twitter_title":"Brose verkauft E-Bike-Antriebe an Yamaha","twitter_description":"Informieren Sie sich \u00fcber die strategische Neuausrichtung von Brose.","twitter_misc":{"\u00c9crit par":"semprediritto","Dur\u00e9e de lecture estim\u00e9e":"1 minute"},"schema":{"@context":"https:\/\/schema.org","@graph":[{"@type":"Article","@id":"https:\/\/kloepfel-consulting.com\/supply-chain-news\/brose-verkauft-geschaeft-e-bike-antrieben-12062\/#article","isPartOf":{"@id":"https:\/\/kloepfel-consulting.com\/supply-chain-news\/brose-verkauft-geschaeft-e-bike-antrieben-12062\/"},"author":{"name":"semprediritto","@id":"https:\/\/kloepfel-consulting.com\/#\/schema\/person\/2691163984d9670e417622b00a4c0f26"},"headline":"Brose verkauft Gesch\u00e4ft mit E-Bike-Antrieben","datePublished":"2025-04-03T07:25:14+00:00","dateModified":"2025-08-27T09:25:14+00:00","mainEntityOfPage":{"@id":"https:\/\/kloepfel-consulting.com\/supply-chain-news\/brose-verkauft-geschaeft-e-bike-antrieben-12062\/"},"wordCount":99,"commentCount":0,"publisher":{"@id":"https:\/\/kloepfel-consulting.com\/#organization"},"image":{"@id":"https:\/\/kloepfel-consulting.com\/supply-chain-news\/brose-verkauft-geschaeft-e-bike-antrieben-12062\/#primaryimage"},"thumbnailUrl":"https:\/\/kloepfel-consulting.com\/wp-content\/uploads\/2025\/08\/supply-chain-news-1200x630-1.webp","articleSection":["Supply Chain News"],"inLanguage":"fr-FR","potentialAction":[{"@type":"CommentAction","name":"Comment","target":["https:\/\/kloepfel-consulting.com\/supply-chain-news\/brose-verkauft-geschaeft-e-bike-antrieben-12062\/#respond"]}],"copyrightYear":"2025","copyrightHolder":{"@id":"https:\/\/kloepfel-consulting.com\/fr\/#organization"}},{"@type":"WebPage","@id":"https:\/\/kloepfel-consulting.com\/supply-chain-news\/brose-verkauft-geschaeft-e-bike-antrieben-12062\/","url":"https:\/\/kloepfel-consulting.com\/supply-chain-news\/brose-verkauft-geschaeft-e-bike-antrieben-12062\/","name":"Brose vend son activit\u00e9 de transmissions pour v\u00e9los \u00e9lectriques","isPartOf":{"@id":"https:\/\/kloepfel-consulting.com\/#website"},"primaryImageOfPage":{"@id":"https:\/\/kloepfel-consulting.com\/supply-chain-news\/brose-verkauft-geschaeft-e-bike-antrieben-12062\/#primaryimage"},"image":{"@id":"https:\/\/kloepfel-consulting.com\/supply-chain-news\/brose-verkauft-geschaeft-e-bike-antrieben-12062\/#primaryimage"},"thumbnailUrl":"https:\/\/kloepfel-consulting.com\/wp-content\/uploads\/2025\/08\/supply-chain-news-1200x630-1.webp","datePublished":"2025-04-03T07:25:14+00:00","dateModified":"2025-08-27T09:25:14+00:00","description":"Brose a annonc\u00e9 lundi qu'il se s\u00e9parait de son activit\u00e9 de transmissions pour v\u00e9los \u00e9lectriques. Selon le communiqu\u00e9 de presse de l'entreprise bas\u00e9e \u00e0 Cobourg, \"la soci\u00e9t\u00e9 a d\u00e9cid\u00e9 d'abandonner le march\u00e9 de l'\u00e9lectronique grand public.","breadcrumb":{"@id":"https:\/\/kloepfel-consulting.com\/supply-chain-news\/brose-verkauft-geschaeft-e-bike-antrieben-12062\/#breadcrumb"},"inLanguage":"fr-FR","potentialAction":[{"@type":"ReadAction","target":["https:\/\/kloepfel-consulting.com\/supply-chain-news\/brose-verkauft-geschaeft-e-bike-antrieben-12062\/"]}]},{"@type":"ImageObject","inLanguage":"fr-FR","@id":"https:\/\/kloepfel-consulting.com\/supply-chain-news\/brose-verkauft-geschaeft-e-bike-antrieben-12062\/#primaryimage","url":"https:\/\/kloepfel-consulting.com\/wp-content\/uploads\/2025\/08\/supply-chain-news-1200x630-1.webp","contentUrl":"https:\/\/kloepfel-consulting.com\/wp-content\/uploads\/2025\/08\/supply-chain-news-1200x630-1.webp","width":1200,"height":630,"caption":"Grafik mit dem Titel 'Supply Chain News'."},{"@type":"BreadcrumbList","@id":"https:\/\/kloepfel-consulting.com\/supply-chain-news\/brose-verkauft-geschaeft-e-bike-antrieben-12062\/#breadcrumb","itemListElement":[{"@type":"ListItem","position":1,"name":"Startseite","item":"https:\/\/kloepfel-consulting.com\/"},{"@type":"ListItem","position":2,"name":"Logistikoptimierung","item":"https:\/\/kloepfel-consulting.com\/zuordnung-landingpage\/logistikoptimierung\/"},{"@type":"ListItem","position":3,"name":"Brose verkauft Gesch\u00e4ft mit E-Bike-Antrieben"}]},{"@type":"WebSite","@id":"https:\/\/kloepfel-consulting.com\/#website","url":"https:\/\/kloepfel-consulting.com\/","name":"KLOEPFEL by EPSA","description":"","publisher":{"@id":"https:\/\/kloepfel-consulting.com\/#organization"},"alternateName":"KLOEPFELbyEPSA","potentialAction":[{"@type":"SearchAction","target":{"@type":"EntryPoint","urlTemplate":"https:\/\/kloepfel-consulting.com\/?s={search_term_string}"},"query-input":{"@type":"PropertyValueSpecification","valueRequired":true,"valueName":"search_term_string"}}],"inLanguage":"fr-FR"},{"@type":"Organization","@id":"https:\/\/kloepfel-consulting.com\/#organization","name":"KLOEPFEL by EPSA","alternateName":"KLOEPFELbyEPSA","url":"https:\/\/kloepfel-consulting.com\/","logo":{"@type":"ImageObject","inLanguage":"fr-FR","@id":"https:\/\/kloepfel-consulting.com\/#\/schema\/logo\/image\/","url":"https:\/\/kloepfel-consulting.com\/wp-content\/uploads\/2025\/04\/logo.webp","contentUrl":"https:\/\/kloepfel-consulting.com\/wp-content\/uploads\/2025\/04\/logo.webp","width":616,"height":284,"caption":"KLOEPFEL by EPSA"},"image":{"@id":"https:\/\/kloepfel-consulting.com\/#\/schema\/logo\/image\/"},"sameAs":["https:\/\/www.facebook.com\/KloepfelGroup","https:\/\/www.linkedin.com\/company\/kloepfel-consulting-gmbh","https:\/\/www.instagram.com\/kloepfel_by_epsa\/"],"description":"Conseil d'achat pour l'approvisionnement, la logistique et la cha\u00eene d'approvisionnement","email":"info@kloepfel-consulting.com","telephone":"+4921194198433","legalName":"Kloepfel Consulting GmbH","foundingDate":"2007-02-01","vatID":"DE254132249","numberOfEmployees":{"@type":"QuantitativeValue","minValue":"51","maxValue":"200"}},{"@type":"Person","@id":"https:\/\/kloepfel-consulting.com\/#\/schema\/person\/2691163984d9670e417622b00a4c0f26","name":"Toujours le droit","image":{"@type":"ImageObject","inLanguage":"fr-FR","@id":"https:\/\/secure.gravatar.com\/avatar\/878f3ddb8fa2117ffa32d8a3152e4368517da61e3b89dd9bbfe39501477bf1f1?s=96&d=mm&r=g","url":"https:\/\/secure.gravatar.com\/avatar\/878f3ddb8fa2117ffa32d8a3152e4368517da61e3b89dd9bbfe39501477bf1f1?s=96&d=mm&r=g","contentUrl":"https:\/\/secure.gravatar.com\/avatar\/878f3ddb8fa2117ffa32d8a3152e4368517da61e3b89dd9bbfe39501477bf1f1?s=96&d=mm&r=g","caption":"semprediritto"},"sameAs":["https:\/\/kloepfel.sempre-diritto.de"]}]}},"_links":{"self":[{"href":"https:\/\/kloepfel-consulting.com\/fr\/wp-json\/wp\/v2\/posts\/12062","targetHints":{"allow":["GET"]}}],"collection":[{"href":"https:\/\/kloepfel-consulting.com\/fr\/wp-json\/wp\/v2\/posts"}],"about":[{"href":"https:\/\/kloepfel-consulting.com\/fr\/wp-json\/wp\/v2\/types\/post"}],"author":[{"embeddable":true,"href":"https:\/\/kloepfel-consulting.com\/fr\/wp-json\/wp\/v2\/users\/1"}],"replies":[{"embeddable":true,"href":"https:\/\/kloepfel-consulting.com\/fr\/wp-json\/wp\/v2\/comments?post=12062"}],"version-history":[{"count":2,"href":"https:\/\/kloepfel-consulting.com\/fr\/wp-json\/wp\/v2\/posts\/12062\/revisions"}],"predecessor-version":[{"id":14735,"href":"https:\/\/kloepfel-consulting.com\/fr\/wp-json\/wp\/v2\/posts\/12062\/revisions\/14735"}],"wp:featuredmedia":[{"embeddable":true,"href":"https:\/\/kloepfel-consulting.com\/fr\/wp-json\/wp\/v2\/media\/11045"}],"wp:attachment":[{"href":"https:\/\/kloepfel-consulting.com\/fr\/wp-json\/wp\/v2\/media?parent=12062"}],"wp:term":[{"taxonomy":"category","embeddable":true,"href":"https:\/\/kloepfel-consulting.com\/fr\/wp-json\/wp\/v2\/categories?post=12062"},{"taxonomy":"post_tag","embeddable":true,"href":"https:\/\/kloepfel-consulting.com\/fr\/wp-json\/wp\/v2\/tags?post=12062"},{"taxonomy":"referenzkategorie","embeddable":true,"href":"https:\/\/kloepfel-consulting.com\/fr\/wp-json\/wp\/v2\/referenzkategorie?post=12062"}],"curies":[{"name":"wp","href":"https:\/\/api.w.org\/{rel}","templated":true}]}}