{"id":12065,"date":"2025-05-16T09:25:16","date_gmt":"2025-05-16T07:25:16","guid":{"rendered":"https:\/\/kloepfel.sempre-diritto.de\/2025\/05\/16\/samsung-kauft-deutschen-lueftungshersteller\/"},"modified":"2025-08-27T11:25:16","modified_gmt":"2025-08-27T09:25:16","slug":"samsung-rachete-un-fabricant-allemand-de-systemes-de-ventilation","status":"publish","type":"post","link":"https:\/\/kloepfel-consulting.com\/fr\/supply-chain-news\/samsung-kauft-deutschen-lueftungshersteller-12065\/","title":{"rendered":"Samsung ach\u00e8te un fabricant allemand de ventilation"},"content":{"rendered":"<h2>Reprise de la soci\u00e9t\u00e9 traditionnelle Fl\u00e4ktGroup<\/h2>\n<p>Le groupe technologique connu notamment pour ses t\u00e9l\u00e9phones portables <a href=\"https:\/\/kloepfel-consulting.com\/fr\/actualites-de-la-chaine-dapprovisionnement\/unternehmen\/samsung-orgatec-2022-5443271\/\" target=\"_blank\">Samsung<\/a> ach\u00e8te Fl\u00e4ktGroup, une entreprise bas\u00e9e \u00e0 Herne, en Allemagne. <strong>Sp\u00e9cialistes de la ventilation<\/strong>.<\/p>\n<p>Les racines de Fl\u00e4ktGroup remontent \u00e0 1909. Selon ses propres dires, Fl\u00e4ktGroup est l'un des leaders du march\u00e9 des solutions d'air int\u00e9rieur \u00e0 haute efficacit\u00e9 \u00e9nerg\u00e9tique et des fonctions critiques de l'air.<\/p>\n<p>L'entreprise existe sous sa forme actuelle depuis 2016, suite \u00e0 la fusion du Fl\u00e4ktWoods Group et de DencoHappel GmbH. Depuis 2016 \u00e9galement, Fl\u00e4ktGroup est, selon son site web, la propri\u00e9t\u00e9 de la soci\u00e9t\u00e9 de participation Triton. <\/p>\n<p>Triton c\u00e8de maintenant Fl\u00e4ktGroup \u00e0 Samsung, comme l'a annonc\u00e9 la soci\u00e9t\u00e9 d'investissement dans un communiqu\u00e9 de presse le 14 mai. Un accord de cession de toutes les parts de Fl\u00e4ktGroup (d'une valeur de 1,5 milliard d'euros) \u00e0 Samsung Electronics Co, Ltd. a \u00e9t\u00e9 sign\u00e9. Cela correspond \u00e0 une valeur d'entreprise de 1,8 milliard d'euros.<\/p>\n<p>La transaction est soumise aux autorisations r\u00e9glementaires et aux conditions contractuelles habituelles et devrait \u00eatre finalis\u00e9e dans le courant de l'ann\u00e9e 2025.<\/p>","protected":false},"excerpt":{"rendered":"<p>\u00dcbernahme der traditionsreichen Fl\u00e4ktGroup Der besonders f\u00fcr seine Handys bekannte Technologiekonzern Samsung kauft die Fl\u00e4ktGroup, einen in Herne ans\u00e4ssigen L\u00fcftungsspezialisten. Die Wurzeln der Fl\u00e4ktGroup reichen bis ins das Jahr 1909 zur\u00fcck. Nach eigener Aussage ist die Fl\u00e4ktGroup einer der Marktf\u00fchrer f\u00fcr energieeffiziente Raumluftl\u00f6sungen und kritische Luftfunktionen. In seiner heutigen Form besteht das Unternehmen seit 2016 [&hellip;]<\/p>\n","protected":false},"author":1,"featured_media":11045,"comment_status":"open","ping_status":"open","sticky":false,"template":"","format":"standard","meta":{"_acf_changed":false,"footnotes":""},"categories":[88],"tags":[],"referenzkategorie":[],"class_list":["post-12065","post","type-post","status-publish","format-standard","has-post-thumbnail","hentry","category-supply-chain-news"],"acf":[],"yoast_head":"<!-- This site is optimized with the Yoast SEO Premium plugin v27.5 (Yoast SEO v27.5) - https:\/\/yoast.com\/product\/yoast-seo-premium-wordpress\/ -->\n<title>Samsung kauft deutschen L\u00fcftungshersteller<\/title>\n<meta name=\"description\" content=\"Der besonders f\u00fcr seine Handys bekannte Technologiekonzern Samsung kauft die Fl\u00e4ktGroup, einen in Herne ans\u00e4ssigen L\u00fcftungsspezialisten.\" \/>\n<meta name=\"robots\" content=\"index, follow, max-snippet:-1, max-image-preview:large, max-video-preview:-1\" \/>\n<link rel=\"canonical\" href=\"https:\/\/kloepfel-consulting.com\/fr\/actualites-de-la-chaine-dapprovisionnement\/samsung-rachete-un-fabricant-allemand-de-ventilation-12065\/\" \/>\n<meta property=\"og:locale\" content=\"fr_FR\" \/>\n<meta property=\"og:type\" content=\"article\" \/>\n<meta property=\"og:title\" content=\"Samsung kauft deutschen L\u00fcftungshersteller\" \/>\n<meta property=\"og:description\" content=\"Der besonders f\u00fcr seine Handys bekannte Technologiekonzern Samsung kauft die Fl\u00e4ktGroup, einen in Herne ans\u00e4ssigen L\u00fcftungsspezialisten.\" \/>\n<meta property=\"og:url\" content=\"https:\/\/kloepfel-consulting.com\/fr\/actualites-de-la-chaine-dapprovisionnement\/samsung-rachete-un-fabricant-allemand-de-ventilation-12065\/\" \/>\n<meta property=\"og:site_name\" content=\"KLOEPFEL by EPSA\" \/>\n<meta property=\"article:publisher\" content=\"https:\/\/www.facebook.com\/KloepfelGroup\" \/>\n<meta property=\"article:published_time\" content=\"2025-05-16T07:25:16+00:00\" \/>\n<meta property=\"article:modified_time\" content=\"2025-08-27T09:25:16+00:00\" \/>\n<meta property=\"og:image\" content=\"https:\/\/kloepfel-consulting.com\/wp-content\/uploads\/2025\/07\/kloepfelgroup.webp\" \/>\n\t<meta property=\"og:image:width\" content=\"2200\" \/>\n\t<meta property=\"og:image:height\" content=\"1608\" \/>\n\t<meta property=\"og:image:type\" content=\"image\/webp\" \/>\n<meta name=\"author\" content=\"semprediritto\" \/>\n<meta name=\"twitter:card\" content=\"summary_large_image\" \/>\n<meta name=\"twitter:title\" content=\"Samsung kauft Fl\u00e4ktGroup: Wichtige \u00dcbernahme\" \/>\n<meta name=\"twitter:description\" content=\"Erfahren Sie mehr \u00fcber die \u00dcbernahme von Fl\u00e4ktGroup durch Samsung!\" \/>\n<meta name=\"twitter:label1\" content=\"\u00c9crit par\" \/>\n\t<meta name=\"twitter:data1\" content=\"semprediritto\" \/>\n\t<meta name=\"twitter:label2\" content=\"Dur\u00e9e de lecture estim\u00e9e\" \/>\n\t<meta name=\"twitter:data2\" content=\"2 minutes\" \/>\n<script type=\"application\/ld+json\" class=\"yoast-schema-graph\">{\"@context\":\"https:\\\/\\\/schema.org\",\"@graph\":[{\"@type\":\"Article\",\"@id\":\"https:\\\/\\\/kloepfel-consulting.com\\\/supply-chain-news\\\/samsung-kauft-deutschen-lueftungshersteller-12065\\\/#article\",\"isPartOf\":{\"@id\":\"https:\\\/\\\/kloepfel-consulting.com\\\/supply-chain-news\\\/samsung-kauft-deutschen-lueftungshersteller-12065\\\/\"},\"author\":{\"name\":\"semprediritto\",\"@id\":\"https:\\\/\\\/kloepfel-consulting.com\\\/#\\\/schema\\\/person\\\/2691163984d9670e417622b00a4c0f26\"},\"headline\":\"Samsung kauft deutschen L\u00fcftungshersteller\",\"datePublished\":\"2025-05-16T07:25:16+00:00\",\"dateModified\":\"2025-08-27T09:25:16+00:00\",\"mainEntityOfPage\":{\"@id\":\"https:\\\/\\\/kloepfel-consulting.com\\\/supply-chain-news\\\/samsung-kauft-deutschen-lueftungshersteller-12065\\\/\"},\"wordCount\":167,\"commentCount\":0,\"publisher\":{\"@id\":\"https:\\\/\\\/kloepfel-consulting.com\\\/#organization\"},\"image\":{\"@id\":\"https:\\\/\\\/kloepfel-consulting.com\\\/supply-chain-news\\\/samsung-kauft-deutschen-lueftungshersteller-12065\\\/#primaryimage\"},\"thumbnailUrl\":\"https:\\\/\\\/kloepfel-consulting.com\\\/wp-content\\\/uploads\\\/2025\\\/08\\\/supply-chain-news-1200x630-1.webp\",\"articleSection\":[\"Supply Chain News\"],\"inLanguage\":\"fr-FR\",\"potentialAction\":[{\"@type\":\"CommentAction\",\"name\":\"Comment\",\"target\":[\"https:\\\/\\\/kloepfel-consulting.com\\\/supply-chain-news\\\/samsung-kauft-deutschen-lueftungshersteller-12065\\\/#respond\"]}],\"copyrightYear\":\"2025\",\"copyrightHolder\":{\"@id\":\"https:\\\/\\\/kloepfel-consulting.com\\\/fr\\\/#organization\"}},{\"@type\":\"WebPage\",\"@id\":\"https:\\\/\\\/kloepfel-consulting.com\\\/supply-chain-news\\\/samsung-kauft-deutschen-lueftungshersteller-12065\\\/\",\"url\":\"https:\\\/\\\/kloepfel-consulting.com\\\/supply-chain-news\\\/samsung-kauft-deutschen-lueftungshersteller-12065\\\/\",\"name\":\"Samsung kauft deutschen L\u00fcftungshersteller\",\"isPartOf\":{\"@id\":\"https:\\\/\\\/kloepfel-consulting.com\\\/#website\"},\"primaryImageOfPage\":{\"@id\":\"https:\\\/\\\/kloepfel-consulting.com\\\/supply-chain-news\\\/samsung-kauft-deutschen-lueftungshersteller-12065\\\/#primaryimage\"},\"image\":{\"@id\":\"https:\\\/\\\/kloepfel-consulting.com\\\/supply-chain-news\\\/samsung-kauft-deutschen-lueftungshersteller-12065\\\/#primaryimage\"},\"thumbnailUrl\":\"https:\\\/\\\/kloepfel-consulting.com\\\/wp-content\\\/uploads\\\/2025\\\/08\\\/supply-chain-news-1200x630-1.webp\",\"datePublished\":\"2025-05-16T07:25:16+00:00\",\"dateModified\":\"2025-08-27T09:25:16+00:00\",\"description\":\"Der besonders f\u00fcr seine Handys bekannte Technologiekonzern Samsung kauft die Fl\u00e4ktGroup, einen in Herne ans\u00e4ssigen L\u00fcftungsspezialisten.\",\"breadcrumb\":{\"@id\":\"https:\\\/\\\/kloepfel-consulting.com\\\/supply-chain-news\\\/samsung-kauft-deutschen-lueftungshersteller-12065\\\/#breadcrumb\"},\"inLanguage\":\"fr-FR\",\"potentialAction\":[{\"@type\":\"ReadAction\",\"target\":[\"https:\\\/\\\/kloepfel-consulting.com\\\/supply-chain-news\\\/samsung-kauft-deutschen-lueftungshersteller-12065\\\/\"]}]},{\"@type\":\"ImageObject\",\"inLanguage\":\"fr-FR\",\"@id\":\"https:\\\/\\\/kloepfel-consulting.com\\\/supply-chain-news\\\/samsung-kauft-deutschen-lueftungshersteller-12065\\\/#primaryimage\",\"url\":\"https:\\\/\\\/kloepfel-consulting.com\\\/wp-content\\\/uploads\\\/2025\\\/08\\\/supply-chain-news-1200x630-1.webp\",\"contentUrl\":\"https:\\\/\\\/kloepfel-consulting.com\\\/wp-content\\\/uploads\\\/2025\\\/08\\\/supply-chain-news-1200x630-1.webp\",\"width\":1200,\"height\":630,\"caption\":\"Grafik mit dem Titel 'Supply Chain News'.\"},{\"@type\":\"BreadcrumbList\",\"@id\":\"https:\\\/\\\/kloepfel-consulting.com\\\/supply-chain-news\\\/samsung-kauft-deutschen-lueftungshersteller-12065\\\/#breadcrumb\",\"itemListElement\":[{\"@type\":\"ListItem\",\"position\":1,\"name\":\"Startseite\",\"item\":\"https:\\\/\\\/kloepfel-consulting.com\\\/\"},{\"@type\":\"ListItem\",\"position\":2,\"name\":\"Logistikoptimierung\",\"item\":\"https:\\\/\\\/kloepfel-consulting.com\\\/zuordnung-landingpage\\\/logistikoptimierung\\\/\"},{\"@type\":\"ListItem\",\"position\":3,\"name\":\"Samsung kauft deutschen L\u00fcftungshersteller\"}]},{\"@type\":\"WebSite\",\"@id\":\"https:\\\/\\\/kloepfel-consulting.com\\\/#website\",\"url\":\"https:\\\/\\\/kloepfel-consulting.com\\\/\",\"name\":\"KLOEPFEL by EPSA\",\"description\":\"\",\"publisher\":{\"@id\":\"https:\\\/\\\/kloepfel-consulting.com\\\/#organization\"},\"alternateName\":\"KLOEPFELbyEPSA\",\"potentialAction\":[{\"@type\":\"SearchAction\",\"target\":{\"@type\":\"EntryPoint\",\"urlTemplate\":\"https:\\\/\\\/kloepfel-consulting.com\\\/?s={search_term_string}\"},\"query-input\":{\"@type\":\"PropertyValueSpecification\",\"valueRequired\":true,\"valueName\":\"search_term_string\"}}],\"inLanguage\":\"fr-FR\"},{\"@type\":\"Organization\",\"@id\":\"https:\\\/\\\/kloepfel-consulting.com\\\/#organization\",\"name\":\"KLOEPFEL by EPSA\",\"alternateName\":\"KLOEPFELbyEPSA\",\"url\":\"https:\\\/\\\/kloepfel-consulting.com\\\/\",\"logo\":{\"@type\":\"ImageObject\",\"inLanguage\":\"fr-FR\",\"@id\":\"https:\\\/\\\/kloepfel-consulting.com\\\/#\\\/schema\\\/logo\\\/image\\\/\",\"url\":\"https:\\\/\\\/kloepfel-consulting.com\\\/wp-content\\\/uploads\\\/2025\\\/04\\\/logo.webp\",\"contentUrl\":\"https:\\\/\\\/kloepfel-consulting.com\\\/wp-content\\\/uploads\\\/2025\\\/04\\\/logo.webp\",\"width\":616,\"height\":284,\"caption\":\"KLOEPFEL by EPSA\"},\"image\":{\"@id\":\"https:\\\/\\\/kloepfel-consulting.com\\\/#\\\/schema\\\/logo\\\/image\\\/\"},\"sameAs\":[\"https:\\\/\\\/www.facebook.com\\\/KloepfelGroup\",\"https:\\\/\\\/www.linkedin.com\\\/company\\\/kloepfel-consulting-gmbh\",\"https:\\\/\\\/www.instagram.com\\\/kloepfel_by_epsa\\\/\"],\"description\":\"Einkaufsberatung f\u00fcr Einkauf, Logistik und Supply Chain\",\"email\":\"info@kloepfel-consulting.com\",\"telephone\":\"+4921194198433\",\"legalName\":\"Kloepfel Consulting GmbH\",\"foundingDate\":\"2007-02-01\",\"vatID\":\"DE254132249\",\"numberOfEmployees\":{\"@type\":\"QuantitativeValue\",\"minValue\":\"51\",\"maxValue\":\"200\"}},{\"@type\":\"Person\",\"@id\":\"https:\\\/\\\/kloepfel-consulting.com\\\/#\\\/schema\\\/person\\\/2691163984d9670e417622b00a4c0f26\",\"name\":\"semprediritto\",\"image\":{\"@type\":\"ImageObject\",\"inLanguage\":\"fr-FR\",\"@id\":\"https:\\\/\\\/secure.gravatar.com\\\/avatar\\\/878f3ddb8fa2117ffa32d8a3152e4368517da61e3b89dd9bbfe39501477bf1f1?s=96&d=mm&r=g\",\"url\":\"https:\\\/\\\/secure.gravatar.com\\\/avatar\\\/878f3ddb8fa2117ffa32d8a3152e4368517da61e3b89dd9bbfe39501477bf1f1?s=96&d=mm&r=g\",\"contentUrl\":\"https:\\\/\\\/secure.gravatar.com\\\/avatar\\\/878f3ddb8fa2117ffa32d8a3152e4368517da61e3b89dd9bbfe39501477bf1f1?s=96&d=mm&r=g\",\"caption\":\"semprediritto\"},\"sameAs\":[\"https:\\\/\\\/kloepfel.sempre-diritto.de\"]}]}<\/script>\n<!-- \/ Yoast SEO Premium plugin. -->","yoast_head_json":{"title":"Samsung ach\u00e8te un fabricant allemand de ventilation","description":"Le groupe technologique Samsung, particuli\u00e8rement connu pour ses t\u00e9l\u00e9phones portables, rach\u00e8te Fl\u00e4ktGroup, un sp\u00e9cialiste de la ventilation bas\u00e9 \u00e0 Herne.","robots":{"index":"index","follow":"follow","max-snippet":"max-snippet:-1","max-image-preview":"max-image-preview:large","max-video-preview":"max-video-preview:-1"},"canonical":"https:\/\/kloepfel-consulting.com\/fr\/actualites-de-la-chaine-dapprovisionnement\/samsung-rachete-un-fabricant-allemand-de-ventilation-12065\/","og_locale":"fr_FR","og_type":"article","og_title":"Samsung kauft deutschen L\u00fcftungshersteller","og_description":"Der besonders f\u00fcr seine Handys bekannte Technologiekonzern Samsung kauft die Fl\u00e4ktGroup, einen in Herne ans\u00e4ssigen L\u00fcftungsspezialisten.","og_url":"https:\/\/kloepfel-consulting.com\/fr\/actualites-de-la-chaine-dapprovisionnement\/samsung-rachete-un-fabricant-allemand-de-ventilation-12065\/","og_site_name":"KLOEPFEL by EPSA","article_publisher":"https:\/\/www.facebook.com\/KloepfelGroup","article_published_time":"2025-05-16T07:25:16+00:00","article_modified_time":"2025-08-27T09:25:16+00:00","og_image":[{"width":2200,"height":1608,"url":"https:\/\/kloepfel-consulting.com\/wp-content\/uploads\/2025\/07\/kloepfelgroup.webp","type":"image\/webp"}],"author":"semprediritto","twitter_card":"summary_large_image","twitter_title":"Samsung kauft Fl\u00e4ktGroup: Wichtige \u00dcbernahme","twitter_description":"Erfahren Sie mehr \u00fcber die \u00dcbernahme von Fl\u00e4ktGroup durch Samsung!","twitter_misc":{"\u00c9crit par":"semprediritto","Dur\u00e9e de lecture estim\u00e9e":"2 minutes"},"schema":{"@context":"https:\/\/schema.org","@graph":[{"@type":"Article","@id":"https:\/\/kloepfel-consulting.com\/supply-chain-news\/samsung-kauft-deutschen-lueftungshersteller-12065\/#article","isPartOf":{"@id":"https:\/\/kloepfel-consulting.com\/supply-chain-news\/samsung-kauft-deutschen-lueftungshersteller-12065\/"},"author":{"name":"semprediritto","@id":"https:\/\/kloepfel-consulting.com\/#\/schema\/person\/2691163984d9670e417622b00a4c0f26"},"headline":"Samsung kauft deutschen L\u00fcftungshersteller","datePublished":"2025-05-16T07:25:16+00:00","dateModified":"2025-08-27T09:25:16+00:00","mainEntityOfPage":{"@id":"https:\/\/kloepfel-consulting.com\/supply-chain-news\/samsung-kauft-deutschen-lueftungshersteller-12065\/"},"wordCount":167,"commentCount":0,"publisher":{"@id":"https:\/\/kloepfel-consulting.com\/#organization"},"image":{"@id":"https:\/\/kloepfel-consulting.com\/supply-chain-news\/samsung-kauft-deutschen-lueftungshersteller-12065\/#primaryimage"},"thumbnailUrl":"https:\/\/kloepfel-consulting.com\/wp-content\/uploads\/2025\/08\/supply-chain-news-1200x630-1.webp","articleSection":["Supply Chain News"],"inLanguage":"fr-FR","potentialAction":[{"@type":"CommentAction","name":"Comment","target":["https:\/\/kloepfel-consulting.com\/supply-chain-news\/samsung-kauft-deutschen-lueftungshersteller-12065\/#respond"]}],"copyrightYear":"2025","copyrightHolder":{"@id":"https:\/\/kloepfel-consulting.com\/fr\/#organization"}},{"@type":"WebPage","@id":"https:\/\/kloepfel-consulting.com\/supply-chain-news\/samsung-kauft-deutschen-lueftungshersteller-12065\/","url":"https:\/\/kloepfel-consulting.com\/supply-chain-news\/samsung-kauft-deutschen-lueftungshersteller-12065\/","name":"Samsung ach\u00e8te un fabricant allemand de ventilation","isPartOf":{"@id":"https:\/\/kloepfel-consulting.com\/#website"},"primaryImageOfPage":{"@id":"https:\/\/kloepfel-consulting.com\/supply-chain-news\/samsung-kauft-deutschen-lueftungshersteller-12065\/#primaryimage"},"image":{"@id":"https:\/\/kloepfel-consulting.com\/supply-chain-news\/samsung-kauft-deutschen-lueftungshersteller-12065\/#primaryimage"},"thumbnailUrl":"https:\/\/kloepfel-consulting.com\/wp-content\/uploads\/2025\/08\/supply-chain-news-1200x630-1.webp","datePublished":"2025-05-16T07:25:16+00:00","dateModified":"2025-08-27T09:25:16+00:00","description":"Le groupe technologique Samsung, particuli\u00e8rement connu pour ses t\u00e9l\u00e9phones portables, rach\u00e8te Fl\u00e4ktGroup, un sp\u00e9cialiste de la ventilation bas\u00e9 \u00e0 Herne.","breadcrumb":{"@id":"https:\/\/kloepfel-consulting.com\/supply-chain-news\/samsung-kauft-deutschen-lueftungshersteller-12065\/#breadcrumb"},"inLanguage":"fr-FR","potentialAction":[{"@type":"ReadAction","target":["https:\/\/kloepfel-consulting.com\/supply-chain-news\/samsung-kauft-deutschen-lueftungshersteller-12065\/"]}]},{"@type":"ImageObject","inLanguage":"fr-FR","@id":"https:\/\/kloepfel-consulting.com\/supply-chain-news\/samsung-kauft-deutschen-lueftungshersteller-12065\/#primaryimage","url":"https:\/\/kloepfel-consulting.com\/wp-content\/uploads\/2025\/08\/supply-chain-news-1200x630-1.webp","contentUrl":"https:\/\/kloepfel-consulting.com\/wp-content\/uploads\/2025\/08\/supply-chain-news-1200x630-1.webp","width":1200,"height":630,"caption":"Grafik mit dem Titel 'Supply Chain News'."},{"@type":"BreadcrumbList","@id":"https:\/\/kloepfel-consulting.com\/supply-chain-news\/samsung-kauft-deutschen-lueftungshersteller-12065\/#breadcrumb","itemListElement":[{"@type":"ListItem","position":1,"name":"Startseite","item":"https:\/\/kloepfel-consulting.com\/"},{"@type":"ListItem","position":2,"name":"Logistikoptimierung","item":"https:\/\/kloepfel-consulting.com\/zuordnung-landingpage\/logistikoptimierung\/"},{"@type":"ListItem","position":3,"name":"Samsung kauft deutschen L\u00fcftungshersteller"}]},{"@type":"WebSite","@id":"https:\/\/kloepfel-consulting.com\/#website","url":"https:\/\/kloepfel-consulting.com\/","name":"KLOEPFEL by EPSA","description":"","publisher":{"@id":"https:\/\/kloepfel-consulting.com\/#organization"},"alternateName":"KLOEPFELbyEPSA","potentialAction":[{"@type":"SearchAction","target":{"@type":"EntryPoint","urlTemplate":"https:\/\/kloepfel-consulting.com\/?s={search_term_string}"},"query-input":{"@type":"PropertyValueSpecification","valueRequired":true,"valueName":"search_term_string"}}],"inLanguage":"fr-FR"},{"@type":"Organization","@id":"https:\/\/kloepfel-consulting.com\/#organization","name":"KLOEPFEL by EPSA","alternateName":"KLOEPFELbyEPSA","url":"https:\/\/kloepfel-consulting.com\/","logo":{"@type":"ImageObject","inLanguage":"fr-FR","@id":"https:\/\/kloepfel-consulting.com\/#\/schema\/logo\/image\/","url":"https:\/\/kloepfel-consulting.com\/wp-content\/uploads\/2025\/04\/logo.webp","contentUrl":"https:\/\/kloepfel-consulting.com\/wp-content\/uploads\/2025\/04\/logo.webp","width":616,"height":284,"caption":"KLOEPFEL by EPSA"},"image":{"@id":"https:\/\/kloepfel-consulting.com\/#\/schema\/logo\/image\/"},"sameAs":["https:\/\/www.facebook.com\/KloepfelGroup","https:\/\/www.linkedin.com\/company\/kloepfel-consulting-gmbh","https:\/\/www.instagram.com\/kloepfel_by_epsa\/"],"description":"Conseil d'achat pour l'approvisionnement, la logistique et la cha\u00eene d'approvisionnement","email":"info@kloepfel-consulting.com","telephone":"+4921194198433","legalName":"Kloepfel Consulting GmbH","foundingDate":"2007-02-01","vatID":"DE254132249","numberOfEmployees":{"@type":"QuantitativeValue","minValue":"51","maxValue":"200"}},{"@type":"Person","@id":"https:\/\/kloepfel-consulting.com\/#\/schema\/person\/2691163984d9670e417622b00a4c0f26","name":"Toujours le droit","image":{"@type":"ImageObject","inLanguage":"fr-FR","@id":"https:\/\/secure.gravatar.com\/avatar\/878f3ddb8fa2117ffa32d8a3152e4368517da61e3b89dd9bbfe39501477bf1f1?s=96&d=mm&r=g","url":"https:\/\/secure.gravatar.com\/avatar\/878f3ddb8fa2117ffa32d8a3152e4368517da61e3b89dd9bbfe39501477bf1f1?s=96&d=mm&r=g","contentUrl":"https:\/\/secure.gravatar.com\/avatar\/878f3ddb8fa2117ffa32d8a3152e4368517da61e3b89dd9bbfe39501477bf1f1?s=96&d=mm&r=g","caption":"semprediritto"},"sameAs":["https:\/\/kloepfel.sempre-diritto.de"]}]}},"_links":{"self":[{"href":"https:\/\/kloepfel-consulting.com\/fr\/wp-json\/wp\/v2\/posts\/12065","targetHints":{"allow":["GET"]}}],"collection":[{"href":"https:\/\/kloepfel-consulting.com\/fr\/wp-json\/wp\/v2\/posts"}],"about":[{"href":"https:\/\/kloepfel-consulting.com\/fr\/wp-json\/wp\/v2\/types\/post"}],"author":[{"embeddable":true,"href":"https:\/\/kloepfel-consulting.com\/fr\/wp-json\/wp\/v2\/users\/1"}],"replies":[{"embeddable":true,"href":"https:\/\/kloepfel-consulting.com\/fr\/wp-json\/wp\/v2\/comments?post=12065"}],"version-history":[{"count":2,"href":"https:\/\/kloepfel-consulting.com\/fr\/wp-json\/wp\/v2\/posts\/12065\/revisions"}],"predecessor-version":[{"id":14738,"href":"https:\/\/kloepfel-consulting.com\/fr\/wp-json\/wp\/v2\/posts\/12065\/revisions\/14738"}],"wp:featuredmedia":[{"embeddable":true,"href":"https:\/\/kloepfel-consulting.com\/fr\/wp-json\/wp\/v2\/media\/11045"}],"wp:attachment":[{"href":"https:\/\/kloepfel-consulting.com\/fr\/wp-json\/wp\/v2\/media?parent=12065"}],"wp:term":[{"taxonomy":"category","embeddable":true,"href":"https:\/\/kloepfel-consulting.com\/fr\/wp-json\/wp\/v2\/categories?post=12065"},{"taxonomy":"post_tag","embeddable":true,"href":"https:\/\/kloepfel-consulting.com\/fr\/wp-json\/wp\/v2\/tags?post=12065"},{"taxonomy":"referenzkategorie","embeddable":true,"href":"https:\/\/kloepfel-consulting.com\/fr\/wp-json\/wp\/v2\/referenzkategorie?post=12065"}],"curies":[{"name":"wp","href":"https:\/\/api.w.org\/{rel}","templated":true}]}}