{"id":12081,"date":"2025-05-27T09:25:17","date_gmt":"2025-05-27T07:25:17","guid":{"rendered":"https:\/\/kloepfel.sempre-diritto.de\/2025\/05\/27\/thyssenkrupp-strategische-neuaufstellung\/"},"modified":"2025-08-27T11:25:17","modified_gmt":"2025-08-27T09:25:17","slug":"reorganisation-strategique-de-thyssenkrupp","status":"publish","type":"post","link":"https:\/\/kloepfel-consulting.com\/fr\/supply-chain-news\/thyssenkrupp-strategische-neuaufstellung-12081\/","title":{"rendered":"Thyssenkrupp : r\u00e9organisation strat\u00e9gique"},"content":{"rendered":"<h2>Menace de d\u00e9mant\u00e8lement ?<\/h2>\n<p>Lundi apr\u00e8s-midi, le comit\u00e9 d'organisation <a href=\"https:\/\/kloepfel-consulting.com\/fr\/actualites-de-la-chaine-dapprovisionnement\/chaine-dapprovisionnement\/produktionshalle-thyssenkrupp-automotive-systems-9112365\/\" target=\"_blank\">Thyssenkrupp<\/a> \u00e9e sur les plans de s<strong>repositionnement strat\u00e9gique<\/strong> du groupe. Parall\u00e8lement, des rumeurs de d\u00e9mant\u00e8lement se sont d\u00e9velopp\u00e9es dans les milieux \u00e9conomiques et les m\u00e9dias. <\/p>\n<p>Selon le communiqu\u00e9 de presse de cette entreprise industrielle riche en traditions, le directoire de Thyssenkrupp AG se voit nettement avanc\u00e9 dans le d\u00e9veloppement d'un concept d'objectifs strat\u00e9giques pour l'orientation future de l'ensemble du groupe. Avant la fin de l'ann\u00e9e, le directoire a l'intention de pr\u00e9senter ses intentions au conseil de surveillance.<\/p>\n<p>Selon le communiqu\u00e9 de presse, les r\u00e9flexions du conseil d'administration comprennent notamment l'autonomisation progressive de tous les secteurs d'activit\u00e9 de Thyssenkrupp et leur ouverture \u00e0 la participation de tiers. Ainsi, par exemple, la s\u00e9paration d'une part minoritaire de <a href=\"https:\/\/kloepfel-consulting.com\/fr\/actualites-de-la-chaine-dapprovisionnement\/unternehmen\/thyssenkrupp-marine-system-u-boot-auftrag-singapur-10950825\/\" target=\"_blank\">Thyssenkrupp Marine Systems<\/a> a \u00e9t\u00e9 initi\u00e9e.<\/p>\n<h3>Autonomie pr\u00e9vue d'Automotive Technology<\/h3>\n<p>Dans les ann\u00e9es \u00e0 venir, l'objectif est notamment de rendre les segments Material Services et Automotive Technology \u00e9ligibles au march\u00e9 des capitaux. En temps voulu, ces segments deviendront autonomes. <\/p>\n<p>Il est \u00e9galement pr\u00e9vu que le segment Decarbon Technologies devienne ind\u00e9pendant. Ce secteur de Thyssenkrupp est encore relativement jeune. Selon le communiqu\u00e9 de presse, les march\u00e9s des technologies vertes doivent d'abord se d\u00e9velopper avant que ce segment ne devienne ind\u00e9pendant.<\/p>\n<h3>Augmentation du potentiel de cr\u00e9ation de valeur<\/h3>\n<p>Selon le communiqu\u00e9 de presse, il est pr\u00e9vu de faire de Thyssenkrupp AG une soci\u00e9t\u00e9 de gestion strat\u00e9gique du groupe avec des entreprises autonomes.<\/p>\n<p>Miguel L\u00f3pez, pr\u00e9sident du directoire de thyssenkrupp AG, explique : \u201eAvec la r\u00e9organisation strat\u00e9gique de thyssenkrupp, nous poursuivons r\u00e9solument la voie que nous avons choisie. L'autonomie future de nos segments actuels - avec l'avantage d'un acc\u00e8s propre au march\u00e9 des capitaux et la possibilit\u00e9 de participation de tiers - augmentera leur flexibilit\u00e9 entrepreneuriale, renforcera leurs projets d'investissement ainsi que leur responsabilit\u00e9 en mati\u00e8re de r\u00e9sultats et am\u00e9liorera la transparence pour les investisseurs\u201c.\u201c <\/p>\n<p>Une telle d\u00e9marche permettrait d'exploiter pleinement le potentiel de cr\u00e9ation de valeur des activit\u00e9s et d'utiliser leur autonomie de mani\u00e8re cibl\u00e9e pour des investissements, des opportunit\u00e9s de march\u00e9 et une croissance suppl\u00e9mentaire.<\/p>","protected":false},"excerpt":{"rendered":"<p>Droht die Zerschlagung? Am Montagnachmittag informierte Thyssenkrupp \u00fcber Pl\u00e4ne zur strategischen Neuaufstellung des Konzerns. Gleichzeitig entwickelten sich in der Wirtschaft und in den Medien Zerschlagungsger\u00fcchte. Laut der Pressemitteilung des traditionsreichen Industrieunternehmens sieht sich der Vorstand der Thyssenkrupp AG bei der Entwicklung eines strategischen Zielkonzepts f\u00fcr die zuk\u00fcnftige Ausrichtung des Gesamtkonzerns deutlich fortgeschritten. Noch in diesem [&hellip;]<\/p>\n","protected":false},"author":1,"featured_media":12082,"comment_status":"open","ping_status":"open","sticky":false,"template":"","format":"standard","meta":{"_acf_changed":false,"footnotes":""},"categories":[88],"tags":[],"referenzkategorie":[],"class_list":["post-12081","post","type-post","status-publish","format-standard","has-post-thumbnail","hentry","category-supply-chain-news"],"acf":[],"yoast_head":"<!-- This site is optimized with the Yoast SEO Premium plugin v27.5 (Yoast SEO v27.5) - https:\/\/yoast.com\/product\/yoast-seo-premium-wordpress\/ -->\n<title>Thyssenkrupp: Strategische Neuaufstellung<\/title>\n<meta name=\"description\" content=\"Am Montagnachmittag informierte Thyssenkrupp \u00fcber Pl\u00e4ne zur strategischen Neuaufstellung des Konzerns. Gleichzeitig entwickelten sich in der\" \/>\n<meta name=\"robots\" content=\"index, follow, max-snippet:-1, max-image-preview:large, max-video-preview:-1\" \/>\n<link rel=\"canonical\" href=\"https:\/\/kloepfel-consulting.com\/fr\/actualites-de-la-chaine-dapprovisionnement\/thyssenkrupp-repositionnement-strategique-12081\/\" \/>\n<meta property=\"og:locale\" content=\"fr_FR\" \/>\n<meta property=\"og:type\" content=\"article\" \/>\n<meta property=\"og:title\" content=\"Thyssenkrupp: Strategische Neuaufstellung\" \/>\n<meta property=\"og:description\" content=\"Am Montagnachmittag informierte Thyssenkrupp \u00fcber Pl\u00e4ne zur strategischen Neuaufstellung des Konzerns. Gleichzeitig entwickelten sich in der Wirtschaft und in den Medien Zerschlagungsger\u00fcchte.\" \/>\n<meta property=\"og:url\" content=\"https:\/\/kloepfel-consulting.com\/fr\/actualites-de-la-chaine-dapprovisionnement\/thyssenkrupp-repositionnement-strategique-12081\/\" \/>\n<meta property=\"og:site_name\" content=\"KLOEPFEL by EPSA\" \/>\n<meta property=\"article:publisher\" content=\"https:\/\/www.facebook.com\/KloepfelGroup\" \/>\n<meta property=\"article:published_time\" content=\"2025-05-27T07:25:17+00:00\" \/>\n<meta property=\"article:modified_time\" content=\"2025-08-27T09:25:17+00:00\" \/>\n<meta property=\"og:image\" content=\"https:\/\/kloepfel-consulting.com\/wp-content\/uploads\/2025\/07\/kloepfelgroup.webp\" \/>\n\t<meta property=\"og:image:width\" content=\"2200\" \/>\n\t<meta property=\"og:image:height\" content=\"1608\" \/>\n\t<meta property=\"og:image:type\" content=\"image\/webp\" \/>\n<meta name=\"author\" content=\"semprediritto\" \/>\n<meta name=\"twitter:card\" content=\"summary_large_image\" \/>\n<meta name=\"twitter:title\" content=\"Thyssenkrupp: Strategische Neuaufstellung im Fokus\" \/>\n<meta name=\"twitter:description\" content=\"Erfahren Sie mehr \u00fcber die Neuaufstellung von Thyssenkrupp und die aktuellen Entwicklungen!\" \/>\n<meta name=\"twitter:label1\" content=\"\u00c9crit par\" \/>\n\t<meta name=\"twitter:data1\" content=\"semprediritto\" \/>\n\t<meta name=\"twitter:label2\" content=\"Dur\u00e9e de lecture estim\u00e9e\" \/>\n\t<meta name=\"twitter:data2\" content=\"2 minutes\" \/>\n<script type=\"application\/ld+json\" class=\"yoast-schema-graph\">{\"@context\":\"https:\\\/\\\/schema.org\",\"@graph\":[{\"@type\":\"Article\",\"@id\":\"https:\\\/\\\/kloepfel-consulting.com\\\/supply-chain-news\\\/thyssenkrupp-strategische-neuaufstellung-12081\\\/#article\",\"isPartOf\":{\"@id\":\"https:\\\/\\\/kloepfel-consulting.com\\\/supply-chain-news\\\/thyssenkrupp-strategische-neuaufstellung-12081\\\/\"},\"author\":{\"name\":\"semprediritto\",\"@id\":\"https:\\\/\\\/kloepfel-consulting.com\\\/#\\\/schema\\\/person\\\/2691163984d9670e417622b00a4c0f26\"},\"headline\":\"Thyssenkrupp: Strategische Neuaufstellung\",\"datePublished\":\"2025-05-27T07:25:17+00:00\",\"dateModified\":\"2025-08-27T09:25:17+00:00\",\"mainEntityOfPage\":{\"@id\":\"https:\\\/\\\/kloepfel-consulting.com\\\/supply-chain-news\\\/thyssenkrupp-strategische-neuaufstellung-12081\\\/\"},\"wordCount\":309,\"commentCount\":0,\"publisher\":{\"@id\":\"https:\\\/\\\/kloepfel-consulting.com\\\/#organization\"},\"image\":{\"@id\":\"https:\\\/\\\/kloepfel-consulting.com\\\/supply-chain-news\\\/thyssenkrupp-strategische-neuaufstellung-12081\\\/#primaryimage\"},\"thumbnailUrl\":\"https:\\\/\\\/kloepfel-consulting.com\\\/wp-content\\\/uploads\\\/2025\\\/08\\\/Thyssenkrupp.jpg\",\"articleSection\":[\"Supply Chain News\"],\"inLanguage\":\"fr-FR\",\"potentialAction\":[{\"@type\":\"CommentAction\",\"name\":\"Comment\",\"target\":[\"https:\\\/\\\/kloepfel-consulting.com\\\/supply-chain-news\\\/thyssenkrupp-strategische-neuaufstellung-12081\\\/#respond\"]}],\"copyrightYear\":\"2025\",\"copyrightHolder\":{\"@id\":\"https:\\\/\\\/kloepfel-consulting.com\\\/fr\\\/#organization\"}},{\"@type\":\"WebPage\",\"@id\":\"https:\\\/\\\/kloepfel-consulting.com\\\/supply-chain-news\\\/thyssenkrupp-strategische-neuaufstellung-12081\\\/\",\"url\":\"https:\\\/\\\/kloepfel-consulting.com\\\/supply-chain-news\\\/thyssenkrupp-strategische-neuaufstellung-12081\\\/\",\"name\":\"Thyssenkrupp: Strategische Neuaufstellung\",\"isPartOf\":{\"@id\":\"https:\\\/\\\/kloepfel-consulting.com\\\/#website\"},\"primaryImageOfPage\":{\"@id\":\"https:\\\/\\\/kloepfel-consulting.com\\\/supply-chain-news\\\/thyssenkrupp-strategische-neuaufstellung-12081\\\/#primaryimage\"},\"image\":{\"@id\":\"https:\\\/\\\/kloepfel-consulting.com\\\/supply-chain-news\\\/thyssenkrupp-strategische-neuaufstellung-12081\\\/#primaryimage\"},\"thumbnailUrl\":\"https:\\\/\\\/kloepfel-consulting.com\\\/wp-content\\\/uploads\\\/2025\\\/08\\\/Thyssenkrupp.jpg\",\"datePublished\":\"2025-05-27T07:25:17+00:00\",\"dateModified\":\"2025-08-27T09:25:17+00:00\",\"description\":\"Am Montagnachmittag informierte Thyssenkrupp \u00fcber Pl\u00e4ne zur strategischen Neuaufstellung des Konzerns. Gleichzeitig entwickelten sich in der\",\"breadcrumb\":{\"@id\":\"https:\\\/\\\/kloepfel-consulting.com\\\/supply-chain-news\\\/thyssenkrupp-strategische-neuaufstellung-12081\\\/#breadcrumb\"},\"inLanguage\":\"fr-FR\",\"potentialAction\":[{\"@type\":\"ReadAction\",\"target\":[\"https:\\\/\\\/kloepfel-consulting.com\\\/supply-chain-news\\\/thyssenkrupp-strategische-neuaufstellung-12081\\\/\"]}]},{\"@type\":\"ImageObject\",\"inLanguage\":\"fr-FR\",\"@id\":\"https:\\\/\\\/kloepfel-consulting.com\\\/supply-chain-news\\\/thyssenkrupp-strategische-neuaufstellung-12081\\\/#primaryimage\",\"url\":\"https:\\\/\\\/kloepfel-consulting.com\\\/wp-content\\\/uploads\\\/2025\\\/08\\\/Thyssenkrupp.jpg\",\"contentUrl\":\"https:\\\/\\\/kloepfel-consulting.com\\\/wp-content\\\/uploads\\\/2025\\\/08\\\/Thyssenkrupp.jpg\",\"width\":450,\"height\":300,\"caption\":\"B\u00fcrogeb\u00e4ude von Thyssenkrupp mit innovativem Design.\"},{\"@type\":\"BreadcrumbList\",\"@id\":\"https:\\\/\\\/kloepfel-consulting.com\\\/supply-chain-news\\\/thyssenkrupp-strategische-neuaufstellung-12081\\\/#breadcrumb\",\"itemListElement\":[{\"@type\":\"ListItem\",\"position\":1,\"name\":\"Startseite\",\"item\":\"https:\\\/\\\/kloepfel-consulting.com\\\/\"},{\"@type\":\"ListItem\",\"position\":2,\"name\":\"Logistikoptimierung\",\"item\":\"https:\\\/\\\/kloepfel-consulting.com\\\/zuordnung-landingpage\\\/logistikoptimierung\\\/\"},{\"@type\":\"ListItem\",\"position\":3,\"name\":\"Thyssenkrupp: Strategische Neuaufstellung\"}]},{\"@type\":\"WebSite\",\"@id\":\"https:\\\/\\\/kloepfel-consulting.com\\\/#website\",\"url\":\"https:\\\/\\\/kloepfel-consulting.com\\\/\",\"name\":\"KLOEPFEL by EPSA\",\"description\":\"\",\"publisher\":{\"@id\":\"https:\\\/\\\/kloepfel-consulting.com\\\/#organization\"},\"alternateName\":\"KLOEPFELbyEPSA\",\"potentialAction\":[{\"@type\":\"SearchAction\",\"target\":{\"@type\":\"EntryPoint\",\"urlTemplate\":\"https:\\\/\\\/kloepfel-consulting.com\\\/?s={search_term_string}\"},\"query-input\":{\"@type\":\"PropertyValueSpecification\",\"valueRequired\":true,\"valueName\":\"search_term_string\"}}],\"inLanguage\":\"fr-FR\"},{\"@type\":\"Organization\",\"@id\":\"https:\\\/\\\/kloepfel-consulting.com\\\/#organization\",\"name\":\"KLOEPFEL by EPSA\",\"alternateName\":\"KLOEPFELbyEPSA\",\"url\":\"https:\\\/\\\/kloepfel-consulting.com\\\/\",\"logo\":{\"@type\":\"ImageObject\",\"inLanguage\":\"fr-FR\",\"@id\":\"https:\\\/\\\/kloepfel-consulting.com\\\/#\\\/schema\\\/logo\\\/image\\\/\",\"url\":\"https:\\\/\\\/kloepfel-consulting.com\\\/wp-content\\\/uploads\\\/2025\\\/04\\\/logo.webp\",\"contentUrl\":\"https:\\\/\\\/kloepfel-consulting.com\\\/wp-content\\\/uploads\\\/2025\\\/04\\\/logo.webp\",\"width\":616,\"height\":284,\"caption\":\"KLOEPFEL by EPSA\"},\"image\":{\"@id\":\"https:\\\/\\\/kloepfel-consulting.com\\\/#\\\/schema\\\/logo\\\/image\\\/\"},\"sameAs\":[\"https:\\\/\\\/www.facebook.com\\\/KloepfelGroup\",\"https:\\\/\\\/www.linkedin.com\\\/company\\\/kloepfel-consulting-gmbh\",\"https:\\\/\\\/www.instagram.com\\\/kloepfel_by_epsa\\\/\"],\"description\":\"Einkaufsberatung f\u00fcr Einkauf, Logistik und Supply Chain\",\"email\":\"info@kloepfel-consulting.com\",\"telephone\":\"+4921194198433\",\"legalName\":\"Kloepfel Consulting GmbH\",\"foundingDate\":\"2007-02-01\",\"vatID\":\"DE254132249\",\"numberOfEmployees\":{\"@type\":\"QuantitativeValue\",\"minValue\":\"51\",\"maxValue\":\"200\"}},{\"@type\":\"Person\",\"@id\":\"https:\\\/\\\/kloepfel-consulting.com\\\/#\\\/schema\\\/person\\\/2691163984d9670e417622b00a4c0f26\",\"name\":\"semprediritto\",\"image\":{\"@type\":\"ImageObject\",\"inLanguage\":\"fr-FR\",\"@id\":\"https:\\\/\\\/secure.gravatar.com\\\/avatar\\\/878f3ddb8fa2117ffa32d8a3152e4368517da61e3b89dd9bbfe39501477bf1f1?s=96&d=mm&r=g\",\"url\":\"https:\\\/\\\/secure.gravatar.com\\\/avatar\\\/878f3ddb8fa2117ffa32d8a3152e4368517da61e3b89dd9bbfe39501477bf1f1?s=96&d=mm&r=g\",\"contentUrl\":\"https:\\\/\\\/secure.gravatar.com\\\/avatar\\\/878f3ddb8fa2117ffa32d8a3152e4368517da61e3b89dd9bbfe39501477bf1f1?s=96&d=mm&r=g\",\"caption\":\"semprediritto\"},\"sameAs\":[\"https:\\\/\\\/kloepfel.sempre-diritto.de\"]}]}<\/script>\n<!-- \/ Yoast SEO Premium plugin. -->","yoast_head_json":{"title":"Thyssenkrupp : r\u00e9organisation strat\u00e9gique","description":"Lundi apr\u00e8s-midi, Thyssenkrupp a inform\u00e9 de ses projets de r\u00e9organisation strat\u00e9gique du groupe. Dans le m\u00eame temps, les march\u00e9s","robots":{"index":"index","follow":"follow","max-snippet":"max-snippet:-1","max-image-preview":"max-image-preview:large","max-video-preview":"max-video-preview:-1"},"canonical":"https:\/\/kloepfel-consulting.com\/fr\/actualites-de-la-chaine-dapprovisionnement\/thyssenkrupp-repositionnement-strategique-12081\/","og_locale":"fr_FR","og_type":"article","og_title":"Thyssenkrupp: Strategische Neuaufstellung","og_description":"Am Montagnachmittag informierte Thyssenkrupp \u00fcber Pl\u00e4ne zur strategischen Neuaufstellung des Konzerns. Gleichzeitig entwickelten sich in der Wirtschaft und in den Medien Zerschlagungsger\u00fcchte.","og_url":"https:\/\/kloepfel-consulting.com\/fr\/actualites-de-la-chaine-dapprovisionnement\/thyssenkrupp-repositionnement-strategique-12081\/","og_site_name":"KLOEPFEL by EPSA","article_publisher":"https:\/\/www.facebook.com\/KloepfelGroup","article_published_time":"2025-05-27T07:25:17+00:00","article_modified_time":"2025-08-27T09:25:17+00:00","og_image":[{"width":2200,"height":1608,"url":"https:\/\/kloepfel-consulting.com\/wp-content\/uploads\/2025\/07\/kloepfelgroup.webp","type":"image\/webp"}],"author":"semprediritto","twitter_card":"summary_large_image","twitter_title":"Thyssenkrupp: Strategische Neuaufstellung im Fokus","twitter_description":"Erfahren Sie mehr \u00fcber die Neuaufstellung von Thyssenkrupp und die aktuellen Entwicklungen!","twitter_misc":{"\u00c9crit par":"semprediritto","Dur\u00e9e de lecture estim\u00e9e":"2 minutes"},"schema":{"@context":"https:\/\/schema.org","@graph":[{"@type":"Article","@id":"https:\/\/kloepfel-consulting.com\/supply-chain-news\/thyssenkrupp-strategische-neuaufstellung-12081\/#article","isPartOf":{"@id":"https:\/\/kloepfel-consulting.com\/supply-chain-news\/thyssenkrupp-strategische-neuaufstellung-12081\/"},"author":{"name":"semprediritto","@id":"https:\/\/kloepfel-consulting.com\/#\/schema\/person\/2691163984d9670e417622b00a4c0f26"},"headline":"Thyssenkrupp: Strategische Neuaufstellung","datePublished":"2025-05-27T07:25:17+00:00","dateModified":"2025-08-27T09:25:17+00:00","mainEntityOfPage":{"@id":"https:\/\/kloepfel-consulting.com\/supply-chain-news\/thyssenkrupp-strategische-neuaufstellung-12081\/"},"wordCount":309,"commentCount":0,"publisher":{"@id":"https:\/\/kloepfel-consulting.com\/#organization"},"image":{"@id":"https:\/\/kloepfel-consulting.com\/supply-chain-news\/thyssenkrupp-strategische-neuaufstellung-12081\/#primaryimage"},"thumbnailUrl":"https:\/\/kloepfel-consulting.com\/wp-content\/uploads\/2025\/08\/Thyssenkrupp.jpg","articleSection":["Supply Chain News"],"inLanguage":"fr-FR","potentialAction":[{"@type":"CommentAction","name":"Comment","target":["https:\/\/kloepfel-consulting.com\/supply-chain-news\/thyssenkrupp-strategische-neuaufstellung-12081\/#respond"]}],"copyrightYear":"2025","copyrightHolder":{"@id":"https:\/\/kloepfel-consulting.com\/fr\/#organization"}},{"@type":"WebPage","@id":"https:\/\/kloepfel-consulting.com\/supply-chain-news\/thyssenkrupp-strategische-neuaufstellung-12081\/","url":"https:\/\/kloepfel-consulting.com\/supply-chain-news\/thyssenkrupp-strategische-neuaufstellung-12081\/","name":"Thyssenkrupp : r\u00e9organisation strat\u00e9gique","isPartOf":{"@id":"https:\/\/kloepfel-consulting.com\/#website"},"primaryImageOfPage":{"@id":"https:\/\/kloepfel-consulting.com\/supply-chain-news\/thyssenkrupp-strategische-neuaufstellung-12081\/#primaryimage"},"image":{"@id":"https:\/\/kloepfel-consulting.com\/supply-chain-news\/thyssenkrupp-strategische-neuaufstellung-12081\/#primaryimage"},"thumbnailUrl":"https:\/\/kloepfel-consulting.com\/wp-content\/uploads\/2025\/08\/Thyssenkrupp.jpg","datePublished":"2025-05-27T07:25:17+00:00","dateModified":"2025-08-27T09:25:17+00:00","description":"Lundi apr\u00e8s-midi, Thyssenkrupp a inform\u00e9 de ses projets de r\u00e9organisation strat\u00e9gique du groupe. Dans le m\u00eame temps, les march\u00e9s","breadcrumb":{"@id":"https:\/\/kloepfel-consulting.com\/supply-chain-news\/thyssenkrupp-strategische-neuaufstellung-12081\/#breadcrumb"},"inLanguage":"fr-FR","potentialAction":[{"@type":"ReadAction","target":["https:\/\/kloepfel-consulting.com\/supply-chain-news\/thyssenkrupp-strategische-neuaufstellung-12081\/"]}]},{"@type":"ImageObject","inLanguage":"fr-FR","@id":"https:\/\/kloepfel-consulting.com\/supply-chain-news\/thyssenkrupp-strategische-neuaufstellung-12081\/#primaryimage","url":"https:\/\/kloepfel-consulting.com\/wp-content\/uploads\/2025\/08\/Thyssenkrupp.jpg","contentUrl":"https:\/\/kloepfel-consulting.com\/wp-content\/uploads\/2025\/08\/Thyssenkrupp.jpg","width":450,"height":300,"caption":"B\u00fcrogeb\u00e4ude von Thyssenkrupp mit innovativem Design."},{"@type":"BreadcrumbList","@id":"https:\/\/kloepfel-consulting.com\/supply-chain-news\/thyssenkrupp-strategische-neuaufstellung-12081\/#breadcrumb","itemListElement":[{"@type":"ListItem","position":1,"name":"Startseite","item":"https:\/\/kloepfel-consulting.com\/"},{"@type":"ListItem","position":2,"name":"Logistikoptimierung","item":"https:\/\/kloepfel-consulting.com\/zuordnung-landingpage\/logistikoptimierung\/"},{"@type":"ListItem","position":3,"name":"Thyssenkrupp: Strategische Neuaufstellung"}]},{"@type":"WebSite","@id":"https:\/\/kloepfel-consulting.com\/#website","url":"https:\/\/kloepfel-consulting.com\/","name":"KLOEPFEL by EPSA","description":"","publisher":{"@id":"https:\/\/kloepfel-consulting.com\/#organization"},"alternateName":"KLOEPFELbyEPSA","potentialAction":[{"@type":"SearchAction","target":{"@type":"EntryPoint","urlTemplate":"https:\/\/kloepfel-consulting.com\/?s={search_term_string}"},"query-input":{"@type":"PropertyValueSpecification","valueRequired":true,"valueName":"search_term_string"}}],"inLanguage":"fr-FR"},{"@type":"Organization","@id":"https:\/\/kloepfel-consulting.com\/#organization","name":"KLOEPFEL by EPSA","alternateName":"KLOEPFELbyEPSA","url":"https:\/\/kloepfel-consulting.com\/","logo":{"@type":"ImageObject","inLanguage":"fr-FR","@id":"https:\/\/kloepfel-consulting.com\/#\/schema\/logo\/image\/","url":"https:\/\/kloepfel-consulting.com\/wp-content\/uploads\/2025\/04\/logo.webp","contentUrl":"https:\/\/kloepfel-consulting.com\/wp-content\/uploads\/2025\/04\/logo.webp","width":616,"height":284,"caption":"KLOEPFEL by EPSA"},"image":{"@id":"https:\/\/kloepfel-consulting.com\/#\/schema\/logo\/image\/"},"sameAs":["https:\/\/www.facebook.com\/KloepfelGroup","https:\/\/www.linkedin.com\/company\/kloepfel-consulting-gmbh","https:\/\/www.instagram.com\/kloepfel_by_epsa\/"],"description":"Conseil d'achat pour l'approvisionnement, la logistique et la cha\u00eene d'approvisionnement","email":"info@kloepfel-consulting.com","telephone":"+4921194198433","legalName":"Kloepfel Consulting GmbH","foundingDate":"2007-02-01","vatID":"DE254132249","numberOfEmployees":{"@type":"QuantitativeValue","minValue":"51","maxValue":"200"}},{"@type":"Person","@id":"https:\/\/kloepfel-consulting.com\/#\/schema\/person\/2691163984d9670e417622b00a4c0f26","name":"Toujours le droit","image":{"@type":"ImageObject","inLanguage":"fr-FR","@id":"https:\/\/secure.gravatar.com\/avatar\/878f3ddb8fa2117ffa32d8a3152e4368517da61e3b89dd9bbfe39501477bf1f1?s=96&d=mm&r=g","url":"https:\/\/secure.gravatar.com\/avatar\/878f3ddb8fa2117ffa32d8a3152e4368517da61e3b89dd9bbfe39501477bf1f1?s=96&d=mm&r=g","contentUrl":"https:\/\/secure.gravatar.com\/avatar\/878f3ddb8fa2117ffa32d8a3152e4368517da61e3b89dd9bbfe39501477bf1f1?s=96&d=mm&r=g","caption":"semprediritto"},"sameAs":["https:\/\/kloepfel.sempre-diritto.de"]}]}},"_links":{"self":[{"href":"https:\/\/kloepfel-consulting.com\/fr\/wp-json\/wp\/v2\/posts\/12081","targetHints":{"allow":["GET"]}}],"collection":[{"href":"https:\/\/kloepfel-consulting.com\/fr\/wp-json\/wp\/v2\/posts"}],"about":[{"href":"https:\/\/kloepfel-consulting.com\/fr\/wp-json\/wp\/v2\/types\/post"}],"author":[{"embeddable":true,"href":"https:\/\/kloepfel-consulting.com\/fr\/wp-json\/wp\/v2\/users\/1"}],"replies":[{"embeddable":true,"href":"https:\/\/kloepfel-consulting.com\/fr\/wp-json\/wp\/v2\/comments?post=12081"}],"version-history":[{"count":3,"href":"https:\/\/kloepfel-consulting.com\/fr\/wp-json\/wp\/v2\/posts\/12081\/revisions"}],"predecessor-version":[{"id":20203,"href":"https:\/\/kloepfel-consulting.com\/fr\/wp-json\/wp\/v2\/posts\/12081\/revisions\/20203"}],"wp:featuredmedia":[{"embeddable":true,"href":"https:\/\/kloepfel-consulting.com\/fr\/wp-json\/wp\/v2\/media\/12082"}],"wp:attachment":[{"href":"https:\/\/kloepfel-consulting.com\/fr\/wp-json\/wp\/v2\/media?parent=12081"}],"wp:term":[{"taxonomy":"category","embeddable":true,"href":"https:\/\/kloepfel-consulting.com\/fr\/wp-json\/wp\/v2\/categories?post=12081"},{"taxonomy":"post_tag","embeddable":true,"href":"https:\/\/kloepfel-consulting.com\/fr\/wp-json\/wp\/v2\/tags?post=12081"},{"taxonomy":"referenzkategorie","embeddable":true,"href":"https:\/\/kloepfel-consulting.com\/fr\/wp-json\/wp\/v2\/referenzkategorie?post=12081"}],"curies":[{"name":"wp","href":"https:\/\/api.w.org\/{rel}","templated":true}]}}