{"id":12113,"date":"2025-08-04T09:25:18","date_gmt":"2025-08-04T07:25:18","guid":{"rendered":"https:\/\/kloepfel.sempre-diritto.de\/?p=12113"},"modified":"2025-08-27T11:25:18","modified_gmt":"2025-08-27T09:25:18","slug":"continental-aumovio-iaa","status":"publish","type":"post","link":"https:\/\/kloepfel-consulting.com\/fr\/supply-chain-news\/continental-aumovio-iaa-12113\/","title":{"rendered":"Continental pr\u00e9sente Aumovio \u00e0 l'IAA Mobility"},"content":{"rendered":"<h2>Nouvelle image de marque ax\u00e9e sur les technologies d'avenir<\/h2>\n<p><a href=\"https:\/\/kloepfel-consulting.com\/fr\/actualites-de-la-chaine-dapprovisionnement\/unternehmen\/continental-neuaufstellung-10518035\/\" target=\"_blank\">Continental<\/a> pr\u00e9sente lors de la prochaine <a href=\"https:\/\/kloepfel-consulting.com\/fr\/actualites-de-la-chaine-dapprovisionnement\/unternehmen\/continental-iaa-mobility-muenchen-6984860\/\" target=\"_blank\">IAA Mobility 2025<\/a> pr\u00e9sente pour la premi\u00e8re fois son activit\u00e9 automobile sous le nouveau nom de marque Aumovio. Le groupe traditionnel de Hanovre a publi\u00e9 un communiqu\u00e9 de presse \u00e0 ce sujet jeudi dernier.<\/p>\n<p>Continental affirme avoir regroup\u00e9 son expertise automobile dans l'entreprise technologique ind\u00e9pendante Aumovio.<\/p>\n<p>L'IAA Mobility se tiendra du 9 au 12 septembre \u00e0 Munich. Sur le stand d'Aumovio dans le hall B1 (Booth B01), le communiqu\u00e9 de presse indique que l'accent sera mis sur quatre domaines th\u00e9matiques : \u201esafe\u201c, \u201einspiring\u201c, \u201econnected\u201c et \u201eautonomous\u201c. Selon l'annonce, des technologies de freinage durables pour les v\u00e9hicules \u00e9lectriques, un syst\u00e8me \u00e9volutif de mat\u00e9riel et de logiciel pour la conduite assist\u00e9e et automatis\u00e9e et une cam\u00e9ra de vision nocturne bas\u00e9e sur l'IA y seront notamment pr\u00e9sent\u00e9s.<\/p>\n<p>\u201eIAA Mobility 2025\u201a est la plate-forme id\u00e9ale pour pr\u00e9senter AUMOVIO au monde de l'automobile, avec des produits particuli\u00e8rement int\u00e9ressants et des innovations exceptionnelles\u2018, explique Philipp von Hirschheydt, CEO d'Aumovio. <\/p>\n<p>Hirschheydt poursuit : \u201eNous avons regroup\u00e9 notre savoir-faire \u00e9prouv\u00e9 dans une entreprise focalis\u00e9e sur les technologies cl\u00e9s. En collaboration avec nos clients, nous pouvons concevoir la mobilit\u00e9 de demain de mani\u00e8re encore plus adapt\u00e9e et cr\u00e9er de la valeur\u201c.\u201c<\/p>","protected":false},"excerpt":{"rendered":"<p>Neuer Markenauftritt mit Fokus auf Zukunftstechnologien Continental stellt auf der kommenden IAA Mobility 2025 erstmals sein Automotive-Gesch\u00e4ft unter dem neuen Markennamen Aumovio vor. Dazu hat der Hannoveraner Traditionskonzern am vergangenen Donnerstag eine Pressemitteilung ver\u00f6ffentlicht. In dem eigenst\u00e4ndigen Technologieunternehmen Aumovio hat Continental nach eigener Aussage seine Automotive Expertise geb\u00fcndelt. Die IAA Mobility findet vom 9. bis [&hellip;]<\/p>\n","protected":false},"author":1,"featured_media":12114,"comment_status":"open","ping_status":"open","sticky":false,"template":"","format":"standard","meta":{"_acf_changed":false,"footnotes":""},"categories":[88],"tags":[],"referenzkategorie":[],"class_list":["post-12113","post","type-post","status-publish","format-standard","has-post-thumbnail","hentry","category-supply-chain-news"],"acf":[],"yoast_head":"<!-- This site is optimized with the Yoast SEO Premium plugin v27.5 (Yoast SEO v27.5) - https:\/\/yoast.com\/product\/yoast-seo-premium-wordpress\/ -->\n<title>Continental pr\u00e4sentiert Aumovio auf der IAA Mobility<\/title>\n<meta name=\"description\" content=\"Continental stellt auf der kommenden IAA Mobility 2025 erstmals sein Automotive-Gesch\u00e4ft unter dem neuen Markennamen Aumovio vor. Dazu h\" \/>\n<meta name=\"robots\" content=\"index, follow, max-snippet:-1, max-image-preview:large, max-video-preview:-1\" \/>\n<link rel=\"canonical\" href=\"https:\/\/kloepfel-consulting.com\/fr\/actualites-de-la-chaine-dapprovisionnement\/continental-aumovio-iaa-12113\/\" \/>\n<meta property=\"og:locale\" content=\"fr_FR\" \/>\n<meta property=\"og:type\" content=\"article\" \/>\n<meta property=\"og:title\" content=\"Continental pr\u00e4sentiert Aumovio auf der IAA Mobility\" \/>\n<meta property=\"og:description\" content=\"Continental stellt auf der kommenden IAA Mobility 2025 erstmals sein Automotive-Gesch\u00e4ft unter dem neuen Markennamen Aumovio vor. Dazu hat der Hannoveraner Traditionskonzern am vergangenen Donnerstag eine Pressemitteilung ver\u00f6ffentlicht.\" \/>\n<meta property=\"og:url\" content=\"https:\/\/kloepfel-consulting.com\/fr\/actualites-de-la-chaine-dapprovisionnement\/continental-aumovio-iaa-12113\/\" \/>\n<meta property=\"og:site_name\" content=\"KLOEPFEL by EPSA\" \/>\n<meta property=\"article:publisher\" content=\"https:\/\/www.facebook.com\/KloepfelGroup\" \/>\n<meta property=\"article:published_time\" content=\"2025-08-04T07:25:18+00:00\" \/>\n<meta property=\"article:modified_time\" content=\"2025-08-27T09:25:18+00:00\" \/>\n<meta property=\"og:image\" content=\"https:\/\/kloepfel-consulting.com\/wp-content\/uploads\/2025\/07\/kloepfelgroup.webp\" \/>\n\t<meta property=\"og:image:width\" content=\"2200\" \/>\n\t<meta property=\"og:image:height\" content=\"1608\" \/>\n\t<meta property=\"og:image:type\" content=\"image\/webp\" \/>\n<meta name=\"author\" content=\"semprediritto\" \/>\n<meta name=\"twitter:card\" content=\"summary_large_image\" \/>\n<meta name=\"twitter:title\" content=\"Aumovio auf der IAA Mobility 2025\" \/>\n<meta name=\"twitter:description\" content=\"Besuchen Sie Aumovio auf der IAA Mobility 2025 in Halle B1!\" \/>\n<meta name=\"twitter:label1\" content=\"\u00c9crit par\" \/>\n\t<meta name=\"twitter:data1\" content=\"semprediritto\" \/>\n\t<meta name=\"twitter:label2\" content=\"Dur\u00e9e de lecture estim\u00e9e\" \/>\n\t<meta name=\"twitter:data2\" content=\"2 minutes\" \/>\n<script type=\"application\/ld+json\" class=\"yoast-schema-graph\">{\"@context\":\"https:\\\/\\\/schema.org\",\"@graph\":[{\"@type\":\"Article\",\"@id\":\"https:\\\/\\\/kloepfel-consulting.com\\\/supply-chain-news\\\/continental-aumovio-iaa-12113\\\/#article\",\"isPartOf\":{\"@id\":\"https:\\\/\\\/kloepfel-consulting.com\\\/supply-chain-news\\\/continental-aumovio-iaa-12113\\\/\"},\"author\":{\"name\":\"semprediritto\",\"@id\":\"https:\\\/\\\/kloepfel-consulting.com\\\/#\\\/schema\\\/person\\\/2691163984d9670e417622b00a4c0f26\"},\"headline\":\"Continental pr\u00e4sentiert Aumovio auf der IAA Mobility\",\"datePublished\":\"2025-08-04T07:25:18+00:00\",\"dateModified\":\"2025-08-27T09:25:18+00:00\",\"mainEntityOfPage\":{\"@id\":\"https:\\\/\\\/kloepfel-consulting.com\\\/supply-chain-news\\\/continental-aumovio-iaa-12113\\\/\"},\"wordCount\":189,\"commentCount\":0,\"publisher\":{\"@id\":\"https:\\\/\\\/kloepfel-consulting.com\\\/#organization\"},\"image\":{\"@id\":\"https:\\\/\\\/kloepfel-consulting.com\\\/supply-chain-news\\\/continental-aumovio-iaa-12113\\\/#primaryimage\"},\"thumbnailUrl\":\"https:\\\/\\\/kloepfel-consulting.com\\\/wp-content\\\/uploads\\\/2025\\\/08\\\/aumovio_at_iaa_mobility_2025-scaled-1.jpg\",\"articleSection\":[\"Supply Chain News\"],\"inLanguage\":\"fr-FR\",\"potentialAction\":[{\"@type\":\"CommentAction\",\"name\":\"Comment\",\"target\":[\"https:\\\/\\\/kloepfel-consulting.com\\\/supply-chain-news\\\/continental-aumovio-iaa-12113\\\/#respond\"]}],\"copyrightYear\":\"2025\",\"copyrightHolder\":{\"@id\":\"https:\\\/\\\/kloepfel-consulting.com\\\/fr\\\/#organization\"}},{\"@type\":\"WebPage\",\"@id\":\"https:\\\/\\\/kloepfel-consulting.com\\\/supply-chain-news\\\/continental-aumovio-iaa-12113\\\/\",\"url\":\"https:\\\/\\\/kloepfel-consulting.com\\\/supply-chain-news\\\/continental-aumovio-iaa-12113\\\/\",\"name\":\"Continental pr\u00e4sentiert Aumovio auf der IAA Mobility\",\"isPartOf\":{\"@id\":\"https:\\\/\\\/kloepfel-consulting.com\\\/#website\"},\"primaryImageOfPage\":{\"@id\":\"https:\\\/\\\/kloepfel-consulting.com\\\/supply-chain-news\\\/continental-aumovio-iaa-12113\\\/#primaryimage\"},\"image\":{\"@id\":\"https:\\\/\\\/kloepfel-consulting.com\\\/supply-chain-news\\\/continental-aumovio-iaa-12113\\\/#primaryimage\"},\"thumbnailUrl\":\"https:\\\/\\\/kloepfel-consulting.com\\\/wp-content\\\/uploads\\\/2025\\\/08\\\/aumovio_at_iaa_mobility_2025-scaled-1.jpg\",\"datePublished\":\"2025-08-04T07:25:18+00:00\",\"dateModified\":\"2025-08-27T09:25:18+00:00\",\"description\":\"Continental stellt auf der kommenden IAA Mobility 2025 erstmals sein Automotive-Gesch\u00e4ft unter dem neuen Markennamen Aumovio vor. Dazu h\",\"breadcrumb\":{\"@id\":\"https:\\\/\\\/kloepfel-consulting.com\\\/supply-chain-news\\\/continental-aumovio-iaa-12113\\\/#breadcrumb\"},\"inLanguage\":\"fr-FR\",\"potentialAction\":[{\"@type\":\"ReadAction\",\"target\":[\"https:\\\/\\\/kloepfel-consulting.com\\\/supply-chain-news\\\/continental-aumovio-iaa-12113\\\/\"]}]},{\"@type\":\"ImageObject\",\"inLanguage\":\"fr-FR\",\"@id\":\"https:\\\/\\\/kloepfel-consulting.com\\\/supply-chain-news\\\/continental-aumovio-iaa-12113\\\/#primaryimage\",\"url\":\"https:\\\/\\\/kloepfel-consulting.com\\\/wp-content\\\/uploads\\\/2025\\\/08\\\/aumovio_at_iaa_mobility_2025-scaled-1.jpg\",\"contentUrl\":\"https:\\\/\\\/kloepfel-consulting.com\\\/wp-content\\\/uploads\\\/2025\\\/08\\\/aumovio_at_iaa_mobility_2025-scaled-1.jpg\",\"width\":2560,\"height\":1955,\"caption\":\"AUMOVIO Messestand mit interaktiven Ausstellungsfl\u00e4chen.\"},{\"@type\":\"BreadcrumbList\",\"@id\":\"https:\\\/\\\/kloepfel-consulting.com\\\/supply-chain-news\\\/continental-aumovio-iaa-12113\\\/#breadcrumb\",\"itemListElement\":[{\"@type\":\"ListItem\",\"position\":1,\"name\":\"Startseite\",\"item\":\"https:\\\/\\\/kloepfel-consulting.com\\\/\"},{\"@type\":\"ListItem\",\"position\":2,\"name\":\"Logistikoptimierung\",\"item\":\"https:\\\/\\\/kloepfel-consulting.com\\\/zuordnung-landingpage\\\/logistikoptimierung\\\/\"},{\"@type\":\"ListItem\",\"position\":3,\"name\":\"Continental pr\u00e4sentiert Aumovio auf der IAA Mobility\"}]},{\"@type\":\"WebSite\",\"@id\":\"https:\\\/\\\/kloepfel-consulting.com\\\/#website\",\"url\":\"https:\\\/\\\/kloepfel-consulting.com\\\/\",\"name\":\"KLOEPFEL by EPSA\",\"description\":\"\",\"publisher\":{\"@id\":\"https:\\\/\\\/kloepfel-consulting.com\\\/#organization\"},\"alternateName\":\"KLOEPFELbyEPSA\",\"potentialAction\":[{\"@type\":\"SearchAction\",\"target\":{\"@type\":\"EntryPoint\",\"urlTemplate\":\"https:\\\/\\\/kloepfel-consulting.com\\\/?s={search_term_string}\"},\"query-input\":{\"@type\":\"PropertyValueSpecification\",\"valueRequired\":true,\"valueName\":\"search_term_string\"}}],\"inLanguage\":\"fr-FR\"},{\"@type\":\"Organization\",\"@id\":\"https:\\\/\\\/kloepfel-consulting.com\\\/#organization\",\"name\":\"KLOEPFEL by EPSA\",\"alternateName\":\"KLOEPFELbyEPSA\",\"url\":\"https:\\\/\\\/kloepfel-consulting.com\\\/\",\"logo\":{\"@type\":\"ImageObject\",\"inLanguage\":\"fr-FR\",\"@id\":\"https:\\\/\\\/kloepfel-consulting.com\\\/#\\\/schema\\\/logo\\\/image\\\/\",\"url\":\"https:\\\/\\\/kloepfel-consulting.com\\\/wp-content\\\/uploads\\\/2025\\\/04\\\/logo.webp\",\"contentUrl\":\"https:\\\/\\\/kloepfel-consulting.com\\\/wp-content\\\/uploads\\\/2025\\\/04\\\/logo.webp\",\"width\":616,\"height\":284,\"caption\":\"KLOEPFEL by EPSA\"},\"image\":{\"@id\":\"https:\\\/\\\/kloepfel-consulting.com\\\/#\\\/schema\\\/logo\\\/image\\\/\"},\"sameAs\":[\"https:\\\/\\\/www.facebook.com\\\/KloepfelGroup\",\"https:\\\/\\\/www.linkedin.com\\\/company\\\/kloepfel-consulting-gmbh\",\"https:\\\/\\\/www.instagram.com\\\/kloepfel_by_epsa\\\/\"],\"description\":\"Einkaufsberatung f\u00fcr Einkauf, Logistik und Supply Chain\",\"email\":\"info@kloepfel-consulting.com\",\"telephone\":\"+4921194198433\",\"legalName\":\"Kloepfel Consulting GmbH\",\"foundingDate\":\"2007-02-01\",\"vatID\":\"DE254132249\",\"numberOfEmployees\":{\"@type\":\"QuantitativeValue\",\"minValue\":\"51\",\"maxValue\":\"200\"}},{\"@type\":\"Person\",\"@id\":\"https:\\\/\\\/kloepfel-consulting.com\\\/#\\\/schema\\\/person\\\/2691163984d9670e417622b00a4c0f26\",\"name\":\"semprediritto\",\"image\":{\"@type\":\"ImageObject\",\"inLanguage\":\"fr-FR\",\"@id\":\"https:\\\/\\\/secure.gravatar.com\\\/avatar\\\/878f3ddb8fa2117ffa32d8a3152e4368517da61e3b89dd9bbfe39501477bf1f1?s=96&d=mm&r=g\",\"url\":\"https:\\\/\\\/secure.gravatar.com\\\/avatar\\\/878f3ddb8fa2117ffa32d8a3152e4368517da61e3b89dd9bbfe39501477bf1f1?s=96&d=mm&r=g\",\"contentUrl\":\"https:\\\/\\\/secure.gravatar.com\\\/avatar\\\/878f3ddb8fa2117ffa32d8a3152e4368517da61e3b89dd9bbfe39501477bf1f1?s=96&d=mm&r=g\",\"caption\":\"semprediritto\"},\"sameAs\":[\"https:\\\/\\\/kloepfel.sempre-diritto.de\"]}]}<\/script>\n<!-- \/ Yoast SEO Premium plugin. -->","yoast_head_json":{"title":"Continental pr\u00e9sente Aumovio \u00e0 l'IAA Mobility","description":"\u00c0 l'occasion du prochain salon IAA Mobility 2025, Continental pr\u00e9sentera pour la premi\u00e8re fois son activit\u00e9 automobile sous le nouveau nom de marque Aumovio. Pour ce faire, h","robots":{"index":"index","follow":"follow","max-snippet":"max-snippet:-1","max-image-preview":"max-image-preview:large","max-video-preview":"max-video-preview:-1"},"canonical":"https:\/\/kloepfel-consulting.com\/fr\/actualites-de-la-chaine-dapprovisionnement\/continental-aumovio-iaa-12113\/","og_locale":"fr_FR","og_type":"article","og_title":"Continental pr\u00e4sentiert Aumovio auf der IAA Mobility","og_description":"Continental stellt auf der kommenden IAA Mobility 2025 erstmals sein Automotive-Gesch\u00e4ft unter dem neuen Markennamen Aumovio vor. Dazu hat der Hannoveraner Traditionskonzern am vergangenen Donnerstag eine Pressemitteilung ver\u00f6ffentlicht.","og_url":"https:\/\/kloepfel-consulting.com\/fr\/actualites-de-la-chaine-dapprovisionnement\/continental-aumovio-iaa-12113\/","og_site_name":"KLOEPFEL by EPSA","article_publisher":"https:\/\/www.facebook.com\/KloepfelGroup","article_published_time":"2025-08-04T07:25:18+00:00","article_modified_time":"2025-08-27T09:25:18+00:00","og_image":[{"width":2200,"height":1608,"url":"https:\/\/kloepfel-consulting.com\/wp-content\/uploads\/2025\/07\/kloepfelgroup.webp","type":"image\/webp"}],"author":"semprediritto","twitter_card":"summary_large_image","twitter_title":"Aumovio auf der IAA Mobility 2025","twitter_description":"Besuchen Sie Aumovio auf der IAA Mobility 2025 in Halle B1!","twitter_misc":{"\u00c9crit par":"semprediritto","Dur\u00e9e de lecture estim\u00e9e":"2 minutes"},"schema":{"@context":"https:\/\/schema.org","@graph":[{"@type":"Article","@id":"https:\/\/kloepfel-consulting.com\/supply-chain-news\/continental-aumovio-iaa-12113\/#article","isPartOf":{"@id":"https:\/\/kloepfel-consulting.com\/supply-chain-news\/continental-aumovio-iaa-12113\/"},"author":{"name":"semprediritto","@id":"https:\/\/kloepfel-consulting.com\/#\/schema\/person\/2691163984d9670e417622b00a4c0f26"},"headline":"Continental pr\u00e4sentiert Aumovio auf der IAA Mobility","datePublished":"2025-08-04T07:25:18+00:00","dateModified":"2025-08-27T09:25:18+00:00","mainEntityOfPage":{"@id":"https:\/\/kloepfel-consulting.com\/supply-chain-news\/continental-aumovio-iaa-12113\/"},"wordCount":189,"commentCount":0,"publisher":{"@id":"https:\/\/kloepfel-consulting.com\/#organization"},"image":{"@id":"https:\/\/kloepfel-consulting.com\/supply-chain-news\/continental-aumovio-iaa-12113\/#primaryimage"},"thumbnailUrl":"https:\/\/kloepfel-consulting.com\/wp-content\/uploads\/2025\/08\/aumovio_at_iaa_mobility_2025-scaled-1.jpg","articleSection":["Supply Chain News"],"inLanguage":"fr-FR","potentialAction":[{"@type":"CommentAction","name":"Comment","target":["https:\/\/kloepfel-consulting.com\/supply-chain-news\/continental-aumovio-iaa-12113\/#respond"]}],"copyrightYear":"2025","copyrightHolder":{"@id":"https:\/\/kloepfel-consulting.com\/fr\/#organization"}},{"@type":"WebPage","@id":"https:\/\/kloepfel-consulting.com\/supply-chain-news\/continental-aumovio-iaa-12113\/","url":"https:\/\/kloepfel-consulting.com\/supply-chain-news\/continental-aumovio-iaa-12113\/","name":"Continental pr\u00e9sente Aumovio \u00e0 l'IAA Mobility","isPartOf":{"@id":"https:\/\/kloepfel-consulting.com\/#website"},"primaryImageOfPage":{"@id":"https:\/\/kloepfel-consulting.com\/supply-chain-news\/continental-aumovio-iaa-12113\/#primaryimage"},"image":{"@id":"https:\/\/kloepfel-consulting.com\/supply-chain-news\/continental-aumovio-iaa-12113\/#primaryimage"},"thumbnailUrl":"https:\/\/kloepfel-consulting.com\/wp-content\/uploads\/2025\/08\/aumovio_at_iaa_mobility_2025-scaled-1.jpg","datePublished":"2025-08-04T07:25:18+00:00","dateModified":"2025-08-27T09:25:18+00:00","description":"\u00c0 l'occasion du prochain salon IAA Mobility 2025, Continental pr\u00e9sentera pour la premi\u00e8re fois son activit\u00e9 automobile sous le nouveau nom de marque Aumovio. Pour ce faire, h","breadcrumb":{"@id":"https:\/\/kloepfel-consulting.com\/supply-chain-news\/continental-aumovio-iaa-12113\/#breadcrumb"},"inLanguage":"fr-FR","potentialAction":[{"@type":"ReadAction","target":["https:\/\/kloepfel-consulting.com\/supply-chain-news\/continental-aumovio-iaa-12113\/"]}]},{"@type":"ImageObject","inLanguage":"fr-FR","@id":"https:\/\/kloepfel-consulting.com\/supply-chain-news\/continental-aumovio-iaa-12113\/#primaryimage","url":"https:\/\/kloepfel-consulting.com\/wp-content\/uploads\/2025\/08\/aumovio_at_iaa_mobility_2025-scaled-1.jpg","contentUrl":"https:\/\/kloepfel-consulting.com\/wp-content\/uploads\/2025\/08\/aumovio_at_iaa_mobility_2025-scaled-1.jpg","width":2560,"height":1955,"caption":"AUMOVIO Messestand mit interaktiven Ausstellungsfl\u00e4chen."},{"@type":"BreadcrumbList","@id":"https:\/\/kloepfel-consulting.com\/supply-chain-news\/continental-aumovio-iaa-12113\/#breadcrumb","itemListElement":[{"@type":"ListItem","position":1,"name":"Startseite","item":"https:\/\/kloepfel-consulting.com\/"},{"@type":"ListItem","position":2,"name":"Logistikoptimierung","item":"https:\/\/kloepfel-consulting.com\/zuordnung-landingpage\/logistikoptimierung\/"},{"@type":"ListItem","position":3,"name":"Continental pr\u00e4sentiert Aumovio auf der IAA Mobility"}]},{"@type":"WebSite","@id":"https:\/\/kloepfel-consulting.com\/#website","url":"https:\/\/kloepfel-consulting.com\/","name":"KLOEPFEL by EPSA","description":"","publisher":{"@id":"https:\/\/kloepfel-consulting.com\/#organization"},"alternateName":"KLOEPFELbyEPSA","potentialAction":[{"@type":"SearchAction","target":{"@type":"EntryPoint","urlTemplate":"https:\/\/kloepfel-consulting.com\/?s={search_term_string}"},"query-input":{"@type":"PropertyValueSpecification","valueRequired":true,"valueName":"search_term_string"}}],"inLanguage":"fr-FR"},{"@type":"Organization","@id":"https:\/\/kloepfel-consulting.com\/#organization","name":"KLOEPFEL by EPSA","alternateName":"KLOEPFELbyEPSA","url":"https:\/\/kloepfel-consulting.com\/","logo":{"@type":"ImageObject","inLanguage":"fr-FR","@id":"https:\/\/kloepfel-consulting.com\/#\/schema\/logo\/image\/","url":"https:\/\/kloepfel-consulting.com\/wp-content\/uploads\/2025\/04\/logo.webp","contentUrl":"https:\/\/kloepfel-consulting.com\/wp-content\/uploads\/2025\/04\/logo.webp","width":616,"height":284,"caption":"KLOEPFEL by EPSA"},"image":{"@id":"https:\/\/kloepfel-consulting.com\/#\/schema\/logo\/image\/"},"sameAs":["https:\/\/www.facebook.com\/KloepfelGroup","https:\/\/www.linkedin.com\/company\/kloepfel-consulting-gmbh","https:\/\/www.instagram.com\/kloepfel_by_epsa\/"],"description":"Conseil d'achat pour l'approvisionnement, la logistique et la cha\u00eene d'approvisionnement","email":"info@kloepfel-consulting.com","telephone":"+4921194198433","legalName":"Kloepfel Consulting GmbH","foundingDate":"2007-02-01","vatID":"DE254132249","numberOfEmployees":{"@type":"QuantitativeValue","minValue":"51","maxValue":"200"}},{"@type":"Person","@id":"https:\/\/kloepfel-consulting.com\/#\/schema\/person\/2691163984d9670e417622b00a4c0f26","name":"Toujours le droit","image":{"@type":"ImageObject","inLanguage":"fr-FR","@id":"https:\/\/secure.gravatar.com\/avatar\/878f3ddb8fa2117ffa32d8a3152e4368517da61e3b89dd9bbfe39501477bf1f1?s=96&d=mm&r=g","url":"https:\/\/secure.gravatar.com\/avatar\/878f3ddb8fa2117ffa32d8a3152e4368517da61e3b89dd9bbfe39501477bf1f1?s=96&d=mm&r=g","contentUrl":"https:\/\/secure.gravatar.com\/avatar\/878f3ddb8fa2117ffa32d8a3152e4368517da61e3b89dd9bbfe39501477bf1f1?s=96&d=mm&r=g","caption":"semprediritto"},"sameAs":["https:\/\/kloepfel.sempre-diritto.de"]}]}},"_links":{"self":[{"href":"https:\/\/kloepfel-consulting.com\/fr\/wp-json\/wp\/v2\/posts\/12113","targetHints":{"allow":["GET"]}}],"collection":[{"href":"https:\/\/kloepfel-consulting.com\/fr\/wp-json\/wp\/v2\/posts"}],"about":[{"href":"https:\/\/kloepfel-consulting.com\/fr\/wp-json\/wp\/v2\/types\/post"}],"author":[{"embeddable":true,"href":"https:\/\/kloepfel-consulting.com\/fr\/wp-json\/wp\/v2\/users\/1"}],"replies":[{"embeddable":true,"href":"https:\/\/kloepfel-consulting.com\/fr\/wp-json\/wp\/v2\/comments?post=12113"}],"version-history":[{"count":2,"href":"https:\/\/kloepfel-consulting.com\/fr\/wp-json\/wp\/v2\/posts\/12113\/revisions"}],"predecessor-version":[{"id":14743,"href":"https:\/\/kloepfel-consulting.com\/fr\/wp-json\/wp\/v2\/posts\/12113\/revisions\/14743"}],"wp:featuredmedia":[{"embeddable":true,"href":"https:\/\/kloepfel-consulting.com\/fr\/wp-json\/wp\/v2\/media\/12114"}],"wp:attachment":[{"href":"https:\/\/kloepfel-consulting.com\/fr\/wp-json\/wp\/v2\/media?parent=12113"}],"wp:term":[{"taxonomy":"category","embeddable":true,"href":"https:\/\/kloepfel-consulting.com\/fr\/wp-json\/wp\/v2\/categories?post=12113"},{"taxonomy":"post_tag","embeddable":true,"href":"https:\/\/kloepfel-consulting.com\/fr\/wp-json\/wp\/v2\/tags?post=12113"},{"taxonomy":"referenzkategorie","embeddable":true,"href":"https:\/\/kloepfel-consulting.com\/fr\/wp-json\/wp\/v2\/referenzkategorie?post=12113"}],"curies":[{"name":"wp","href":"https:\/\/api.w.org\/{rel}","templated":true}]}}